{"id":20951,"date":"2020-06-15T12:33:22","date_gmt":"2020-06-15T16:33:22","guid":{"rendered":"https:\/\/portal.sma.gob.cl\/?p=20951"},"modified":"2020-06-15T12:33:22","modified_gmt":"2020-06-15T16:33:22","slug":"maule-sma-formula-cargos-contra-vina-astaburuaga","status":"publish","type":"post","link":"https:\/\/portal.sma.gob.cl\/index.php\/maule-sma-formula-cargos-contra-vina-astaburuaga\/","title":{"rendered":"Maule: SMA formula cargos contra Vi\u00f1a Astaburuaga"},"content":{"rendered":"<p><strong>Tras una denuncia ciudadana, la Superintendencia del Medio Ambiente constat\u00f3, entre otros hallazgos, que el sistema de tratamiento de RILes implementado por la empresa difiere del dise\u00f1o evaluado ambientalmente.<\/strong><\/p>\n<p><strong>Talca, 15 de junio de 2020.-<\/strong> La Superintendencia del Medio Ambiente (SMA) formul\u00f3 cargos en contra de Sebasti\u00e1n Astaburuaga y Compa\u00f1\u00eda S.A., titular del proyecto \u201cVi\u00f1a Sebasti\u00e1n Astaburuaga\u201d, ubicado en el fundo Santa Rosa, comuna de Sagrada Familia, en la Regi\u00f3n del Maule.<\/p>\n<p>Seg\u00fan explic\u00f3 la jefa de la oficina regional del Maule, Mariela Valenzuela, en virtud de una denuncia ciudadana, la SMA procedi\u00f3 a realizar actividades de fiscalizaci\u00f3n a trav\u00e9s de esta oficina y la Seremi de Salud de la regi\u00f3n.<\/p>\n<p>A\u00f1adi\u00f3 que producto de dichas gestiones, y luego de un an\u00e1lisis de los antecedentes levantados, esta Superintendencia decidi\u00f3 a formular seis cargos. \u201cEl primero consiste en que el sistema de tratamiento de Residuos Industriales L\u00edquidos (RILes) implementado difiere del dise\u00f1o evaluado ambientalmente, pues se constat\u00f3 que cuenta con un solo pozo decantador en lugar de dos; y tampoco dispone de una cancha de secado de lodos impermeabilizada con geomembrana de 1 mil\u00edmetro\u201d.<\/p>\n<p>En relaci\u00f3n con el segundo cargo -continu\u00f3- se detect\u00f3 que el titular del proyecto supera el volumen de disposici\u00f3n de RILes en hasta un 77% respecto del volumen m\u00e1ximo autorizado, en per\u00edodo de vendimia, a la vez que su disposici\u00f3n se realiza en forma concentrada en una superficie de 4 hect\u00e1reas, la cual es menor que el \u00e1rea considerada en la evaluaci\u00f3n ambiental.<\/p>\n<p>Asimismo, se detect\u00f3 que el titular del proyecto no acredit\u00f3 la realizaci\u00f3n de los monitoreos correspondientes entre febrero y abril del 2018.<\/p>\n<p>En tanto, el cuarto cargo tiene relaci\u00f3n con la superaci\u00f3n de los par\u00e1metros de Nitr\u00f3geno Total (entre enero y marzo de 2018) y s\u00f3lidos suspendidos totales (en los meses de enero, marzo, mayo, junio y julio de 2018).<\/p>\n<p>A lo anterior se suma que se detect\u00f3 la existencia de un punto de descarga de Residuos Industriales L\u00edquidos no autorizado, que puede descargar residuos l\u00edquidos no tratados provenientes de los sectores de proceso de la Vi\u00f1a Astaburuaga.<\/p>\n<p>Otra de los cargos imputados por la SMA dice relaci\u00f3n con la falta de presentaci\u00f3n por parte del titular del proyecto, de los informes asociados al Programa de Autocontrol descritos en la RCA N\u00b0170\/2011.<\/p>\n<p>Sobre la base de los antecedentes que se comprobaron al momento de la emisi\u00f3n, los cargos 1\u00b0,2\u00b0 y 5\u00b0 fueron clasificados como graves, y el cargo 3\u00b0, 4\u00b0 y 6 como leves, por lo que la planta podr\u00eda ser objeto de revocaci\u00f3n de la RCA, clausura, o multa de hasta 5.000 UTA por cada infracci\u00f3n grave y 1.000 UTA por cada leve.<\/p>\n<p>Tras la notificaci\u00f3n de formulaci\u00f3n de cargos, el infractor tendr\u00e1 un plazo de 10 d\u00edas h\u00e1biles para presentar un Programa de Cumplimiento y de 15 para presentar sus Descargos.<\/p>\n<p>Para mayor detalle, acceder a la formulaci\u00f3n de cargos en el Sistema Nacional de Informaci\u00f3n de Fiscalizaci\u00f3n Ambiental (SNIFA): <a href=\"https:\/\/snifa.sma.gob.cl\/Sancionatorio\/Ficha\/2231\">https:\/\/snifa.sma.gob.cl\/Sancionatorio\/Ficha\/2231<\/a><\/p>\n","protected":false},"excerpt":{"rendered":"<p>Tras una denuncia ciudadana, la Superintendencia del Medio Ambiente constat\u00f3, entre otros hallazgos, que el sistema de tratamiento de RILes implementado por la empresa difiere del dise\u00f1o evaluado ambientalmente. Talca, 15 de junio de 2020.- La Superintendencia del Medio Ambiente (SMA) formul\u00f3 cargos en contra de Sebasti\u00e1n Astaburuaga y Compa\u00f1\u00eda S.A., titular del proyecto \u201cVi\u00f1a Sebasti\u00e1n <a href=\"https:\/\/portal.sma.gob.cl\/index.php\/maule-sma-formula-cargos-contra-vina-astaburuaga\/\">Leer m\u00e1s<\/a><\/p>\n","protected":false},"author":8,"featured_media":20947,"comment_status":"open","ping_status":"open","sticky":false,"template":"","format":"standard","meta":{"footnotes":""},"categories":[90,107],"tags":[],"class_list":["post-20951","post","type-post","status-publish","format-standard","has-post-thumbnail","hentry","category-comunicados-noticias","category-destacado"],"_links":{"self":[{"href":"https:\/\/portal.sma.gob.cl\/index.php\/wp-json\/wp\/v2\/posts\/20951","targetHints":{"allow":["GET"]}}],"collection":[{"href":"https:\/\/portal.sma.gob.cl\/index.php\/wp-json\/wp\/v2\/posts"}],"about":[{"href":"https:\/\/portal.sma.gob.cl\/index.php\/wp-json\/wp\/v2\/types\/post"}],"author":[{"embeddable":true,"href":"https:\/\/portal.sma.gob.cl\/index.php\/wp-json\/wp\/v2\/users\/8"}],"replies":[{"embeddable":true,"href":"https:\/\/portal.sma.gob.cl\/index.php\/wp-json\/wp\/v2\/comments?post=20951"}],"version-history":[{"count":1,"href":"https:\/\/portal.sma.gob.cl\/index.php\/wp-json\/wp\/v2\/posts\/20951\/revisions"}],"predecessor-version":[{"id":20952,"href":"https:\/\/portal.sma.gob.cl\/index.php\/wp-json\/wp\/v2\/posts\/20951\/revisions\/20952"}],"wp:featuredmedia":[{"embeddable":true,"href":"https:\/\/portal.sma.gob.cl\/index.php\/wp-json\/wp\/v2\/media\/20947"}],"wp:attachment":[{"href":"https:\/\/portal.sma.gob.cl\/index.php\/wp-json\/wp\/v2\/media?parent=20951"}],"wp:term":[{"taxonomy":"category","embeddable":true,"href":"https:\/\/portal.sma.gob.cl\/index.php\/wp-json\/wp\/v2\/categories?post=20951"},{"taxonomy":"post_tag","embeddable":true,"href":"https:\/\/portal.sma.gob.cl\/index.php\/wp-json\/wp\/v2\/tags?post=20951"}],"curies":[{"name":"wp","href":"https:\/\/api.w.org\/{rel}","templated":true}]}}