{"id":20958,"date":"2020-06-16T18:01:03","date_gmt":"2020-06-16T22:01:03","guid":{"rendered":"https:\/\/portal.sma.gob.cl\/?p=20958"},"modified":"2020-06-16T18:05:45","modified_gmt":"2020-06-16T22:05:45","slug":"sma-extiende-plazo-para-registro-en-catastro-de-comerciantes-de-lena-y-artefactos-a-lena","status":"publish","type":"post","link":"https:\/\/portal.sma.gob.cl\/index.php\/sma-extiende-plazo-para-registro-en-catastro-de-comerciantes-de-lena-y-artefactos-a-lena\/","title":{"rendered":"SMA extiende plazo para registro en catastro de comerciantes de le\u00f1a y artefactos a le\u00f1a"},"content":{"rendered":"<p><strong>El llamado, busca contribuir en la elaboraci\u00f3n de ambos reportes y dar cumplimiento de las medidas existentes en los planes de prevenci\u00f3n y\/o descontaminaci\u00f3n en pro de mejorar la calidad del aire de la zona centro sur del pa\u00eds.<\/strong><\/p>\n<p><strong>Santiago, 16 de junio de 2020.-<\/strong> La Superintendencia del Medio Ambiente (SMA) extendi\u00f3 los plazos para que titulares del comercio de le\u00f1a se inscriban en el registro habilitado para estos fines. Esto, dispuesto en la Resoluci\u00f3n Exenta N\u00b0651\/2020, que dicta \u201cInstrucciones de car\u00e1cter general sobre catastro y deber de reporte para los titulares del comercio de le\u00f1a afectos a planes de prevenci\u00f3n y\/o descontaminaci\u00f3n que se indican\u201d. Medida que tambi\u00e9n se extendi\u00f3 al registro de artefactos a le\u00f1a, en busca de fortalecer el llamado a contribuir en la elaboraci\u00f3n de ambos catastros.<\/p>\n<p>En el caso del registro de artefactos de calefacci\u00f3n, cuyo plazo es hasta el 14 de julio pr\u00f3ximo, el objeto es contar con informaci\u00f3n respecto a los tipos de equipos disponibles en establecimientos comerciales, as\u00ed como organismos de administraci\u00f3n del Estado y municipales, debido a las prohibiciones y exigencias contemplados en los PPDA, que dicen relaci\u00f3n con la prohibici\u00f3n del uso de calefactores a le\u00f1a o reemplazo de los actuales equipos de calefacci\u00f3n a le\u00f1a por aquellos que utilicen combustibles menos contaminantes.<\/p>\n<p>En cuanto al catastro de comerciantes de le\u00f1a, el plazo es hasta el 30 de junio, lo que permite a la SMA no s\u00f3lo contar con una base de datos unificada a nivel nacional y un control permanente de la humedad de la le\u00f1a comercializada, sino tambi\u00e9n otras variables de inter\u00e9s en zonas afectas a los Planes de Prevenci\u00f3n y\/o Descontaminaci\u00f3n.<\/p>\n","protected":false},"excerpt":{"rendered":"<p>El llamado, busca contribuir en la elaboraci\u00f3n de ambos reportes y dar cumplimiento de las medidas existentes en los planes de prevenci\u00f3n y\/o descontaminaci\u00f3n en pro de mejorar la calidad del aire de la zona centro sur del pa\u00eds. Santiago, 16 de junio de 2020.- La Superintendencia del Medio Ambiente (SMA) extendi\u00f3 los plazos para que <a href=\"https:\/\/portal.sma.gob.cl\/index.php\/sma-extiende-plazo-para-registro-en-catastro-de-comerciantes-de-lena-y-artefactos-a-lena\/\">Leer m\u00e1s<\/a><\/p>\n","protected":false},"author":8,"featured_media":20532,"comment_status":"open","ping_status":"open","sticky":false,"template":"","format":"standard","meta":{"footnotes":""},"categories":[107,94],"tags":[],"class_list":["post-20958","post","type-post","status-publish","format-standard","has-post-thumbnail","hentry","category-destacado","category-notas-noticias"],"_links":{"self":[{"href":"https:\/\/portal.sma.gob.cl\/index.php\/wp-json\/wp\/v2\/posts\/20958","targetHints":{"allow":["GET"]}}],"collection":[{"href":"https:\/\/portal.sma.gob.cl\/index.php\/wp-json\/wp\/v2\/posts"}],"about":[{"href":"https:\/\/portal.sma.gob.cl\/index.php\/wp-json\/wp\/v2\/types\/post"}],"author":[{"embeddable":true,"href":"https:\/\/portal.sma.gob.cl\/index.php\/wp-json\/wp\/v2\/users\/8"}],"replies":[{"embeddable":true,"href":"https:\/\/portal.sma.gob.cl\/index.php\/wp-json\/wp\/v2\/comments?post=20958"}],"version-history":[{"count":2,"href":"https:\/\/portal.sma.gob.cl\/index.php\/wp-json\/wp\/v2\/posts\/20958\/revisions"}],"predecessor-version":[{"id":20960,"href":"https:\/\/portal.sma.gob.cl\/index.php\/wp-json\/wp\/v2\/posts\/20958\/revisions\/20960"}],"wp:featuredmedia":[{"embeddable":true,"href":"https:\/\/portal.sma.gob.cl\/index.php\/wp-json\/wp\/v2\/media\/20532"}],"wp:attachment":[{"href":"https:\/\/portal.sma.gob.cl\/index.php\/wp-json\/wp\/v2\/media?parent=20958"}],"wp:term":[{"taxonomy":"category","embeddable":true,"href":"https:\/\/portal.sma.gob.cl\/index.php\/wp-json\/wp\/v2\/categories?post=20958"},{"taxonomy":"post_tag","embeddable":true,"href":"https:\/\/portal.sma.gob.cl\/index.php\/wp-json\/wp\/v2\/tags?post=20958"}],"curies":[{"name":"wp","href":"https:\/\/api.w.org\/{rel}","templated":true}]}}