{"id":20965,"date":"2020-06-17T14:25:15","date_gmt":"2020-06-17T18:25:15","guid":{"rendered":"https:\/\/portal.sma.gob.cl\/?p=20965"},"modified":"2020-06-17T14:26:30","modified_gmt":"2020-06-17T18:26:30","slug":"valdivia-superintendente-del-medio-ambiente-aplica-multa-sobre-217-millones-a-inmobiliaria-providencia","status":"publish","type":"post","link":"https:\/\/portal.sma.gob.cl\/index.php\/valdivia-superintendente-del-medio-ambiente-aplica-multa-sobre-217-millones-a-inmobiliaria-providencia\/","title":{"rendered":"Valdivia: Superintendente del Medio Ambiente aplica multa sobre $217 millones a Inmobiliaria Providencia"},"content":{"rendered":"<p><strong>El proceso sancionatorio se inici\u00f3 tras una serie de denuncias ciudadanas recibidas por vecinos del proyecto inmobiliario Condominio Parque Krahmer, quienes han sido afectados por la emisi\u00f3n de ruidos. <\/strong><\/p>\n<p><strong>Valdivia, 17 de junio de 2020.-<\/strong> La Superintendencia del Medio Ambiente (SMA) procedi\u00f3 a aplicar una multa de 360 Unidades Tributarias Anuales equivalente a $217 (seg\u00fan valor UTA mes de junio) mediante la Res. Ex. N\u00b0 917, del d\u00eda 2 de junio del presente a\u00f1o, a la empresa inmobiliaria Providencia, que se encuentra ejecutando el proyecto denominado Condominio Parque Krahmer en la ciudad de Valdivia, y que fue objeto de m\u00faltiples denuncias por parte de los vecinos.<\/p>\n<p>Al respecto, el Superintendente del Medio Ambiente, Crist\u00f3bal De La Maza afirm\u00f3 que \u201cLa sanci\u00f3n tiene su origen en la superaci\u00f3n de la Norma de Emisi\u00f3n de Ruidos (D.S. 38\/2011) lo que dio origen a un proceso sancionatorio, en que, si bien la empresa present\u00f3 un Programa de Cumplimiento (PDC), este fue rechazado porque no cumpl\u00eda con el requisito de eficacia y verificabilidad que la SMA exige para este tipo de instrumentos\u201d.<\/p>\n<p>A\u00f1adi\u00f3 que, frente a lo anterior, \u201chacemos un llamado a que las empresas concilien el desarrollo de proyectos con el derecho de todos a vivir en un ambiente libre de contaminaci\u00f3n ac\u00fastica\u201d, indic\u00f3 la autoridad.<\/p>\n<p>Asimismo, mencion\u00f3 que se realizar\u00e1 una reuni\u00f3n junto a los vecinos del sector y la Seremi de Medio Ambiente, donde se le explicar\u00e1n las medidas emprendidas por los fiscalizadores y sus alcances.<\/p>\n<p>Cabe se\u00f1alar que el ruido corresponde al 50% de las denuncias que recibe la Superintendencia a nivel nacional, mientras que la regi\u00f3n de Los R\u00edos concentr\u00f3 el 60% de infracciones relacionadas a este contaminante. De ah\u00ed la importancia de la fiscalizaci\u00f3n y las medidas que se puedan generar para evitar o disminuir la exposici\u00f3n de la persona al ruido.<\/p>\n<p>Por su parte, el seremi del Medio Ambiente de la Regi\u00f3n de Los R\u00edos, Daniel del Campo sostuvo que el ruido es un contaminante que genera graves efectos sobre la salud de las personas, tales como insomnio y estr\u00e9s, de hecho, la Agencia Ambiental Europea lo identifica como uno de los principales problemas de salud p\u00fablica. \u201cEn nuestra regi\u00f3n, hemos realizado un trabajo colaborativo junto a la SMA, tanto en esta como en otras materias, las cual apuntan a mejorar la calidad de vida de las personas, disminuyendo su exposici\u00f3n a diferentes tipos de contaminaci\u00f3n\u201d.<\/p>\n<p>En tanto, el jefe de la Oficina Regional SMA de Los R\u00edos, Eduardo Rodr\u00edguez, plante\u00f3 tambi\u00e9n que \u201cdurante ese proceso se aplicaron medidas provisionales que obligaron a la empresa a adoptar medidas de mitigaci\u00f3n, tales como la instalaci\u00f3n de una pantalla ac\u00fastica perimetral, t\u00fanel ac\u00fastico para operaciones con material de hormig\u00f3n, encierro ac\u00fastico para el paso de camiones, equipos o maquinarias susceptibles de causar ruidos, entre otras\u201d.<\/p>\n<p>Adem\u00e1s, -agreg\u00f3- que la Superintendencia del Medio Ambiente con el fin de verificar la eficacia de tales medidas, instal\u00f3 un equipo de medici\u00f3n continua de ruidos, capaz de efectuar mediciones las 24 horas del d\u00eda, por dos semanas, en un receptor cercano a las obras.<\/p>\n<p>No obstante, es importante se\u00f1alar, que la empresa s\u00f3lo adopt\u00f3 medidas una vez efectuada la fiscalizaci\u00f3n, lo que implica que gran parte de la obra gruesa, tales como armaduras en fierro, labores con hormig\u00f3n, y en la que se produjo la mayor actividad con maquinarias susceptibles de causar ruidos, no cont\u00f3 con las medidas de mitigaci\u00f3n adecuadas.<\/p>\n<p>Para conocer m\u00e1s detalles del proceso sancionatorio, y las actividades de fiscalizaci\u00f3n, acceder al Sistema Nacional de Informaci\u00f3n de Fiscalizaci\u00f3n Ambiental (SNIFA): <a href=\"https:\/\/snifa.sma.gob.cl\/Sancionatorio\/Ficha\/2056\">https:\/\/snifa.sma.gob.cl\/Sancionatorio\/Ficha\/2056<\/a><\/p>\n<p>&nbsp;<\/p>\n","protected":false},"excerpt":{"rendered":"<p>El proceso sancionatorio se inici\u00f3 tras una serie de denuncias ciudadanas recibidas por vecinos del proyecto inmobiliario Condominio Parque Krahmer, quienes han sido afectados por la emisi\u00f3n de ruidos. Valdivia, 17 de junio de 2020.- La Superintendencia del Medio Ambiente (SMA) procedi\u00f3 a aplicar una multa de 360 Unidades Tributarias Anuales equivalente a $217 (seg\u00fan valor <a href=\"https:\/\/portal.sma.gob.cl\/index.php\/valdivia-superintendente-del-medio-ambiente-aplica-multa-sobre-217-millones-a-inmobiliaria-providencia\/\">Leer m\u00e1s<\/a><\/p>\n","protected":false},"author":8,"featured_media":20961,"comment_status":"open","ping_status":"open","sticky":false,"template":"","format":"standard","meta":{"footnotes":""},"categories":[90,107],"tags":[],"class_list":["post-20965","post","type-post","status-publish","format-standard","has-post-thumbnail","hentry","category-comunicados-noticias","category-destacado"],"_links":{"self":[{"href":"https:\/\/portal.sma.gob.cl\/index.php\/wp-json\/wp\/v2\/posts\/20965","targetHints":{"allow":["GET"]}}],"collection":[{"href":"https:\/\/portal.sma.gob.cl\/index.php\/wp-json\/wp\/v2\/posts"}],"about":[{"href":"https:\/\/portal.sma.gob.cl\/index.php\/wp-json\/wp\/v2\/types\/post"}],"author":[{"embeddable":true,"href":"https:\/\/portal.sma.gob.cl\/index.php\/wp-json\/wp\/v2\/users\/8"}],"replies":[{"embeddable":true,"href":"https:\/\/portal.sma.gob.cl\/index.php\/wp-json\/wp\/v2\/comments?post=20965"}],"version-history":[{"count":2,"href":"https:\/\/portal.sma.gob.cl\/index.php\/wp-json\/wp\/v2\/posts\/20965\/revisions"}],"predecessor-version":[{"id":20967,"href":"https:\/\/portal.sma.gob.cl\/index.php\/wp-json\/wp\/v2\/posts\/20965\/revisions\/20967"}],"wp:featuredmedia":[{"embeddable":true,"href":"https:\/\/portal.sma.gob.cl\/index.php\/wp-json\/wp\/v2\/media\/20961"}],"wp:attachment":[{"href":"https:\/\/portal.sma.gob.cl\/index.php\/wp-json\/wp\/v2\/media?parent=20965"}],"wp:term":[{"taxonomy":"category","embeddable":true,"href":"https:\/\/portal.sma.gob.cl\/index.php\/wp-json\/wp\/v2\/categories?post=20965"},{"taxonomy":"post_tag","embeddable":true,"href":"https:\/\/portal.sma.gob.cl\/index.php\/wp-json\/wp\/v2\/tags?post=20965"}],"curies":[{"name":"wp","href":"https:\/\/api.w.org\/{rel}","templated":true}]}}