{"id":20972,"date":"2020-06-18T18:49:51","date_gmt":"2020-06-18T22:49:51","guid":{"rendered":"https:\/\/portal.sma.gob.cl\/?p=20972"},"modified":"2020-06-26T14:09:50","modified_gmt":"2020-06-26T18:09:50","slug":"realizan-un-fuerte-llamado-a-no-usar-calefactores-a-lena-en-el-gran-santiago-para-evitar-aumento-de-covid-19-y-contaminacion-del-aire","status":"publish","type":"post","link":"https:\/\/portal.sma.gob.cl\/index.php\/realizan-un-fuerte-llamado-a-no-usar-calefactores-a-lena-en-el-gran-santiago-para-evitar-aumento-de-covid-19-y-contaminacion-del-aire\/","title":{"rendered":"Realizan un fuerte llamado a no usar calefactores a le\u00f1a en el Gran Santiago para evitar aumento de Covid 19 y contaminaci\u00f3n del aire"},"content":{"rendered":"<p><strong>Aun cuando la calidad el aire en la RM ha mejorado estos meses de pandemia, las autoridades advierten que el uso de calefactores a le\u00f1a puede incidir en que los enfermos Covid 19 sufran mayores complicaciones respiratorias.<\/strong><\/p>\n<p><strong>Santiago, 18 de junio de 2020.-<\/strong> Con el fin de promover conductas amigables con el medio ambiente y la salud en la ciudadan\u00eda llegaron hasta la comuna de La Reina, la Ministra del Medio Ambiente, <strong>Carolina Schmidt<\/strong> y el Intendente de la Regi\u00f3n Metropolitana, <strong>Felipe Guevara<\/strong>, acompa\u00f1ados por el Superintendente del Medio Ambiente, <strong>Crist\u00f3bal De La Maza<\/strong>; el Seremi del Medio Ambiente RM, <strong>Diego Riveaux<\/strong> y los profesionales de la Seremi de Salud y la Superintendencia de Electricidad y Combustibles (SEC).<\/p>\n<p>Teniendo como fondo la vista de Santiago, las autoridades entregaron recomendaciones frente a la contaminaci\u00f3n intradomiciliaria \u2013en el contexto de la pandemia de COVID-19- e informaron sobre las fiscalizaciones al uso de calefactores a le\u00f1a que se realizan en el gran Santiago durante el periodo invernal.<\/p>\n<p>\u201cUna de las mayores fuentes emisoras de contaminantes en la Regi\u00f3n Metropolitana es el uso de le\u00f1a es por eso que en el Plan de Prevenci\u00f3n y Descontaminaci\u00f3n Atmosf\u00e9rica de la RM, que comenzamos a implementar el a\u00f1o 2018, se estableci\u00f3 la prohibici\u00f3n absoluta de la le\u00f1a en toda la Provincia de Santiago m\u00e1s las comunas de San Bernardo y Puente Alto. Es fundamental que todos los habitantes den cumplimiento a esta medida para poder tener un aire limpio y poder de esa manera asegurar la salud de la poblaci\u00f3n\u201d, puntualiz\u00f3 la Ministra <strong>Carolina Schmidt<\/strong>, quien agreg\u00f3 que junto a la Intendencia Regional, SMA y Seremi de Salud se ha implementado un Plan de Fiscalizaci\u00f3n Preventivo usando las mejores tecnolog\u00edas disponibles. \u201cHoy a trav\u00e9s de drones podemos tener c\u00e1mara que nos permite ver quienes est\u00e1n utilizando le\u00f1a y est\u00e1n generando contaminaci\u00f3n en la ciudad cuando existe esta prohibici\u00f3n. Desgraciadamente gran parte de esta situaci\u00f3n se produce en las zonas altas de la capital, lo que es doblemente grave porque las emisiones que se generan por uso de le\u00f1a terminan en los sectores bajos, en la zona poniente de Santiago\u201d.<\/p>\n<p>En tanto, el Superintendente del Medio Ambiente, <strong>Crist\u00f3bal De La Maza<\/strong>, expres\u00f3: \u201cEs importante destacar que las multas que aplica la Superintendencia al uso de calefactores a le\u00f1a parten desde los $600.000, son multas diferenciadas, que se aplican por distintas circunstancias, incluida la capacidad de pago del infractor. Tambi\u00e9n existen los sumarios sanitarios por parte de la Seremi de Salud RM, cuyas multas van desde 1 a 1.000 UTA. Hay que destacar que multas son proporcionales y consideran la severidad del impacto, y en este caso, hay que tomar conciencia que el uso de la le\u00f1a tiene severos impactos en la salud. Es por eso que reiteramos el llamado a la comunidad a cumplir con estas restricciones. Ya se ha asociado el efecto de la contaminaci\u00f3n del aire a la mayor severidad de los efectos del COVID 19, y es por eso que nosotros estamos despleg\u00e1ndonos en toda la ciudad -especialmente cuando existen Episodios Cr\u00edticos de Contaminaci\u00f3n- para proteger a la poblaci\u00f3n, pero necesitamos tambi\u00e9n la colaboraci\u00f3n de todos los vecinos\u201d.<\/p>\n<p>Por su parte, el Intendente <strong>Felipe Guevara<\/strong> sostuvo: \u201cVamos a ser implacables en la fiscalizaci\u00f3n de las personas que utilizan le\u00f1a en estas fechas. Est\u00e1 prohibido durante todo el a\u00f1o en el Gran Santiago el uso de calefactores a le\u00f1a, lo que se extiende a toda la RM en episodios de Alerta Ambiental y Preemergencia. En invierno, todos sabemos, es cuando m\u00e1s necesitamos cuidar a nuestros adultos mayores y ni\u00f1os. Como ustedes han visto aqu\u00ed, vamos a utilizar todos los medios tecnol\u00f3gicos y humanos para que las personas no utilicen le\u00f1a, y vamos a pasar las multas correspondientes a los infractores. Porque ac\u00e1 hay un bien mayor, que es la salud de los santiaguinos en el periodo de la pandemia del Covid-19\u201d, puntualiz\u00f3.<\/p>\n<p>Respecto de la contaminaci\u00f3n atmosf\u00e9rica en Santiago, el Seremi del Medio Ambiente RM, <strong>Diego Riveaux,<\/strong> inform\u00f3 que el Ministerio -desde el 15 de marzo a la fecha- ha realizado el an\u00e1lisis de la evoluci\u00f3n de la Calidad del Aire en la cuenca, siendo los contaminantes m\u00e1s relevantes analizados el MP2,5 (calefacci\u00f3n residencial) y los \u00d3xidos de Nitr\u00f3geno (sector Transporte), los que se han visto m\u00e1s impactados por las restricciones al desplazamiento de personas.<\/p>\n<p>Lo anterior explic\u00f3 la autoridad ambiental sucede porque los 3 contaminantes m\u00e1s importantes de la Regi\u00f3n Metropolitana, en un a\u00f1o normal, son el Transporte (39%), la Le\u00f1a (38%), e Industria (15%), y hoy el Transportes y la industria se encuentran fuertemente disminuidos producto de las cuarentenas.<\/p>\n<p>\u201cA la fecha, la disminuci\u00f3n del contaminante NOx (Di\u00f3xido de Nitr\u00f3geno y \u00d3xido N\u00edtrico) en la RM se ha mantenido alrededor del 60% de reducci\u00f3n (en comparaci\u00f3n con el a\u00f1o 2019). Estas cifras se explican en parte por la disminuci\u00f3n del transporte en la ciudad, ya que es el que aporta m\u00e1s del 60% de las emisiones de NOx en la RM. En el caso del Material Particulado Fino (MP2.5), se observ\u00f3 una reducci\u00f3n de un 25% promedio en todas las estaciones de la Red de Monitoreo, hasta la primera quincena de mayo, sin embargo, a partir de la segunda quincena hubo un aumento de las concentraciones de MP2,5\u201d, expres\u00f3 el Seremi.<\/p>\n<p>Esto \u00faltimo precis\u00f3 \u201cse debe al aumento en el uso de le\u00f1a por el confinamiento, lo que sumado a las malas condiciones de ventilaci\u00f3n y el fr\u00edo de estos d\u00edas, explican que hayamos tenido tres alertas ambientales hasta el d\u00eda de hoy, pero en todo caso muy por debajo del a\u00f1o pasado, que a la misma fecha llev\u00e1bamos 15 episodios\u201d.<\/p>\n<p>Las autoridades se\u00f1alaron que a medida que el invierno sea m\u00e1s crudo, se ver\u00e1 un mayor impacto en las emisiones por el aumento en el uso de le\u00f1a, lo que no solo afecta la calidad del aire, sino tambi\u00e9n la contaminaci\u00f3n intradomiciliaria, es decir, la que ocurre en los hogares producto de la liberaci\u00f3n de sustancias t\u00f3xicas que algunos calefactores emiten y que quedan dentro del hogar y son susceptibles de ser respiradas por las personas que la habitan, lo que expone a dichas personas a aumentar las posibilidades de contraer enfermedades respiratorias y virales.<\/p>\n<p>&#8220;Existen algunos estudios internacionales en donde se alerta sobre la posibilidad de que la exposici\u00f3n a part\u00edculas finas prolongada est\u00e1 relacionada con una mayor probabilidad de sufrir complicaciones por Covid-19. Entre las recomendaciones para descontaminar los hogares est\u00e1n: ventilar por, al menos, 15 minutos al d\u00eda, efectuar aseo profundo con pa\u00f1os h\u00famedos que evita la presencia de polvo en suspensi\u00f3n, no secar ropa en el interior, no poner teteras o c\u00e1scaras de frutas sobre las estufas y no fumar&#8221;, sostuvo <strong>Omar C\u00e1ceres, <\/strong>Jefe Acci\u00f3n Sanitaria de la Seremi de Salud.<\/p>\n<p>Por su parte, el Jefe de Normas de la SEC, <strong>Jaime Gonz\u00e1lez<\/strong>, recomend\u00f3 que &#8220;si est\u00e1 pensando en comprar una estufa, ya sea el\u00e9ctrica, a gas o parafina, aseg\u00farese que tengan su SELLO SEC, de certificaci\u00f3n de seguridad. De la misma forma, al momento de usar calefones y estufas de llama abierta, como las que usan gas o parafina, el llamado es a ventilar los espacios que se est\u00e1n calefaccionando, para evitar la acumulaci\u00f3n de Mon\u00f3xido de Carbono, el que puede afectar gravemente la salud e incluso provocar la muerte\u201d.<\/p>\n<p>Cabe indicar que el Plan de Prevenci\u00f3n y\/o Descontaminaci\u00f3n Atmosf\u00e9rica de la Regi\u00f3n Metropolitana (PPDA) existen restricciones permanentes para el uso de calefactores a le\u00f1a, de acuerdo a la zona en que se encuentre.<\/p>\n<p>La Zona A, que corresponde a la Provincia de Santiago y las comunas de San Bernardo y Puente Alto, est\u00e1 prohibido el uso de calefactores a le\u00f1a durante todo el a\u00f1o. S\u00f3lo estar\u00e1 permitido el uso de artefactos a pellet que est\u00e9n dentro del listado SEC de calefactores.<\/p>\n<p>En la Zona B -que incluye las provincias de Talagante, Maipo, Cordillera, Chacabuco, y Melipilla, excluidas las comunas de San Bernardo y Puente Alto, se permiten los calefactores a le\u00f1a pero no se permiten humos visibles provenientes de estos artefactos de calefacci\u00f3n, durante todo el d\u00eda, exceptuando un periodo m\u00e1ximo de 15 minutos continuos para el encendido de los mismos. En d\u00edas de episodios de Alerta, Preemergencia y Emergencia su prohibici\u00f3n es total en esta zona.<\/p>\n","protected":false},"excerpt":{"rendered":"<p>Aun cuando la calidad el aire en la RM ha mejorado estos meses de pandemia, las autoridades advierten que el uso de calefactores a le\u00f1a puede incidir en que los enfermos Covid 19 sufran mayores complicaciones respiratorias. Santiago, 18 de junio de 2020.- Con el fin de promover conductas amigables con el medio ambiente y la <a href=\"https:\/\/portal.sma.gob.cl\/index.php\/realizan-un-fuerte-llamado-a-no-usar-calefactores-a-lena-en-el-gran-santiago-para-evitar-aumento-de-covid-19-y-contaminacion-del-aire\/\">Leer m\u00e1s<\/a><\/p>\n","protected":false},"author":8,"featured_media":20968,"comment_status":"open","ping_status":"open","sticky":false,"template":"","format":"standard","meta":{"footnotes":""},"categories":[90,107],"tags":[],"class_list":["post-20972","post","type-post","status-publish","format-standard","has-post-thumbnail","hentry","category-comunicados-noticias","category-destacado"],"_links":{"self":[{"href":"https:\/\/portal.sma.gob.cl\/index.php\/wp-json\/wp\/v2\/posts\/20972","targetHints":{"allow":["GET"]}}],"collection":[{"href":"https:\/\/portal.sma.gob.cl\/index.php\/wp-json\/wp\/v2\/posts"}],"about":[{"href":"https:\/\/portal.sma.gob.cl\/index.php\/wp-json\/wp\/v2\/types\/post"}],"author":[{"embeddable":true,"href":"https:\/\/portal.sma.gob.cl\/index.php\/wp-json\/wp\/v2\/users\/8"}],"replies":[{"embeddable":true,"href":"https:\/\/portal.sma.gob.cl\/index.php\/wp-json\/wp\/v2\/comments?post=20972"}],"version-history":[{"count":6,"href":"https:\/\/portal.sma.gob.cl\/index.php\/wp-json\/wp\/v2\/posts\/20972\/revisions"}],"predecessor-version":[{"id":21012,"href":"https:\/\/portal.sma.gob.cl\/index.php\/wp-json\/wp\/v2\/posts\/20972\/revisions\/21012"}],"wp:featuredmedia":[{"embeddable":true,"href":"https:\/\/portal.sma.gob.cl\/index.php\/wp-json\/wp\/v2\/media\/20968"}],"wp:attachment":[{"href":"https:\/\/portal.sma.gob.cl\/index.php\/wp-json\/wp\/v2\/media?parent=20972"}],"wp:term":[{"taxonomy":"category","embeddable":true,"href":"https:\/\/portal.sma.gob.cl\/index.php\/wp-json\/wp\/v2\/categories?post=20972"},{"taxonomy":"post_tag","embeddable":true,"href":"https:\/\/portal.sma.gob.cl\/index.php\/wp-json\/wp\/v2\/tags?post=20972"}],"curies":[{"name":"wp","href":"https:\/\/api.w.org\/{rel}","templated":true}]}}