{"id":21008,"date":"2020-06-25T10:18:19","date_gmt":"2020-06-25T14:18:19","guid":{"rendered":"https:\/\/portal.sma.gob.cl\/?p=21008"},"modified":"2020-06-25T10:18:19","modified_gmt":"2020-06-25T14:18:19","slug":"sma-formula-cargos-contra-codelco-division-andina","status":"publish","type":"post","link":"https:\/\/portal.sma.gob.cl\/index.php\/sma-formula-cargos-contra-codelco-division-andina\/","title":{"rendered":"SMA formula cargos contra  CODELCO Divisi\u00f3n Andina"},"content":{"rendered":"<p><strong>Tras una serie de incumplimientos a sus resoluciones de calificaci\u00f3n ambiental, como a infracciones a la norma vigente de descargas de residuos l\u00edquidos industriales a aguas marinas y continentales superficiales, la autoridad ambiental formul\u00f3 11 cargos, cuatro de ellos clasificados como graves y el resto como leves.<\/strong><\/p>\n<p><strong>Los Andes,\u00a0<\/strong><strong>25<\/strong><strong>\u00a0de junio de 2020.-<\/strong>\u00a0La Superintendencia del Medio Ambiente (SMA) formul\u00f3 cargos en contra de la Corporaci\u00f3n Nacional del Cobre de Chile (CODELCO), titular de la unidad fiscalizable interregional \u201cDivisi\u00f3n Andina\u201d, yacimiento minero ubicado en la cuenca alta del R\u00edo Blanco, 54 Km al Este de la comuna de Los Andes, Regi\u00f3n de Valpara\u00edso.<\/p>\n<p>Luego de varias y extensas fiscalizaciones intersectoriales -SAG, SERNAGEOMIN, DGA, SEREMI Salud, CONAF- la autoridad ambiental formul\u00f3 cargos contra la cupr\u00edfera estatal por una serie de incumplimientos a sus diversas Resoluciones de Calificaci\u00f3n Ambiental (RCA) e infracciones a la norma vigente de descargas de residuos l\u00edquidos industriales a aguas marinas y continentales superficiales (D.S. N\u00b0 90\/2000, MINSEGPRES).<\/p>\n<p>En este caso, la Superintendencia recepcion\u00f3 diversas denuncias ciudadanas por contaminaci\u00f3n de aguas de esteros y r\u00edos donde la empresa descarga residuos, y principalmente, por un derrame de relaves que se origin\u00f3 producto de un temporal registrado en abril de 2016.<\/p>\n<p>Con toda esta informaci\u00f3n, y luego de un exhaustivo an\u00e1lisis de los antecedentes levantados, la SMA determin\u00f3 formular 11 cargos en contra de la empresa CODELCO Divisi\u00f3n Andina, cuatro de ellos fueron clasificados como infracciones graves y el resto como leves.<\/p>\n<p>Las graves dicen relaci\u00f3n principalmente con un deficiente sistema de control de derrames de relaves ocasionados a lo largo del ducto emplazado desde sus instalaciones en la cordillera de Los Andes hasta el tranque de relaves de la minera en Til Til.<\/p>\n<p>Asimismo, se pudo constatar no s\u00f3lo deficientes inspecciones al sistema de desv\u00edo y conducci\u00f3n de aguas de contacto del Dep\u00f3sito de Lastre Norte, sino tambi\u00e9n al incompleto reporte de par\u00e1metros exigidos por la normativa (norma chilena oficial N\u00b0 1.333\/78) para las aguas de recreaci\u00f3n con contacto directo y al incumplimiento de condiciones y medidas exigidas para la planta de recuperaci\u00f3n de cobre y molibdeno desde relaves.<\/p>\n<p>Por \u00faltimo, se verific\u00f3 la superaci\u00f3n reiterada del l\u00edmite en el volumen de descarga autorizado por el respectivo Programa de Monitoreo fijado por la Superintendencia del Medio Ambiente en determinados puntos; y a superaciones puntuales en la descarga de ciertos par\u00e1metros regulados por el D.S. N\u00b0 90\/2000, MINSEGPRES; entre otras materias contenidas en la resoluci\u00f3n exenta N\u00b0 1\/Rol D-045-2020.<\/p>\n<p>\u201cCabe destacar que esta formulaci\u00f3n de cargos abre la posibilidad para que la empresa pueda presentar un Programa de Cumplimiento, derecho que la ley org\u00e1nica de la Superintendencia del Medio Ambiente (\u201cLO-SMA\u201d) consagra a favor de los regulados en todo procedimiento sancionatorio, en la medida en que se cumplan ciertos requisitos legales y reglamentarios\u201d, sostuvo el Superintendente del Medio Ambiente, Crist\u00f3bal De La Maza.<\/p>\n<p><strong>EL PROYECTO<\/strong><\/p>\n<p>El proyecto minero se divide en dos sectores. El primero es el \u201cSector \u201cCordillera\u201d, dedicado a la producci\u00f3n y venta de concentrado de cobre \u2013y, en menor medida, de molibdeno\u2013, a partir de la explotaci\u00f3n subterr\u00e1nea y a rajo abierto. Aqu\u00ed, el mineral es sometido a una etapa de chancado primario para posteriormente ser procesado en una planta concentradora, en la que se realizan las operaciones de molienda y flotaci\u00f3n. Finalmente, el concentrado de cobre es transportado principalmente por ferrocarril hasta la bah\u00eda de Quintero \u2013Codelco Divisi\u00f3n Ventanas\u2013 para su posterior exportaci\u00f3n.<\/p>\n<p>El segundo es el Sector \u201cOvejer\u00eda\u201d, donde se depositan los relaves provenientes del proceso de beneficio del mineral en el embalse \u201cOvejer\u00eda\u201d, ubicado al interior del Fundo Rinconada de Huech\u00fan en la comuna de Til-Til, Regi\u00f3n Metropolitana, mediante su escurrimiento a trav\u00e9s de una canaleta de 80 Km de longitud.<\/p>\n<p>Es importante recordar, que con respecto a las infracciones clasificadas como\u00a0graves, la empresa podr\u00eda ser objeto de ser objeto de multas de hasta 5.000 unidades tributarias anuales (UTA) por cada una. Y en el caso de las infracciones clasificadas como leve, el titular podr\u00eda ser objeto de una amonestaci\u00f3n por escrito o una multa de hasta 1.000 UTA por cada incumplimiento.<\/p>\n<p>Tras la notificaci\u00f3n de esta formulaci\u00f3n de cargos, la empresa CODELCO Divisi\u00f3n Andina tendr\u00e1 un plazo de 10 d\u00edas h\u00e1biles para presentar un Programa de Cumplimiento (PdC) y de 15 d\u00edas h\u00e1biles para formular sus Descargos respectivos.<\/p>\n<p>Para mayor detalle, acceder a la formulaci\u00f3n de cargos en el Sistema Nacional de Informaci\u00f3n de Fiscalizaci\u00f3n Ambiental (SNIFA): <a href=\"https:\/\/snifa.sma.gob.cl\/Sancionatorio\/Ficha\/2249\">https:\/\/snifa.sma.gob.cl\/Sancionatorio\/Ficha\/2249<\/a><\/p>\n","protected":false},"excerpt":{"rendered":"<p>Tras una serie de incumplimientos a sus resoluciones de calificaci\u00f3n ambiental, como a infracciones a la norma vigente de descargas de residuos l\u00edquidos industriales a aguas marinas y continentales superficiales, la autoridad ambiental formul\u00f3 11 cargos, cuatro de ellos clasificados como graves y el resto como leves. Los Andes,\u00a025\u00a0de junio de 2020.-\u00a0La Superintendencia del Medio Ambiente <a href=\"https:\/\/portal.sma.gob.cl\/index.php\/sma-formula-cargos-contra-codelco-division-andina\/\">Leer m\u00e1s<\/a><\/p>\n","protected":false},"author":8,"featured_media":21004,"comment_status":"open","ping_status":"open","sticky":false,"template":"","format":"standard","meta":{"footnotes":""},"categories":[90,107],"tags":[],"class_list":["post-21008","post","type-post","status-publish","format-standard","has-post-thumbnail","hentry","category-comunicados-noticias","category-destacado"],"_links":{"self":[{"href":"https:\/\/portal.sma.gob.cl\/index.php\/wp-json\/wp\/v2\/posts\/21008","targetHints":{"allow":["GET"]}}],"collection":[{"href":"https:\/\/portal.sma.gob.cl\/index.php\/wp-json\/wp\/v2\/posts"}],"about":[{"href":"https:\/\/portal.sma.gob.cl\/index.php\/wp-json\/wp\/v2\/types\/post"}],"author":[{"embeddable":true,"href":"https:\/\/portal.sma.gob.cl\/index.php\/wp-json\/wp\/v2\/users\/8"}],"replies":[{"embeddable":true,"href":"https:\/\/portal.sma.gob.cl\/index.php\/wp-json\/wp\/v2\/comments?post=21008"}],"version-history":[{"count":1,"href":"https:\/\/portal.sma.gob.cl\/index.php\/wp-json\/wp\/v2\/posts\/21008\/revisions"}],"predecessor-version":[{"id":21009,"href":"https:\/\/portal.sma.gob.cl\/index.php\/wp-json\/wp\/v2\/posts\/21008\/revisions\/21009"}],"wp:featuredmedia":[{"embeddable":true,"href":"https:\/\/portal.sma.gob.cl\/index.php\/wp-json\/wp\/v2\/media\/21004"}],"wp:attachment":[{"href":"https:\/\/portal.sma.gob.cl\/index.php\/wp-json\/wp\/v2\/media?parent=21008"}],"wp:term":[{"taxonomy":"category","embeddable":true,"href":"https:\/\/portal.sma.gob.cl\/index.php\/wp-json\/wp\/v2\/categories?post=21008"},{"taxonomy":"post_tag","embeddable":true,"href":"https:\/\/portal.sma.gob.cl\/index.php\/wp-json\/wp\/v2\/tags?post=21008"}],"curies":[{"name":"wp","href":"https:\/\/api.w.org\/{rel}","templated":true}]}}