{"id":21022,"date":"2020-06-30T15:27:15","date_gmt":"2020-06-30T19:27:15","guid":{"rendered":"https:\/\/portal.sma.gob.cl\/?p=21022"},"modified":"2020-06-30T15:27:15","modified_gmt":"2020-06-30T19:27:15","slug":"sma-nuble-inedita-medida-de-paralizacion-ante-incumplimiento-ambiental-reiterado-a-empresa-ly-y-chang","status":"publish","type":"post","link":"https:\/\/portal.sma.gob.cl\/index.php\/sma-nuble-inedita-medida-de-paralizacion-ante-incumplimiento-ambiental-reiterado-a-empresa-ly-y-chang\/","title":{"rendered":"SMA \u00d1uble: In\u00e9dita Medida de Paralizaci\u00f3n ante Incumplimiento Ambiental reiterado a empresa Ly y Chang"},"content":{"rendered":"<p style=\"text-align: center;\"><strong>La medida se enmarca luego de constatar una serie de infracciones por parte de la empresa durante episodios de alerta, premergencia y emergencia ambiental. <\/strong><\/p>\n<p><strong>Chill\u00e1n Viejo, 30 de junio de 2020.-<\/strong> En el marco de las competencias fiscalizadoras de la Superintendencia de Medio Ambiente (SMA), la entidad ambiental notific\u00f3 el d\u00eda de hoy el sellado y prohibici\u00f3n de uso por 15 d\u00edas de la caldera industrial de vapor de la Planta Importadora y Exportadora Li y Chang emplazada al sur de la ciudad de Chill\u00e1n Viejo. La medida fue adoptada despu\u00e9s de constatar una serie de incumplimientos durante episodios de alerta, preemergencia y emergencia ambiental.<\/p>\n<p>Este a\u00f1o, -seg\u00fan explic\u00f3 el jefe de la Oficina Regional de la SMA, Cristian Lineros- la intercomuna ha presentado 19 d\u00edas con episodios cr\u00edticos por contaminaci\u00f3n ambiental de material particulado, de los cuales cinco de ellos esta empresa se encontraba operando su caldera a biomasa, generando aportes contaminantes a la zona declarada como saturada.<\/p>\n<p>\u201cEste a\u00f1o realizamos m\u00e1s de 130 visitas al sector industrial, constatando el desacato de las restricciones operacionales de su fuente fija (caldera), como tambi\u00e9n la ausencia a la fecha de los informes semestrales de emisiones de material particulado (MP)\u201d, indic\u00f3 Lineros.<\/p>\n<p>A\u00f1adi\u00f3 que en este caso se trata de una fuente fija significativa, pues consume del orden de 650 kilogramos de biomasa forestal hora. Por lo tanto y de acuerdo con la normativa ambiental, la aplicabilidad de esta infracci\u00f3n debe ser un requisito esencial en su comportamiento de operaci\u00f3n, conforme a las medidas establecidas en el Plan de Prevenci\u00f3n y Descontaminaci\u00f3n Atmosf\u00e9rica de Chill\u00e1n y Chill\u00e1n Viejo (DS 48\/16).<\/p>\n<p>\u201cEsta situaci\u00f3n, asociada al incremento de riesgos por contaminaci\u00f3n atmosf\u00e9rica debido a la pandemia, permiten desarrollar este ejercicio de medidas provisionales, de manera pre procedimental, en contra de la fuente emisora identificada como \u201cASERRADERO LI Y CHANG\u201d, de conformidad a lo dispuesto en las letras b) y f) del art\u00edculo 48\u00b0 de la Ley Org\u00e1nica de la Superintendencia del Medio Ambiente, por un plazo de 15 d\u00edas h\u00e1biles\u201d, puntualiz\u00f3 Lineros.<\/p>\n<p>La notificaci\u00f3n se realiz\u00f3 en conjunto con el Seremi del Medio Ambiente de la Regi\u00f3n, Patricio Caama\u00f1o, quien indic\u00f3 que \u201cuno de los desaf\u00edos m\u00e1s grandes que existen en cualquier territorio con un Plan de Prevenci\u00f3n y Descontaminaci\u00f3n Atmosf\u00e9rica, no es s\u00f3lo declarar la condici\u00f3n de la calidad del aire, sino que ello sea recibido tanto por la comunidad, como por las fuentes industriales fijas, en pro de crear consciencia en todos los ciudadanos\u201d.<\/p>\n<p>Asimismo, agreg\u00f3 \u201cque el trabajo colaborativo con las entidades fiscalizadoras, como los municipios, SEREMI de Salud o en este caso, la SMA, nos ayuda a mejorar la gesti\u00f3n y conocer los alcances que implican la implementaci\u00f3n de la GEC (Gesti\u00f3n de Episodios Cr\u00edticos) en las intercomunas de Chill\u00e1n y Chill\u00e1n Viejo&#8221;.<\/p>\n<p>Cabe se\u00f1alar que, al tratarse de una medida in\u00e9dita adoptada por la SMA, se adoptar\u00e1n todas las medidas necesarias para el resguardo de la salud la poblaci\u00f3n. Se continuar\u00e1 intensificando la labor fiscalizadora y de coordinaci\u00f3n e informando a los regulados los alcances y consecuencias que existen frente a incumplimientos de este tipo, que pueden ser sancionados con multas de hasta 10.000 UTA.<\/p>\n","protected":false},"excerpt":{"rendered":"<p>La medida se enmarca luego de constatar una serie de infracciones por parte de la empresa durante episodios de alerta, premergencia y emergencia ambiental. Chill\u00e1n Viejo, 30 de junio de 2020.- En el marco de las competencias fiscalizadoras de la Superintendencia de Medio Ambiente (SMA), la entidad ambiental notific\u00f3 el d\u00eda de hoy el sellado y <a href=\"https:\/\/portal.sma.gob.cl\/index.php\/sma-nuble-inedita-medida-de-paralizacion-ante-incumplimiento-ambiental-reiterado-a-empresa-ly-y-chang\/\">Leer m\u00e1s<\/a><\/p>\n","protected":false},"author":3,"featured_media":21026,"comment_status":"open","ping_status":"open","sticky":false,"template":"","format":"standard","meta":{"footnotes":""},"categories":[90,107],"tags":[],"class_list":["post-21022","post","type-post","status-publish","format-standard","has-post-thumbnail","hentry","category-comunicados-noticias","category-destacado"],"_links":{"self":[{"href":"https:\/\/portal.sma.gob.cl\/index.php\/wp-json\/wp\/v2\/posts\/21022","targetHints":{"allow":["GET"]}}],"collection":[{"href":"https:\/\/portal.sma.gob.cl\/index.php\/wp-json\/wp\/v2\/posts"}],"about":[{"href":"https:\/\/portal.sma.gob.cl\/index.php\/wp-json\/wp\/v2\/types\/post"}],"author":[{"embeddable":true,"href":"https:\/\/portal.sma.gob.cl\/index.php\/wp-json\/wp\/v2\/users\/3"}],"replies":[{"embeddable":true,"href":"https:\/\/portal.sma.gob.cl\/index.php\/wp-json\/wp\/v2\/comments?post=21022"}],"version-history":[{"count":3,"href":"https:\/\/portal.sma.gob.cl\/index.php\/wp-json\/wp\/v2\/posts\/21022\/revisions"}],"predecessor-version":[{"id":21028,"href":"https:\/\/portal.sma.gob.cl\/index.php\/wp-json\/wp\/v2\/posts\/21022\/revisions\/21028"}],"wp:featuredmedia":[{"embeddable":true,"href":"https:\/\/portal.sma.gob.cl\/index.php\/wp-json\/wp\/v2\/media\/21026"}],"wp:attachment":[{"href":"https:\/\/portal.sma.gob.cl\/index.php\/wp-json\/wp\/v2\/media?parent=21022"}],"wp:term":[{"taxonomy":"category","embeddable":true,"href":"https:\/\/portal.sma.gob.cl\/index.php\/wp-json\/wp\/v2\/categories?post=21022"},{"taxonomy":"post_tag","embeddable":true,"href":"https:\/\/portal.sma.gob.cl\/index.php\/wp-json\/wp\/v2\/tags?post=21022"}],"curies":[{"name":"wp","href":"https:\/\/api.w.org\/{rel}","templated":true}]}}