{"id":21036,"date":"2020-06-30T20:29:51","date_gmt":"2020-07-01T00:29:51","guid":{"rendered":"https:\/\/portal.sma.gob.cl\/?p=21036"},"modified":"2024-04-12T12:39:39","modified_gmt":"2024-04-12T16:39:39","slug":"sma-reitera-a-regulados-obligatoriedad-de-registrarse-conectarse-y-reportar-en-linea-desde-sus-estaciones-de-vigilancia-de-calidad-del-aire","status":"publish","type":"post","link":"https:\/\/portal.sma.gob.cl\/index.php\/sma-reitera-a-regulados-obligatoriedad-de-registrarse-conectarse-y-reportar-en-linea-desde-sus-estaciones-de-vigilancia-de-calidad-del-aire\/","title":{"rendered":"SMA reitera a regulados obligatoriedad de registrarse, conectarse y reportar en l\u00ednea desde sus Estaciones de Vigilancia de Calidad del Aire"},"content":{"rendered":"<p><strong>De no cumplir con este requerimiento, en los plazos estipulados, deber\u00e1n regularizar su situaci\u00f3n a la brevedad, de modo de no caer en infracciones administrativas.<\/strong><\/p>\n<p><strong>Santiago, 30 de junio 2020.-<\/strong> La Superintendencia del Medio Ambiente, mediante resoluci\u00f3n exenta N\u00b0126, de fecha 23 de enero de 2020, aprob\u00f3 la \u201cInstrucci\u00f3n general para la conexi\u00f3n en l\u00ednea y reportes de seguimiento de las estaciones de vigilancia de la calidad del aire\u201d, que aplica a todos los titulares de Unidades Fiscalizables que tengan la obligaci\u00f3n de instalar y mantener una estaci\u00f3n de vigilancia de la calidad del aire, con medici\u00f3n contin\u00faa.<\/p>\n<p>Seg\u00fan explic\u00f3 el Superintendente del Medio Ambiente Crist\u00f3bal De la Maza, las empresas reguladas tienen la obligaci\u00f3n de instalar y mantener esta medici\u00f3n. \u201cNo obstante, lo anterior, es importante se\u00f1alar que en atenci\u00f3n al contexto actual de pandemia a\u00fan no se completa el registro adecuado de todos los regulados por lo que reiteramos la necesidad de registrarse. Es importante destacar que las obligaciones indicadas son de responsabilidad del titular del Instrumento de Car\u00e1cter Ambiental, independientemente de los acuerdos que se establezcan con terceros para operar y supervisar sus estaciones\u201d.<\/p>\n<p>En consecuencia -a\u00f1adi\u00f3- el incumplimiento de dichas obligaciones los arriesga a una infracci\u00f3n administrativa.<\/p>\n<p>Sostuvo que, en el caso de la conexi\u00f3n en l\u00ednea, \u00e9sta deber\u00eda estar operativa en un plazo no superior a los seis meses desde la publicaci\u00f3n en el Diario Oficial, es decir, debi\u00f3 efectuarse como \u00faltimo plazo el 31 de julio. Sin embargo, la nueva fecha l\u00edmite se extendi\u00f3 hasta el 11 de septiembre del a\u00f1o en curso.<\/p>\n<p><strong>\u00bfQu\u00e9 Obligaciones debe cumplir el titular?<\/strong><\/p>\n<p>1.- El titular de la estaci\u00f3n de vigilancia debe registrarse en el Catastro API REST y para acceder debe contar con una cuenta de acceso a los sistemas de la SMA mediante el siguiente enlace: <a href=\"https:\/\/iot.sma.gob.cl\/\">https:\/\/iot.sma.gob.cl\/<\/a><\/p>\n<p>En el caso de que sea la primera vez que accede a los sistemas de la SMA, deber\u00e1 solicitar la creaci\u00f3n de su cuenta de usuario al e mail: <a href=\"mailto:contacto@sma.gob.cl\">contacto@sma.gob.cl<\/a>, indicando en el asunto \u201cSolicita acceso Catastro API REST \u2013 SMA\u201d y debe contener: Nombre y RUT del Titular, Unidad Fiscalizable e Instrumento de Car\u00e1cter Ambiental (ICA) que establece la obligaci\u00f3n de conectar con la SMA.<\/p>\n<p>2.-Una vez realizado lo anterior, las estaciones de vigilancia de la calidad del aire exigidas por un ICA deber\u00e1n conectarse en l\u00ednea directamente con las plataformas electr\u00f3nicas de la SMA, seg\u00fan los lineamientos t\u00e9cnicos establecidos en la resoluci\u00f3n exenta N\u00b0 174, de fecha 4 de febrero de 2019. Para ello, se dispondr\u00e1 de una API que permitir\u00e1 la comunicaci\u00f3n con la SMA.<\/p>\n<p>3.-Por medio de esta API, el titular reportar\u00e1 datos crudos en tiempo real y el reporte de calibraciones, en un plazo m\u00e1ximo de 1 hora. A su vez, el titular deber\u00e1 enviar los promedios horarios validados mensualmente con un plazo de 10 d\u00edas h\u00e1biles, luego de finalizado el mes de inter\u00e9s.<\/p>\n<p>Cabe destacar que en base al principio de coordinaci\u00f3n que gobierna a los organismos del Estado, la SMA enviar\u00e1 directamente esta informaci\u00f3n al Sistema Nacional de Calidad del Aire (SINCA), del Ministerio del Medio Ambiente.<\/p>\n<p>Para m\u00e1s informaci\u00f3n, con respecto a c\u00f3mo registrarse en el catastro y c\u00f3mo implementar la conexi\u00f3n v\u00eda API REST, puede acceder a un manual (Resoluci\u00f3n Exenta N\u00b0254) y una gu\u00eda de usuario, adem\u00e1s de preguntas frecuentes, disponibles en la siguiente secci\u00f3n del portal de la SMA: <a href=\"https:\/\/portal.sma.gob.cl\/index.php\/portal-regulados\/instructivos-y-guias\/conexion-en-linea-a-la-sma\/\">https:\/\/portal.sma.gob.cl\/index.php\/portal-regulados\/instructivos-y-guias\/conexion-en-linea-a-la-sma\/<\/a><\/p>\n<p>&nbsp;<\/p>\n","protected":false},"excerpt":{"rendered":"<p>De no cumplir con este requerimiento, en los plazos estipulados, deber\u00e1n regularizar su situaci\u00f3n a la brevedad, de modo de no caer en infracciones administrativas. Santiago, 30 de junio 2020.- La Superintendencia del Medio Ambiente, mediante resoluci\u00f3n exenta N\u00b0126, de fecha 23 de enero de 2020, aprob\u00f3 la \u201cInstrucci\u00f3n general para la conexi\u00f3n en l\u00ednea y <a href=\"https:\/\/portal.sma.gob.cl\/index.php\/sma-reitera-a-regulados-obligatoriedad-de-registrarse-conectarse-y-reportar-en-linea-desde-sus-estaciones-de-vigilancia-de-calidad-del-aire\/\">Leer m\u00e1s<\/a><\/p>\n","protected":false},"author":8,"featured_media":21035,"comment_status":"open","ping_status":"open","sticky":false,"template":"","format":"standard","meta":{"footnotes":""},"categories":[90,107],"tags":[],"class_list":["post-21036","post","type-post","status-publish","format-standard","has-post-thumbnail","hentry","category-comunicados-noticias","category-destacado"],"_links":{"self":[{"href":"https:\/\/portal.sma.gob.cl\/index.php\/wp-json\/wp\/v2\/posts\/21036","targetHints":{"allow":["GET"]}}],"collection":[{"href":"https:\/\/portal.sma.gob.cl\/index.php\/wp-json\/wp\/v2\/posts"}],"about":[{"href":"https:\/\/portal.sma.gob.cl\/index.php\/wp-json\/wp\/v2\/types\/post"}],"author":[{"embeddable":true,"href":"https:\/\/portal.sma.gob.cl\/index.php\/wp-json\/wp\/v2\/users\/8"}],"replies":[{"embeddable":true,"href":"https:\/\/portal.sma.gob.cl\/index.php\/wp-json\/wp\/v2\/comments?post=21036"}],"version-history":[{"count":7,"href":"https:\/\/portal.sma.gob.cl\/index.php\/wp-json\/wp\/v2\/posts\/21036\/revisions"}],"predecessor-version":[{"id":30679,"href":"https:\/\/portal.sma.gob.cl\/index.php\/wp-json\/wp\/v2\/posts\/21036\/revisions\/30679"}],"wp:featuredmedia":[{"embeddable":true,"href":"https:\/\/portal.sma.gob.cl\/index.php\/wp-json\/wp\/v2\/media\/21035"}],"wp:attachment":[{"href":"https:\/\/portal.sma.gob.cl\/index.php\/wp-json\/wp\/v2\/media?parent=21036"}],"wp:term":[{"taxonomy":"category","embeddable":true,"href":"https:\/\/portal.sma.gob.cl\/index.php\/wp-json\/wp\/v2\/categories?post=21036"},{"taxonomy":"post_tag","embeddable":true,"href":"https:\/\/portal.sma.gob.cl\/index.php\/wp-json\/wp\/v2\/tags?post=21036"}],"curies":[{"name":"wp","href":"https:\/\/api.w.org\/{rel}","templated":true}]}}