{"id":21044,"date":"2020-07-01T09:21:04","date_gmt":"2020-07-01T13:21:04","guid":{"rendered":"https:\/\/portal.sma.gob.cl\/?p=21044"},"modified":"2020-07-01T09:21:04","modified_gmt":"2020-07-01T13:21:04","slug":"magallanes-sma-formula-cargos-contra-empresa-pesca-suriberica-s-a","status":"publish","type":"post","link":"https:\/\/portal.sma.gob.cl\/index.php\/magallanes-sma-formula-cargos-contra-empresa-pesca-suriberica-s-a\/","title":{"rendered":"Magallanes: SMA formula cargos contra empresa Pesca Surib\u00e9rica S.A."},"content":{"rendered":"<p><strong>Incumplimientos ambientales estar\u00edan dados por emplazamiento de estructuras del proyecto fuera del \u00e1rea de concesi\u00f3n otorgada, ausencia de planes de contingencia y residuos en el fondo marino, entre otros.<\/strong><\/p>\n<p><strong>Punta Arenas, 1 de julio de 2020.-<\/strong> La Superintendencia del Medio Ambiente (SMA) formul\u00f3 cargos de car\u00e1cter leve contra la empresa Pesca Surib\u00e9rica S.A. y titular del proyecto &#8220;Centro Engorda de Salm\u00f3nidos y Mit\u00edlidos Puerto Curtze XII Regi\u00f3n\u201d.<\/p>\n<p>En el contexto de una denuncia realizada por el Servicio Nacional de Pesca y Acuicultura (SERNAPESCA), y tras una fiscalizaci\u00f3n ejecutada por personal t\u00e9cnico en agosto de 2017 en conjunto con la Autoridad Mar\u00edtima (buzos especializados), se pudo constatar incumplimientos ambientales del proyecto.<\/p>\n<p>Con esta informaci\u00f3n, y luego de un an\u00e1lisis de los antecedentes levantados, la SMA decidi\u00f3 formular cinco infracciones en contra de la empresa pesquera, por lo que podr\u00eda ser objeto de una amonestaci\u00f3n por escrito o ser multados con hasta 1.000 Unidades Tributarias Anuales (UTA).<\/p>\n<p>Seg\u00fan explic\u00f3 el jefe de la oficina regional de Magallanes, Andy Morrison, la primera infracci\u00f3n detectada consiste en el emplazamiento de estructuras del proyecto fuera del \u00e1rea de concesi\u00f3n otorgada, consistentes en: dos balsas jaulas de cultivo de salm\u00f3nidos, el 97 % de los m\u00f3dulos de cultivo de mit\u00edlidos norte, y el 47,8 % de los m\u00f3dulos de cultivo de mit\u00edlidos sur.<\/p>\n<p>Adem\u00e1s, -continu\u00f3- el Centro no cuenta con planes de contingencias que cumplan con las tem\u00e1ticas y contenidos m\u00ednimos dispuestos por el art\u00edculo 5 del D.S. MINECON N\u00b0320\/2001 del Reglamento Ambiental para la Acuicultura (RAMA).<\/p>\n<p>\u201cA lo anterior se suma la existencia de residuos y distintos tipos de desechos s\u00f3lidos en el fondo marino propios de la acuicultura; sumergidos parcial o totalmente en el \u00e1rea del centro de cultivo; tanto dentro como fuera del \u00e1rea de concesi\u00f3n de este\u201d, puntualiz\u00f3 Morrison.<\/p>\n<p>Tambi\u00e9n sostuvo que se constat\u00f3 disposici\u00f3n directa sobre el lecho marino de numerosas cuelgas utilizadas para el cultivo de mit\u00edlidos, sin dejar libre de estructuras el decil m\u00e1s profundo de la columna de agua.<\/p>\n<p>Por \u00faltimo, \u201cel proyecto no manten\u00eda actualizados los sistemas de reporte electr\u00f3nico de la Superintendencia del Medio Ambiente, al no tener ingresada la informaci\u00f3n requerida por la Res. Ex. N\u00b0574 de 02 de octubre de 2012, ni por la Res. Ex. N\u00b01610 de 20 de diciembre de 2018, para la RCA N\u00b041\/2007\u201d, se\u00f1al\u00f3.<\/p>\n<p>Tras la notificaci\u00f3n de esta formulaci\u00f3n de cargos, la empresa Pesca Surib\u00e9rica tendr\u00e1 un plazo de 10 d\u00edas h\u00e1biles para presentar un programa de cumplimiento y de 15 d\u00edas h\u00e1biles para formular sus descargos.<\/p>\n<p>Cabe se\u00f1alar que la empresa cuenta con la resoluci\u00f3n de calificaci\u00f3n ambiental (RCA) N\u00b0 041\/2007 y tiene como objetivo la instalaci\u00f3n y operaci\u00f3n de un centro de cultivo de recursos hidrobiol\u00f3gicos, espec\u00edficamente de engorda de salmones y de mit\u00edlidos. La instalaci\u00f3n est\u00e1 ubicada en el lugar denominado Puerto Curtze, en Isla Riesco, comuna de R\u00edo Verde, provincia de Magallanes.<\/p>\n","protected":false},"excerpt":{"rendered":"<p>Incumplimientos ambientales estar\u00edan dados por emplazamiento de estructuras del proyecto fuera del \u00e1rea de concesi\u00f3n otorgada, ausencia de planes de contingencia y residuos en el fondo marino, entre otros. Punta Arenas, 1 de julio de 2020.- La Superintendencia del Medio Ambiente (SMA) formul\u00f3 cargos de car\u00e1cter leve contra la empresa Pesca Surib\u00e9rica S.A. y titular del <a href=\"https:\/\/portal.sma.gob.cl\/index.php\/magallanes-sma-formula-cargos-contra-empresa-pesca-suriberica-s-a\/\">Leer m\u00e1s<\/a><\/p>\n","protected":false},"author":8,"featured_media":21043,"comment_status":"open","ping_status":"open","sticky":false,"template":"","format":"standard","meta":{"footnotes":""},"categories":[90,107],"tags":[],"class_list":["post-21044","post","type-post","status-publish","format-standard","has-post-thumbnail","hentry","category-comunicados-noticias","category-destacado"],"_links":{"self":[{"href":"https:\/\/portal.sma.gob.cl\/index.php\/wp-json\/wp\/v2\/posts\/21044","targetHints":{"allow":["GET"]}}],"collection":[{"href":"https:\/\/portal.sma.gob.cl\/index.php\/wp-json\/wp\/v2\/posts"}],"about":[{"href":"https:\/\/portal.sma.gob.cl\/index.php\/wp-json\/wp\/v2\/types\/post"}],"author":[{"embeddable":true,"href":"https:\/\/portal.sma.gob.cl\/index.php\/wp-json\/wp\/v2\/users\/8"}],"replies":[{"embeddable":true,"href":"https:\/\/portal.sma.gob.cl\/index.php\/wp-json\/wp\/v2\/comments?post=21044"}],"version-history":[{"count":1,"href":"https:\/\/portal.sma.gob.cl\/index.php\/wp-json\/wp\/v2\/posts\/21044\/revisions"}],"predecessor-version":[{"id":21045,"href":"https:\/\/portal.sma.gob.cl\/index.php\/wp-json\/wp\/v2\/posts\/21044\/revisions\/21045"}],"wp:featuredmedia":[{"embeddable":true,"href":"https:\/\/portal.sma.gob.cl\/index.php\/wp-json\/wp\/v2\/media\/21043"}],"wp:attachment":[{"href":"https:\/\/portal.sma.gob.cl\/index.php\/wp-json\/wp\/v2\/media?parent=21044"}],"wp:term":[{"taxonomy":"category","embeddable":true,"href":"https:\/\/portal.sma.gob.cl\/index.php\/wp-json\/wp\/v2\/categories?post=21044"},{"taxonomy":"post_tag","embeddable":true,"href":"https:\/\/portal.sma.gob.cl\/index.php\/wp-json\/wp\/v2\/tags?post=21044"}],"curies":[{"name":"wp","href":"https:\/\/api.w.org\/{rel}","templated":true}]}}