{"id":21068,"date":"2020-07-02T17:01:28","date_gmt":"2020-07-02T21:01:28","guid":{"rendered":"https:\/\/portal.sma.gob.cl\/?p=21068"},"modified":"2020-07-02T17:26:18","modified_gmt":"2020-07-02T21:26:18","slug":"sma-realiza-webinar-fiscalizando-en-tiempos-de-covid-19","status":"publish","type":"post","link":"https:\/\/portal.sma.gob.cl\/index.php\/sma-realiza-webinar-fiscalizando-en-tiempos-de-covid-19\/","title":{"rendered":"SMA realiza webinar Fiscalizando en tiempos de Covid-19"},"content":{"rendered":"<p><strong>La actividad tuvo como finalidad\u00a0<\/strong><strong>generar una conversaci\u00f3n sobre c\u00f3mo nos hemos\u00a0<\/strong><strong>adaptado<\/strong><strong>\u00a0a los nuevos mecanismos de fiscalizaci\u00f3n y control de prevenci\u00f3n en el nuevo escenario de crisis sanitaria que enfrenta el pa\u00eds.<\/strong><\/p>\n<p><strong>Santiago, 02 de julio de 2020.-<\/strong>\u00a0La Superintendencia del Medio Ambiente realiz\u00f3 el 01 de julio el webinar \u201cFiscalizando en tiempos de Covid -19\u201d y que tuvo por objeto generar una instancia de di\u00e1logo y aprendizaje sobre los efectos que ha generado la pandemia en el trabajo de los organismos fiscalizadores del pa\u00eds, que forman parte de la Red Nacional de Fiscalizaci\u00f3n Ambiental (RENFA) y tambi\u00e9n en las empresas reguladas.<\/p>\n<p>La actividad, que logr\u00f3 m\u00e1s de 280 conexiones a trav\u00e9s del canal de YouTube de la SMA, cont\u00f3 con la participaci\u00f3n del\u00a0Superintendente del Medio Ambiente,\u00a0Crist\u00f3bal De La Maza; la Directora del Servicio Nacional de Pesca y Acuicultura (SERNAPESCA), Alicia Gallardo; el Superintendente de Servicios Sanitarios (SISS), Jorge Rivas; representantes de las empresas AngloAmerican e Hidronor y de destacados panelistas.<\/p>\n<p>Al respecto, el Superintendente De La Maza relev\u00f3 durante la conversaci\u00f3n la oportunidad que nos plantea este tipo de emergencias sanitarias en el trabajo de fiscalizaci\u00f3n, y sostuvo que \u201cel desaf\u00edo que tenemos hoy es buscar beneficios en la colaboraci\u00f3n intersectorial, que nos permita fortalecer el rol de cada uno de los servicios que estamos enfrentando este nuevo escenario\u201d, indic\u00f3.<\/p>\n<p>Adem\u00e1s, comparti\u00f3 la experiencia de trabajo que ha realizado la SMA en este per\u00edodo y c\u00f3mo la entidad\u00a0debi\u00f3\u00a0agilizar los procesos de digitalizaci\u00f3n para enfrentar\u00a0el escenario actual. En este punto, el Superintendente record\u00f3 que en las pr\u00f3ximas semanas la instituci\u00f3n lanzar\u00e1 el servicio de denuncia online, acci\u00f3n que forma parte de la estrategia de inteligencia ambiental que est\u00e1 implementando la\u00a0Instituci\u00f3n.<\/p>\n<p>En esta misma l\u00ednea, Alicia Gallardo destac\u00f3 el efecto positivo que ha generado el COVID-19 para el trabajo de fiscalizaci\u00f3n de SERNAPESCA. \u201cLa\u00a0pandemia aceler\u00f3 nuestra agenda para disminuir la brecha digital. Hacemos fiscalizaci\u00f3n remota de una manera que no hubi\u00e9ramos imaginado un a\u00f1o atr\u00e1s. \u00a0Las\u00a0principales acciones implementadas han estado orientadas\u00a0precisamente\u00a0en la comunicaci\u00f3n, tecnolog\u00eda, continuidad de servicios esenciales, colaboraci\u00f3n y bioseguridad\u201d puntualiz\u00f3.<\/p>\n<p>Por su parte, el Superintendente Jorge Rivas comparti\u00f3 la experiencia de fiscalizaci\u00f3n de la SIIS, la cual ha estado focalizada en \u201casegurar la calidad y continuidad del agua potable durante la emergencia sanitaria, justamente\u00a0en medio de la grave crisis h\u00eddrica que afecta hoy al pa\u00eds\u201d, indic\u00f3.<\/p>\n<p>Este tipo de actividades, forman parte de la agenda de encuentros y talleres que est\u00e1 implementando la Superintendencia del Medio Ambiente a lo largo del a\u00f1o, y que pr\u00f3ximamente dar\u00e1 a conocer nuevas fecha y tem\u00e1ticas.<\/p>\n<p>Para revisar las presentaciones exhibidas, descargar documentos en los siguientes links:<\/p>\n<ul>\n<li><a href=\"https:\/\/portal.sma.gob.cl\/index.php\/download\/presentacion-veronica-vergara-siss\/?wpdmdl=21083&amp;masterkey=5efe47764da23\"><strong>Presentaci\u00f3n Ver\u00f3nica Vergara \/ SISS<\/strong><\/a><\/li>\n<li><a href=\"https:\/\/portal.sma.gob.cl\/index.php\/download\/presentacion-marcela-lara-sernapesca\/?wpdmdl=21082&amp;masterkey=5efe474eb2b49\"><strong>Presentaci\u00f3n Marcela Lara \/ SERNAPESCA<\/strong><\/a><\/li>\n<li><a href=\"https:\/\/portal.sma.gob.cl\/index.php\/download\/presentacion-gonzalo-velasquez-hidronor\/?wpdmdl=21079&amp;masterkey=5efe46b5e6359\"><strong>Presentaci\u00f3n Gonzalo Vel\u00e1squez \/ Hidronor<\/strong><\/a><\/li>\n<li><a href=\"https:\/\/portal.sma.gob.cl\/index.php\/download\/presentacion-jorge-rivas-siis\/?wpdmdl=21077&amp;masterkey=5efe466ad4bf5\"><strong>Presentaci\u00f3n Jorge Rivas \/ SIIS<\/strong><\/a><\/li>\n<li><a href=\"https:\/\/portal.sma.gob.cl\/index.php\/download\/presentacion-alicia-gallardo-sernapesca\/?wpdmdl=21075&amp;masterkey=5efe45e9cea17\"><strong>Presentaci\u00f3n Alicia Gallardo \/ SERNAPESCA<\/strong><\/a><\/li>\n<\/ul>\n","protected":false},"excerpt":{"rendered":"<p>La actividad tuvo como finalidad\u00a0generar una conversaci\u00f3n sobre c\u00f3mo nos hemos\u00a0adaptado\u00a0a los nuevos mecanismos de fiscalizaci\u00f3n y control de prevenci\u00f3n en el nuevo escenario de crisis sanitaria que enfrenta el pa\u00eds. Santiago, 02 de julio de 2020.-\u00a0La Superintendencia del Medio Ambiente realiz\u00f3 el 01 de julio el webinar \u201cFiscalizando en tiempos de Covid -19\u201d y que <a href=\"https:\/\/portal.sma.gob.cl\/index.php\/sma-realiza-webinar-fiscalizando-en-tiempos-de-covid-19\/\">Leer m\u00e1s<\/a><\/p>\n","protected":false},"author":8,"featured_media":21067,"comment_status":"open","ping_status":"open","sticky":false,"template":"","format":"standard","meta":{"footnotes":""},"categories":[107,94],"tags":[],"class_list":["post-21068","post","type-post","status-publish","format-standard","has-post-thumbnail","hentry","category-destacado","category-notas-noticias"],"_links":{"self":[{"href":"https:\/\/portal.sma.gob.cl\/index.php\/wp-json\/wp\/v2\/posts\/21068","targetHints":{"allow":["GET"]}}],"collection":[{"href":"https:\/\/portal.sma.gob.cl\/index.php\/wp-json\/wp\/v2\/posts"}],"about":[{"href":"https:\/\/portal.sma.gob.cl\/index.php\/wp-json\/wp\/v2\/types\/post"}],"author":[{"embeddable":true,"href":"https:\/\/portal.sma.gob.cl\/index.php\/wp-json\/wp\/v2\/users\/8"}],"replies":[{"embeddable":true,"href":"https:\/\/portal.sma.gob.cl\/index.php\/wp-json\/wp\/v2\/comments?post=21068"}],"version-history":[{"count":15,"href":"https:\/\/portal.sma.gob.cl\/index.php\/wp-json\/wp\/v2\/posts\/21068\/revisions"}],"predecessor-version":[{"id":21095,"href":"https:\/\/portal.sma.gob.cl\/index.php\/wp-json\/wp\/v2\/posts\/21068\/revisions\/21095"}],"wp:featuredmedia":[{"embeddable":true,"href":"https:\/\/portal.sma.gob.cl\/index.php\/wp-json\/wp\/v2\/media\/21067"}],"wp:attachment":[{"href":"https:\/\/portal.sma.gob.cl\/index.php\/wp-json\/wp\/v2\/media?parent=21068"}],"wp:term":[{"taxonomy":"category","embeddable":true,"href":"https:\/\/portal.sma.gob.cl\/index.php\/wp-json\/wp\/v2\/categories?post=21068"},{"taxonomy":"post_tag","embeddable":true,"href":"https:\/\/portal.sma.gob.cl\/index.php\/wp-json\/wp\/v2\/tags?post=21068"}],"curies":[{"name":"wp","href":"https:\/\/api.w.org\/{rel}","templated":true}]}}