{"id":21123,"date":"2020-07-07T14:52:46","date_gmt":"2020-07-07T18:52:46","guid":{"rendered":"https:\/\/portal.sma.gob.cl\/?p=21123"},"modified":"2020-07-07T16:13:06","modified_gmt":"2020-07-07T20:13:06","slug":"ohiggins-sma-formula-cargos-contra-minera-valle-central","status":"publish","type":"post","link":"https:\/\/portal.sma.gob.cl\/index.php\/ohiggins-sma-formula-cargos-contra-minera-valle-central\/","title":{"rendered":"O&#8217;Higgins: SMA formula cargos contra Minera Valle Central"},"content":{"rendered":"<p><strong>Tras una serie de incumplimientos en el seguimiento ambiental del proyecto, la autoridad ambiental formul\u00f3 tres cargos, dos de ellos clasificados como graves.<\/strong><\/p>\n<p><strong>Rancagua, 07 de julio de 2020.-<\/strong> La Superintendencia del Medio Ambiente (SMA) formul\u00f3 cargos en contra de la empresa Minera Valle Central S.A., titular del proyecto minero denominado \u201cMina Valle Central\u201d, ubicado en la comuna de Requ\u00ednoa, Provincia del Cachapoal, Regi\u00f3n del Libertador General Bernardo O\u00b4Higgins, y cuya actividad consiste en la producci\u00f3n de concentrados de cobre (Cu) y molibdeno (Mo), los que son recuperados de los relaves frescos de la empresa Codelco Divisi\u00f3n El Teniente y de los relaves depositados en el tranque cauquenes, mediante tecnolog\u00eda de flotaci\u00f3n o lixiviaci\u00f3n.<\/p>\n<p>Seg\u00fan explic\u00f3 la jefa de la oficina regional de O&#8217;Higgins, Daniela Marchant, luego de dos fiscalizaciones intersectoriales -CONAF, DGA, SEREMI de Salud, SAG y SERNAGEOMIN- se constat\u00f3 incumplimiento a una parte del contenido de los informes de seguimiento ambiental del proyecto relacionado, espec\u00edficamente su numeral 1, sobre la flora en estado de conservaci\u00f3n y la especie en peligro de extinci\u00f3n <em>avellanita bustillosii Phi<\/em> -arbusto end\u00e9mico-; y tambi\u00e9n deficiencia en los informes sobre seguimiento ambiental de sistema de conducci\u00f3n y dep\u00f3sito de relaves.<\/p>\n<p>A\u00f1adi\u00f3 que, junto con lo anterior, la Superintendencia tambi\u00e9n realiz\u00f3 un requerimiento de informaci\u00f3n a la empresa. \u201cCon toda esta informaci\u00f3n, y luego de un exhaustivo an\u00e1lisis de los antecedentes levantados, la SMA determin\u00f3 formular tres cargos en contra de la empresa Minera Valle Central S.A., dos de ellos clasificados como graves\u201d, sostuvo Marchant.<\/p>\n<p>Las infracciones graves -explic\u00f3- se sustentan principalmente porque la minera no garantiz\u00f3 mediante la entrega de los informes del Programa Operacional Trimestral -detallados en la resoluci\u00f3n- que el transporte de relaves, m\u00e1s el aporte de pluviosidad de la zona, no superara la capacidad m\u00e1xima autorizada por la Direcci\u00f3n General de Aguas para la canaleta de relaves de CODELCO \u2013 Divisi\u00f3n El Teniente dirigida al Embalse Car\u00e9n.<\/p>\n<p>Adem\u00e1s, la empresa no realiz\u00f3 una aplicaci\u00f3n anual de pol\u00edmeros o supresores de polvo en superficie del tranque Cauquenes en la parte que no es humectada con motivo del proceso de extracci\u00f3n del proyecto.<\/p>\n<p>Es importante recordar, que con respecto a las infracciones clasificadas como graves, la empresa podr\u00eda ser objeto de multas de hasta 5.000 unidades tributarias anuales (UTA) por cada una. Y en el caso de las infracciones clasificadas como leve, el titular podr\u00eda ser objeto de una amonestaci\u00f3n por escrito o una multa de hasta 1.000 UTA por cada incumplimiento.<\/p>\n<p>Tras la notificaci\u00f3n de esta formulaci\u00f3n de cargos, la empresa empresa Minera Valle Central S.A. tendr\u00e1 un plazo de 10 d\u00edas h\u00e1biles para presentar un Programa de Cumplimiento (PdC) y de 15 d\u00edas h\u00e1biles para formular sus Descargos respectivos.<\/p>\n<p>Para mayor detalle, acceder a la formulaci\u00f3n de cargos en el Sistema Nacional de Informaci\u00f3n de Fiscalizaci\u00f3n Ambiental (SNIFA): <a href=\"https:\/\/snifa.sma.gob.cl\/Sancionatorio\/Ficha\/2230\">https:\/\/snifa.sma.gob.cl\/Sancionatorio\/Ficha\/2230<\/a><\/p>\n","protected":false},"excerpt":{"rendered":"<p>Tras una serie de incumplimientos en el seguimiento ambiental del proyecto, la autoridad ambiental formul\u00f3 tres cargos, dos de ellos clasificados como graves. Rancagua, 07 de julio de 2020.- La Superintendencia del Medio Ambiente (SMA) formul\u00f3 cargos en contra de la empresa Minera Valle Central S.A., titular del proyecto minero denominado \u201cMina Valle Central\u201d, ubicado en <a href=\"https:\/\/portal.sma.gob.cl\/index.php\/ohiggins-sma-formula-cargos-contra-minera-valle-central\/\">Leer m\u00e1s<\/a><\/p>\n","protected":false},"author":8,"featured_media":21127,"comment_status":"open","ping_status":"open","sticky":false,"template":"","format":"standard","meta":{"footnotes":""},"categories":[90,107],"tags":[],"class_list":["post-21123","post","type-post","status-publish","format-standard","has-post-thumbnail","hentry","category-comunicados-noticias","category-destacado"],"_links":{"self":[{"href":"https:\/\/portal.sma.gob.cl\/index.php\/wp-json\/wp\/v2\/posts\/21123","targetHints":{"allow":["GET"]}}],"collection":[{"href":"https:\/\/portal.sma.gob.cl\/index.php\/wp-json\/wp\/v2\/posts"}],"about":[{"href":"https:\/\/portal.sma.gob.cl\/index.php\/wp-json\/wp\/v2\/types\/post"}],"author":[{"embeddable":true,"href":"https:\/\/portal.sma.gob.cl\/index.php\/wp-json\/wp\/v2\/users\/8"}],"replies":[{"embeddable":true,"href":"https:\/\/portal.sma.gob.cl\/index.php\/wp-json\/wp\/v2\/comments?post=21123"}],"version-history":[{"count":3,"href":"https:\/\/portal.sma.gob.cl\/index.php\/wp-json\/wp\/v2\/posts\/21123\/revisions"}],"predecessor-version":[{"id":21129,"href":"https:\/\/portal.sma.gob.cl\/index.php\/wp-json\/wp\/v2\/posts\/21123\/revisions\/21129"}],"wp:featuredmedia":[{"embeddable":true,"href":"https:\/\/portal.sma.gob.cl\/index.php\/wp-json\/wp\/v2\/media\/21127"}],"wp:attachment":[{"href":"https:\/\/portal.sma.gob.cl\/index.php\/wp-json\/wp\/v2\/media?parent=21123"}],"wp:term":[{"taxonomy":"category","embeddable":true,"href":"https:\/\/portal.sma.gob.cl\/index.php\/wp-json\/wp\/v2\/categories?post=21123"},{"taxonomy":"post_tag","embeddable":true,"href":"https:\/\/portal.sma.gob.cl\/index.php\/wp-json\/wp\/v2\/tags?post=21123"}],"curies":[{"name":"wp","href":"https:\/\/api.w.org\/{rel}","templated":true}]}}