{"id":21150,"date":"2020-07-13T14:56:50","date_gmt":"2020-07-13T18:56:50","guid":{"rendered":"https:\/\/portal.sma.gob.cl\/?p=21150"},"modified":"2020-07-13T15:00:41","modified_gmt":"2020-07-13T19:00:41","slug":"valparaiso-sma-ordena-medidas-provisionales-a-relleno-sanitario-el-molle","status":"publish","type":"post","link":"https:\/\/portal.sma.gob.cl\/index.php\/valparaiso-sma-ordena-medidas-provisionales-a-relleno-sanitario-el-molle\/","title":{"rendered":"Valpara\u00edso: SMA ordena medidas provisionales a relleno sanitario El Molle"},"content":{"rendered":"<p><strong>Medidas se sustentan por un deficiente manejo operacional del recinto, lo que podr\u00eda generar un inminente<\/strong> <strong>da\u00f1o al medio ambiente y a la salud de las personas.<\/strong><\/p>\n<p><strong>Valpara\u00edso, 13 de julio de 2020.-\u00a0<\/strong>El Superintendente del Medio Ambiente, Crist\u00f3bal De La Maza, orden\u00f3 medidas provisionales contra la empresa Gesti\u00f3n Integral de Residuos SpA, titular del <strong>proyecto \u201cRelleno Sanitario El Molle, <\/strong>ubicado en el sector Quebrada Verde, Cerro Colorado, camino La P\u00f3lvora, Comuna y Regi\u00f3n de Valpara\u00edso. Este relleno recibe residuos domiciliarios y asimilables de las comunas de Valpara\u00edso, Vi\u00f1a del Mar, Limache y Conc\u00f3n.<\/p>\n<p>Las medidas -seg\u00fan explic\u00f3 el Superintendente De La Maza- se sustentan por un deficiente manejo operacional del recinto, lo que podr\u00eda generar un inminente da\u00f1o al medio ambiente y a la salud de las personas. \u201cNo hay duda que hemos intensificado las fiscalizaciones a los sitios de disposici\u00f3n final de residuos, tanto residenciales como industriales y que ha sido parte de nuestra estrategia 2020, y los avances tecnol\u00f3gicos que estamos implementando nos permiten dar un paso significativo en este sector\u201d, puntualiz\u00f3<\/p>\n<p>Explic\u00f3 que las medidas se fundamentan, luego de una actividad de fiscalizaci\u00f3n realizada en junio pasado en que se constat\u00f3 una operaci\u00f3n deficiente del relleno sanitario. Esto en cuanto podr\u00eda afectar su estabilidad por un manejo inadecuado del sistema de lixiviados y de los canales perimetrales de aguas lluvia.<\/p>\n<p>La autoridad sostuvo que la primera medida est\u00e1 relacionada con aplicar el plan propuesto de mantenimiento de canales de aguas lluvias del relleno sanitario y vertedero, realizando la limpieza y retiro de los residuos en aquellos puntos en que se produce la obstrucci\u00f3n del normal flujo, as\u00ed como los que est\u00e9n dispersos al interior del canal, incluyendo material limpio.<\/p>\n<p>Adem\u00e1s, el titular deber\u00e1 restituir la canalizaci\u00f3n, debido a la habilitaci\u00f3n de una nueva fase en la celda 3 en su trazado, restableci\u00e9ndolo seg\u00fan la geometr\u00eda del dise\u00f1o original y los residuos s\u00f3lidos retirados deber\u00e1n ser dispuestos en el relleno.<\/p>\n<p>La empresa tambi\u00e9n deber\u00e1 retirar los l\u00edquidos apozados en la superficie del terreno en sector de la base del muro del recinto y disponerlos en las piscinas de lixiviados del mismo; retirar desde el material t\u00e9rreo contaminado y los residuos s\u00f3lidos dispersos que se encuentran expuestos y disponerlos en el relleno sanitario.<\/p>\n<p>El titular deber\u00e1 realizar la derivaci\u00f3n gradual de lixiviados desde la piscina de emergencia a las de acumulaci\u00f3n de lixiviados y presentar los medios de verificaci\u00f3n de la reparaci\u00f3n del tablero el\u00e9ctrico.<\/p>\n<p>Respecto al control de escurrimientos y manejo de residuos, la empresa deber\u00e1 controlar cualquier escurrimiento de l\u00edquidos provenientes desde el vertedero, que actualmente se dirigen hacia el relleno sanitario y hacia la quebrada, impidiendo su evacuaci\u00f3n mediante obras de conducci\u00f3n.<\/p>\n<p>En relaci\u00f3n al Tranque Valencia, deber\u00e1 realizar un an\u00e1lisis de estabilidad del muro adyacente al tranque mencionado, que no cuenta con impermeabilizaci\u00f3n y que est\u00e1 en contacto continuo con la masa de agua del tranque.<\/p>\n<p>Por \u00faltimo, la empresa deber\u00e1 realizar las acciones que impidan la acumulaci\u00f3n de l\u00edquidos en el mismo sector -lado oriente-, evitando la afectaci\u00f3n de la estabilidad del muro de contenci\u00f3n, y la contaminaci\u00f3n de las aguas provenientes de los sectores altos, producto del contacto con lixiviados.<\/p>\n<p>Estas medidas tienen un plazo de 15 d\u00edas h\u00e1biles desde notificada esta resoluci\u00f3n, y adem\u00e1s el titular deber\u00e1 en un plazo de 10 d\u00edas h\u00e1biles desde contado el vencimiento del plazo de las medidas detalladas, la empresa deber\u00e1 presentar un reporte de cumplimiento de las mismas.<\/p>\n","protected":false},"excerpt":{"rendered":"<p>Medidas se sustentan por un deficiente manejo operacional del recinto, lo que podr\u00eda generar un inminente da\u00f1o al medio ambiente y a la salud de las personas. Valpara\u00edso, 13 de julio de 2020.-\u00a0El Superintendente del Medio Ambiente, Crist\u00f3bal De La Maza, orden\u00f3 medidas provisionales contra la empresa Gesti\u00f3n Integral de Residuos SpA, titular del proyecto \u201cRelleno <a href=\"https:\/\/portal.sma.gob.cl\/index.php\/valparaiso-sma-ordena-medidas-provisionales-a-relleno-sanitario-el-molle\/\">Leer m\u00e1s<\/a><\/p>\n","protected":false},"author":8,"featured_media":21145,"comment_status":"open","ping_status":"open","sticky":false,"template":"","format":"standard","meta":{"footnotes":""},"categories":[90,107],"tags":[],"class_list":["post-21150","post","type-post","status-publish","format-standard","has-post-thumbnail","hentry","category-comunicados-noticias","category-destacado"],"_links":{"self":[{"href":"https:\/\/portal.sma.gob.cl\/index.php\/wp-json\/wp\/v2\/posts\/21150","targetHints":{"allow":["GET"]}}],"collection":[{"href":"https:\/\/portal.sma.gob.cl\/index.php\/wp-json\/wp\/v2\/posts"}],"about":[{"href":"https:\/\/portal.sma.gob.cl\/index.php\/wp-json\/wp\/v2\/types\/post"}],"author":[{"embeddable":true,"href":"https:\/\/portal.sma.gob.cl\/index.php\/wp-json\/wp\/v2\/users\/8"}],"replies":[{"embeddable":true,"href":"https:\/\/portal.sma.gob.cl\/index.php\/wp-json\/wp\/v2\/comments?post=21150"}],"version-history":[{"count":2,"href":"https:\/\/portal.sma.gob.cl\/index.php\/wp-json\/wp\/v2\/posts\/21150\/revisions"}],"predecessor-version":[{"id":21152,"href":"https:\/\/portal.sma.gob.cl\/index.php\/wp-json\/wp\/v2\/posts\/21150\/revisions\/21152"}],"wp:featuredmedia":[{"embeddable":true,"href":"https:\/\/portal.sma.gob.cl\/index.php\/wp-json\/wp\/v2\/media\/21145"}],"wp:attachment":[{"href":"https:\/\/portal.sma.gob.cl\/index.php\/wp-json\/wp\/v2\/media?parent=21150"}],"wp:term":[{"taxonomy":"category","embeddable":true,"href":"https:\/\/portal.sma.gob.cl\/index.php\/wp-json\/wp\/v2\/categories?post=21150"},{"taxonomy":"post_tag","embeddable":true,"href":"https:\/\/portal.sma.gob.cl\/index.php\/wp-json\/wp\/v2\/tags?post=21150"}],"curies":[{"name":"wp","href":"https:\/\/api.w.org\/{rel}","templated":true}]}}