{"id":21196,"date":"2020-07-22T13:16:15","date_gmt":"2020-07-22T17:16:15","guid":{"rendered":"https:\/\/portal.sma.gob.cl\/?p=21196"},"modified":"2020-07-31T15:41:52","modified_gmt":"2020-07-31T19:41:52","slug":"superintendente-de-la-maza-designa-a-juan-pablo-granzow-como-jefe-oficina-regional-biobio","status":"publish","type":"post","link":"https:\/\/portal.sma.gob.cl\/index.php\/superintendente-de-la-maza-designa-a-juan-pablo-granzow-como-jefe-oficina-regional-biobio\/","title":{"rendered":"Superintendente De La Maza designa a Juan Pablo Granzow, como Jefe Oficina Regional Biob\u00edo"},"content":{"rendered":"<p style=\"font-weight: 400;\"><strong>El nombramiento, a quien se desempe\u00f1a como subrogante desde diciembre a la fecha, tiene el m\u00e9rito de la carrera funcionaria de esta Superintendencia, lo cual demuestra su experiencia en temas medioambientales.<\/strong><\/p>\n<p style=\"font-weight: 400;\"><strong>Concepci\u00f3n, 22 de julio de 2020.-<\/strong>\u00a0El Superintendente del Medio Ambiente, Crist\u00f3bal De La Maza design\u00f3 a partir de hoy a Juan Pablo Granzow Cabrera como titular en el cargo de jefe de la Oficina Regional del Biob\u00edo, conforme a la Resoluci\u00f3n Exenta N\u00ba 1236.<\/p>\n<p style=\"font-weight: 400;\">Juan Pablo Granzow es bi\u00f3logo marino de la Facultad de Ciencias Naturales y Recursos Oceanogr\u00e1ficos de la Universidad de Concepci\u00f3n (UDEC) y cuenta con dos Post\u00edtulos en Gesti\u00f3n Ambiental. El primero, en la Universidad de Chile y, el segundo, desarrollado en la Prefectura de Osaka, Jap\u00f3n, como parte del programa de apoyo del Gobierno del Jap\u00f3n a pa\u00edses en desarrollo. Este programa fue desarrollado conjuntamente con el Gobierno de la Prefectura de Osaka, con la Universidad de Osaka, JICA y con el Global Environmental Center (GEC) del Programa para el Medio Ambiente de Naciones Unidas (UNEP), involucrando clases te\u00f3ricas, visitas a instalaciones y lecturas guiadas.<\/p>\n<p style=\"font-weight: 400;\">El profesional -que actualmente se encuentra cursando un Mag\u00edster en Gesti\u00f3n Ambiental en la Universidad del Desarrollo, sede Concepci\u00f3n- cuenta con una extensa trayectoria en el sector p\u00fablico y un amplio curr\u00edculum como docente en las Universidades del Desarrollo y Federico Santa Mar\u00eda, en las c\u00e1tedras de Legislaci\u00f3n Ambiental Aplicada y Evaluaci\u00f3n de Impacto Ambiental (EVIA), respectivamente.<\/p>\n<p style=\"font-weight: 400;\">Previo a su llegada a la Superintendencia del Medio Ambiente (SMA), Granzow se desempe\u00f1\u00f3 como fiscalizador de la Unidad de Gesti\u00f3n Ambiental de la Seremi de Salud en la regi\u00f3n del Biob\u00edo, per\u00edodo en que fue responsable de la evaluaci\u00f3n ambiental de m\u00e1s de 450 proyectos en el marco del SEIA, adem\u00e1s del control y vigilancia de emisiones atmosf\u00e9ricas y calidad del aire para el Gran Concepci\u00f3n.<\/p>\n<p style=\"font-weight: 400;\">Asimismo, fue contraparte t\u00e9cnica de la CONAMA Biob\u00edo, donde tuvo a su cargo la vigilancia ac\u00fastica respecto del DS 146\/1997 del MINSEGPRES, modificado posteriormente por el D.S. N\u00b038\/2011 del MMA, y contraparte de la SISS para el control sanitario de las emisiones de residuos l\u00edquidos y operaci\u00f3n de las Plantas de Tratamiento de Residuos L\u00edquidos seg\u00fan DFL 725\/1967, y los D.S. N\u00b0 90\/00 y DS N\u00b0 46\/02 del MINSEGPRES. Tambi\u00e9n se desempe\u00f1\u00f3 controlando los programas de Residuos L\u00edquidos, S\u00f3lidos, Domiciliarios, Industriales y Peligrosos, tambi\u00e9n lo hizo con el registro de emisiones y transferencias contaminantes (RETC), tanto sanitariamente, como en el marco del desarrollo de planes y programas regionales.<\/p>\n<p style=\"font-weight: 400;\">El Superintendente Crist\u00f3bal De La Maza, indic\u00f3 que este nombramiento es un reconocimiento, adem\u00e1s, a sus a\u00f1os de servicio p\u00fablico y a su aporte profesional en los distintos equipos con los que ha debido trabajar tanto interna como intersectorialmente. \u201cEstamos muy contentos con la designaci\u00f3n de Juan Pablo como titular en el cargo, pues sabemos que adem\u00e1s de contar con todas las competencias t\u00e9cnicas que requiere una responsabilidad como \u00e9sta, es un profesional que ha sabido representar el rol de la Superintendencia\u201d, sostuvo.<\/p>\n","protected":false},"excerpt":{"rendered":"<p>El nombramiento, a quien se desempe\u00f1a como subrogante desde diciembre a la fecha, tiene el m\u00e9rito de la carrera funcionaria de esta Superintendencia, lo cual demuestra su experiencia en temas medioambientales. Concepci\u00f3n, 22 de julio de 2020.-\u00a0El Superintendente del Medio Ambiente, Crist\u00f3bal De La Maza design\u00f3 a partir de hoy a Juan Pablo Granzow Cabrera como <a href=\"https:\/\/portal.sma.gob.cl\/index.php\/superintendente-de-la-maza-designa-a-juan-pablo-granzow-como-jefe-oficina-regional-biobio\/\">Leer m\u00e1s<\/a><\/p>\n","protected":false},"author":8,"featured_media":21294,"comment_status":"open","ping_status":"open","sticky":false,"template":"","format":"standard","meta":{"footnotes":""},"categories":[90,107],"tags":[],"class_list":["post-21196","post","type-post","status-publish","format-standard","has-post-thumbnail","hentry","category-comunicados-noticias","category-destacado"],"_links":{"self":[{"href":"https:\/\/portal.sma.gob.cl\/index.php\/wp-json\/wp\/v2\/posts\/21196","targetHints":{"allow":["GET"]}}],"collection":[{"href":"https:\/\/portal.sma.gob.cl\/index.php\/wp-json\/wp\/v2\/posts"}],"about":[{"href":"https:\/\/portal.sma.gob.cl\/index.php\/wp-json\/wp\/v2\/types\/post"}],"author":[{"embeddable":true,"href":"https:\/\/portal.sma.gob.cl\/index.php\/wp-json\/wp\/v2\/users\/8"}],"replies":[{"embeddable":true,"href":"https:\/\/portal.sma.gob.cl\/index.php\/wp-json\/wp\/v2\/comments?post=21196"}],"version-history":[{"count":2,"href":"https:\/\/portal.sma.gob.cl\/index.php\/wp-json\/wp\/v2\/posts\/21196\/revisions"}],"predecessor-version":[{"id":21295,"href":"https:\/\/portal.sma.gob.cl\/index.php\/wp-json\/wp\/v2\/posts\/21196\/revisions\/21295"}],"wp:featuredmedia":[{"embeddable":true,"href":"https:\/\/portal.sma.gob.cl\/index.php\/wp-json\/wp\/v2\/media\/21294"}],"wp:attachment":[{"href":"https:\/\/portal.sma.gob.cl\/index.php\/wp-json\/wp\/v2\/media?parent=21196"}],"wp:term":[{"taxonomy":"category","embeddable":true,"href":"https:\/\/portal.sma.gob.cl\/index.php\/wp-json\/wp\/v2\/categories?post=21196"},{"taxonomy":"post_tag","embeddable":true,"href":"https:\/\/portal.sma.gob.cl\/index.php\/wp-json\/wp\/v2\/tags?post=21196"}],"curies":[{"name":"wp","href":"https:\/\/api.w.org\/{rel}","templated":true}]}}