{"id":21198,"date":"2020-07-22T16:46:54","date_gmt":"2020-07-22T20:46:54","guid":{"rendered":"https:\/\/portal.sma.gob.cl\/?p=21198"},"modified":"2020-07-22T16:46:54","modified_gmt":"2020-07-22T20:46:54","slug":"atacama-sma-reformula-cargos-contra-enami","status":"publish","type":"post","link":"https:\/\/portal.sma.gob.cl\/index.php\/atacama-sma-reformula-cargos-contra-enami\/","title":{"rendered":"Atacama: SMA reformula cargos contra ENAMI"},"content":{"rendered":"<p><strong>Tras reiterados episodios de superaci\u00f3n de niveles de emergencia ambiental de di\u00f3xido de azufre (SO<sub>2<\/sub>) para las estaciones de Tierra Amarilla y Paipote, la SMA constat\u00f3 incumplimientos graves y grav\u00edsimos por parte de la Fundaci\u00f3n Hern\u00e1n Videla Lira-ENAMI respecto de las acciones y medidas establecidas en su Plan Operacional, lo que podr\u00eda generar un riesgo significativo para la salud de la poblaci\u00f3n. <\/strong><\/p>\n<p><strong>Copiap\u00f3, 22 de julio de 2020.-<\/strong> La Superintendencia del Medio Ambiente (SMA), reformul\u00f3 cargos contra de la Empresa Nacional de Miner\u00eda (ENAMI) respecto de la Unidad Fiscalizable Fundici\u00f3n Hern\u00e1n Videla Lira (FHVL), ubicada en la localidad de Paipote, ciudad de Copiap\u00f3, Regi\u00f3n de Atacama, por no ajustarse al Plan de Acci\u00f3n Operacional, registr\u00e1ndose reiteradas alzas de concentraciones de Di\u00f3xido de Azufre (SO<sub>2<\/sub>) en las estaciones de monitoreo de ENAMI, Tierra Amarilla y Paipote.<\/p>\n<p>Las infracciones constatadas fueron clasificadas como graves y grav\u00edsimas por haber generado un riesgo significativo para la salud de la poblaci\u00f3n. En el mismo acto, se formularon cargos por incumplimientos reiterados a la Norma de Emisi\u00f3n para Fundiciones de Cobre y Fuentes Emisoras de Ars\u00e9nico por parte de ENAMI, constatados en los a\u00f1os 2019 y 2020.<\/p>\n<p>Como contexto de este caso, las actividades de fiscalizaci\u00f3n de la SMA se verificaron de oficio y otras con el objeto de dar cumplimiento a lo dispuesto por la Corte de Apelaciones de Copiap\u00f3, en fallo de fecha 11 de octubre de 2019, dictado en causa de acci\u00f3n de protecci\u00f3n Rol N\u00b0101-2019.<\/p>\n<p>Dicho recurso fue interpuesto por el Instituto de Derechos Humanos de Atacama, en representaci\u00f3n de 58 habitantes de la comuna de Tierra Amarilla, en contra de ENAMI, por los eventos de emisiones atmosf\u00e9ricas de los d\u00edas 13 de marzo y 16 de abril, ambos del a\u00f1o 2019, asociados a la FHVL.<\/p>\n<p>Frente a lo anterior, la SMA realiz\u00f3 actividades de fiscalizaci\u00f3n peri\u00f3dicas, constatando episodios de superaci\u00f3n de niveles de emergencia ambiental de SO<sub>2<\/sub> los d\u00edas 17 de abril, 27 de abril, 6 de mayo, 24 de mayo, 7 de junio y 8 de junio del presente a\u00f1o. Las inspecciones tambi\u00e9n demostraron que la cantidad de toneladas de mineral a fundir diariamente, super\u00f3 las 1200 ton\/d\u00eda consideradas en el Plan Operacional.<\/p>\n<p>Al respecto, el jefe de la Oficina Regional de Atacama de la SMA, Felipe S\u00e1nchez afirm\u00f3 que \u201csi bien, esta Superintendencia hab\u00eda formulado dos cargos en contra de la empresa, frente a nuevos antecedentes y actividades de fiscalizaci\u00f3n que se realizaron a prop\u00f3sito de la orden de la Corte de Apelaciones de Copiap\u00f3, la SMA reformul\u00f3 cargos contra ENAMI determinando 10 infracciones, de las cuales, la N\u00b03, 4, 6 y 7 fueron clasificadas como grav\u00edsimas\u201d, indic\u00f3.<\/p>\n<p>La infracci\u00f3n N\u00b03 se sustenta en que \u00e9sta no oper\u00f3 conforme al Plan de Acci\u00f3n Operacional existiendo condici\u00f3n extrema conforme al informe meteorol\u00f3gico pronosticado para los d\u00edas 17 y 27 de abril, 6 y 24 de mayo, 7 y 8 de junio del presente a\u00f1o.<\/p>\n<p>En relaci\u00f3n a la infracci\u00f3n N\u00b04, la empresa no declar\u00f3 en el sistema de seguimiento ambiental de la SMA los incidentes ocurridos este a\u00f1o: el 27 de abril, correspondiente a la rotura en el ducto que transporta gases desde el Convertidor Teniente hacia la Planta de \u00c1cido N\u00b02, denominado <em>ducto inclinado<\/em>; el 7 de junio, correspondiente a una falla en reparaci\u00f3n efectuada en la l\u00ednea tobera; el 8 de junio, correspondiente a una falla en la rastra inferior del precipitador electrost\u00e1tico; y el 9 de abril, correspondiente a una falla en las Plantas de \u00c1cido 1 y 2, las cuales no estaban funcionando.<\/p>\n<p>Sobre la infracci\u00f3n N\u00b06, los datos de monitoreo continuo a los que tiene acceso en l\u00ednea la SMA no corresponden a aquellos que permiten verificar el cumplimiento de los l\u00edmites m\u00e1ximos de emisi\u00f3n.<\/p>\n<p>Por \u00faltimo, la infracci\u00f3n N\u00b07 se fundamenta porque la empresa no valid\u00f3 los Sistemas de Monitoreo Continuo (CEMS) instalados en las chimeneas de la Planta de Tratamiento de Gases de Cola, durante el periodo comprendido entre el 1 de enero de 2019 al 20 de diciembre de 2019.<\/p>\n<p>Tras la notificaci\u00f3n de reformulaci\u00f3n de cargos, ENAMI tendr\u00e1 la alternativa de presentar un Programa de Cumplimiento o Descargos. En caso de que concurra una sanci\u00f3n, conforme a la respectiva resoluci\u00f3n de t\u00e9rmino del procedimiento sancionatorio, ENAMI podr\u00e1 ser objeto de una clausura o multa de hasta 5.000 unidades tributarias anuales (UTA) respecto de las infracciones graves, y de una clausura o multa de hasta 10.000 UTA respecto de las infracciones grav\u00edsimas.<\/p>\n<p>La empresa tendr\u00e1 un plazo de 10 d\u00edas h\u00e1biles para la presentaci\u00f3n de un Programa de Cumplimiento y de 15 d\u00edas h\u00e1biles para formular sus Descargos, ambos plazos contados desde la notificaci\u00f3n de la Resoluci\u00f3n Exenta N\u00b03\/Rol D-062-2019.<\/p>\n<p>Para mayor detalle, acceder a la reformulaci\u00f3n de cargos en el Sistema Nacional de Informaci\u00f3n de Fiscalizaci\u00f3n Ambiental (SNIFA): <a href=\"https:\/\/snifa.sma.gob.cl\/Sancionatorio\/Ficha\/1917\">https:\/\/snifa.sma.gob.cl\/Sancionatorio\/Ficha\/1917<\/a><\/p>\n","protected":false},"excerpt":{"rendered":"<p>Tras reiterados episodios de superaci\u00f3n de niveles de emergencia ambiental de di\u00f3xido de azufre (SO2) para las estaciones de Tierra Amarilla y Paipote, la SMA constat\u00f3 incumplimientos graves y grav\u00edsimos por parte de la Fundaci\u00f3n Hern\u00e1n Videla Lira-ENAMI respecto de las acciones y medidas establecidas en su Plan Operacional, lo que podr\u00eda generar un riesgo significativo <a href=\"https:\/\/portal.sma.gob.cl\/index.php\/atacama-sma-reformula-cargos-contra-enami\/\">Leer m\u00e1s<\/a><\/p>\n","protected":false},"author":8,"featured_media":21200,"comment_status":"open","ping_status":"open","sticky":false,"template":"","format":"standard","meta":{"footnotes":""},"categories":[90,107],"tags":[],"class_list":["post-21198","post","type-post","status-publish","format-standard","has-post-thumbnail","hentry","category-comunicados-noticias","category-destacado"],"_links":{"self":[{"href":"https:\/\/portal.sma.gob.cl\/index.php\/wp-json\/wp\/v2\/posts\/21198","targetHints":{"allow":["GET"]}}],"collection":[{"href":"https:\/\/portal.sma.gob.cl\/index.php\/wp-json\/wp\/v2\/posts"}],"about":[{"href":"https:\/\/portal.sma.gob.cl\/index.php\/wp-json\/wp\/v2\/types\/post"}],"author":[{"embeddable":true,"href":"https:\/\/portal.sma.gob.cl\/index.php\/wp-json\/wp\/v2\/users\/8"}],"replies":[{"embeddable":true,"href":"https:\/\/portal.sma.gob.cl\/index.php\/wp-json\/wp\/v2\/comments?post=21198"}],"version-history":[{"count":1,"href":"https:\/\/portal.sma.gob.cl\/index.php\/wp-json\/wp\/v2\/posts\/21198\/revisions"}],"predecessor-version":[{"id":21199,"href":"https:\/\/portal.sma.gob.cl\/index.php\/wp-json\/wp\/v2\/posts\/21198\/revisions\/21199"}],"wp:featuredmedia":[{"embeddable":true,"href":"https:\/\/portal.sma.gob.cl\/index.php\/wp-json\/wp\/v2\/media\/21200"}],"wp:attachment":[{"href":"https:\/\/portal.sma.gob.cl\/index.php\/wp-json\/wp\/v2\/media?parent=21198"}],"wp:term":[{"taxonomy":"category","embeddable":true,"href":"https:\/\/portal.sma.gob.cl\/index.php\/wp-json\/wp\/v2\/categories?post=21198"},{"taxonomy":"post_tag","embeddable":true,"href":"https:\/\/portal.sma.gob.cl\/index.php\/wp-json\/wp\/v2\/tags?post=21198"}],"curies":[{"name":"wp","href":"https:\/\/api.w.org\/{rel}","templated":true}]}}