{"id":21209,"date":"2020-07-23T16:41:30","date_gmt":"2020-07-23T20:41:30","guid":{"rendered":"https:\/\/portal.sma.gob.cl\/?p=21209"},"modified":"2020-07-23T16:41:30","modified_gmt":"2020-07-23T20:41:30","slug":"los-lagos-sma-inicia-nueve-procesos-sancionatorios-a-sectores-regulados-en-el-marco-del-pda-osorno","status":"publish","type":"post","link":"https:\/\/portal.sma.gob.cl\/index.php\/los-lagos-sma-inicia-nueve-procesos-sancionatorios-a-sectores-regulados-en-el-marco-del-pda-osorno\/","title":{"rendered":"Los Lagos: SMA inicia nueve procesos sancionatorios a sectores regulados en el marco del PDA Osorno"},"content":{"rendered":"<p><strong>La Superintendencia del Medio Ambiente, inici\u00f3 una serie de procedimientos sancionatorios por incumplimientos a las medidas del Plan, en virtud de las fiscalizaciones realizadas entre los a\u00f1os 2018 y 2019.<\/strong><\/p>\n<p><strong>Osorno, 24 de julio de 2020.-<\/strong> La Superintendencia del Medio Ambiente (SMA) inici\u00f3 nueve Procesos Sancionatorios a sectores regulados en el marco del PDA de la ciudad de Osorno, vinculados principalmente a incumplimientos de los l\u00edmites de emisi\u00f3n de calderas de edificios residenciales, comercio de le\u00f1a h\u00fameda y uso de artefactos a le\u00f1a en el rubro comercial.<\/p>\n<p>Es importante precisar, que la mayor\u00eda de las unidades fiscalizadas, conforme a lo que dispone la Ley Org\u00e1nica de la Superintendencia del Medio Ambiente (LOSMA) se han acogido a Programas de Cumplimiento (PdC), por lo que est\u00e1n presentando cambios tecnol\u00f3gicos y alternativas m\u00e1s amigables con el medio ambiente, eliminando fuentes que originan contaminaci\u00f3n, cambiando el combustible por uno menos contaminante o realizando mediciones isocin\u00e9ticas a sus emisiones y que hasta ahora, no estaban siendo ejecutadas.<\/p>\n<p>A los procesos indicados anteriormente, se suman otros cuatro ya iniciados en a\u00f1os anteriores y que, a la fecha, se encuentran en estado \u201cTerminado\u201d o \u201cEtapa Final\u201d del proceso.<\/p>\n<p>Ivonne Mansilla, jefa de la Oficina Regional Los Lagos, se\u00f1al\u00f3 que \u201cdesde el 2017, las fiscalizaciones que hemos realizado han aumentado progresivamente, tanto en la cantidad de unidades fiscalizables, como en el n\u00famero de \u00e9stas. A la fecha, suman m\u00e1s de 250 inspecciones realizadas s\u00f3lo por nuestro equipo regional. Si a ello, sumamos aquellas que hacemos en conjunto y coordinaci\u00f3n con la SEREMI de Salud, superamos las 320 acciones en terreno\u201d, indic\u00f3 Mansilla.<\/p>\n<p>Por \u00faltimo, se debe se\u00f1alar que las infracciones levantadas han sido en su mayor\u00eda clasificadas en primera instancia como Leves, por lo que los titulares de dichas instalaciones se exponen a multas que van desde 1 a 1.000 Unidades Tributarias Anuales (UTA) o amonestaci\u00f3n por escrito.<\/p>\n<p>Es importante recordar que las medidas del Plan que fiscaliza la Superintendencia del Medio Ambiente son:<\/p>\n<ul>\n<li>Prohibici\u00f3n de chimenea hogar abierto en establecimientos p\u00fablicos y privados.<\/li>\n<li>Prohibici\u00f3n uso de artefactos a le\u00f1a, en establecimientos comerciales.<\/li>\n<li>Prohibici\u00f3n uso de artefactos a le\u00f1a, en \u00f3rganos del Estado y en los edificios municipales.<\/li>\n<li>Comercializaci\u00f3n de le\u00f1a seca, uso de xilohigr\u00f3metro, Tabla de Conversi\u00f3n Cal\u00f3rica e informaci\u00f3n al cliente.<\/li>\n<li>L\u00edmite de emisi\u00f3n de Material Particulado (MP) y di\u00f3xido de azufre (SO2) y eficiencia, para calderas nuevas y existentes. Mediciones discretas.<\/li>\n<li>Instalaci\u00f3n de CEMS para calderas de potencia mayor o igual a 20 MWT.<\/li>\n<li>Compensaci\u00f3n de emisiones de MP para proyectos que generen sobre 1 ton\/a\u00f1o en cualquiera de sus etapas.<\/li>\n<\/ul>\n<p>Para m\u00e1s informaci\u00f3n y detalle de cada caso, lo invitamos a revisar el Sistema Nacional de Informaci\u00f3n de Fiscalizaci\u00f3n Ambiental (SNIFA): <a href=\"https:\/\/snifa.sma.gob.cl\/Sancionatorio\/Resultado\">https:\/\/snifa.sma.gob.cl\/Sancionatorio\/Resultado<\/a><\/p>\n","protected":false},"excerpt":{"rendered":"<p>La Superintendencia del Medio Ambiente, inici\u00f3 una serie de procedimientos sancionatorios por incumplimientos a las medidas del Plan, en virtud de las fiscalizaciones realizadas entre los a\u00f1os 2018 y 2019. Osorno, 24 de julio de 2020.- La Superintendencia del Medio Ambiente (SMA) inici\u00f3 nueve Procesos Sancionatorios a sectores regulados en el marco del PDA de la <a href=\"https:\/\/portal.sma.gob.cl\/index.php\/los-lagos-sma-inicia-nueve-procesos-sancionatorios-a-sectores-regulados-en-el-marco-del-pda-osorno\/\">Leer m\u00e1s<\/a><\/p>\n","protected":false},"author":8,"featured_media":21208,"comment_status":"open","ping_status":"open","sticky":false,"template":"","format":"standard","meta":{"footnotes":""},"categories":[90,107],"tags":[],"class_list":["post-21209","post","type-post","status-publish","format-standard","has-post-thumbnail","hentry","category-comunicados-noticias","category-destacado"],"_links":{"self":[{"href":"https:\/\/portal.sma.gob.cl\/index.php\/wp-json\/wp\/v2\/posts\/21209","targetHints":{"allow":["GET"]}}],"collection":[{"href":"https:\/\/portal.sma.gob.cl\/index.php\/wp-json\/wp\/v2\/posts"}],"about":[{"href":"https:\/\/portal.sma.gob.cl\/index.php\/wp-json\/wp\/v2\/types\/post"}],"author":[{"embeddable":true,"href":"https:\/\/portal.sma.gob.cl\/index.php\/wp-json\/wp\/v2\/users\/8"}],"replies":[{"embeddable":true,"href":"https:\/\/portal.sma.gob.cl\/index.php\/wp-json\/wp\/v2\/comments?post=21209"}],"version-history":[{"count":3,"href":"https:\/\/portal.sma.gob.cl\/index.php\/wp-json\/wp\/v2\/posts\/21209\/revisions"}],"predecessor-version":[{"id":21212,"href":"https:\/\/portal.sma.gob.cl\/index.php\/wp-json\/wp\/v2\/posts\/21209\/revisions\/21212"}],"wp:featuredmedia":[{"embeddable":true,"href":"https:\/\/portal.sma.gob.cl\/index.php\/wp-json\/wp\/v2\/media\/21208"}],"wp:attachment":[{"href":"https:\/\/portal.sma.gob.cl\/index.php\/wp-json\/wp\/v2\/media?parent=21209"}],"wp:term":[{"taxonomy":"category","embeddable":true,"href":"https:\/\/portal.sma.gob.cl\/index.php\/wp-json\/wp\/v2\/categories?post=21209"},{"taxonomy":"post_tag","embeddable":true,"href":"https:\/\/portal.sma.gob.cl\/index.php\/wp-json\/wp\/v2\/tags?post=21209"}],"curies":[{"name":"wp","href":"https:\/\/api.w.org\/{rel}","templated":true}]}}