{"id":21217,"date":"2020-07-27T18:25:41","date_gmt":"2020-07-27T22:25:41","guid":{"rendered":"https:\/\/portal.sma.gob.cl\/?p=21217"},"modified":"2020-07-27T18:25:41","modified_gmt":"2020-07-27T22:25:41","slug":"autoridades-ambientales-fiscalizan-a-industrias-de-la-rm-en-episodio-de-preemergencia-ambiental","status":"publish","type":"post","link":"https:\/\/portal.sma.gob.cl\/index.php\/autoridades-ambientales-fiscalizan-a-industrias-de-la-rm-en-episodio-de-preemergencia-ambiental\/","title":{"rendered":"Autoridades Ambientales fiscalizan a industrias de la RM en episodio de Preemergencia Ambiental"},"content":{"rendered":"<p><strong>En el marco de la cuarta Preemergencia declarada -que rige durante esta jornada en la Regi\u00f3n Metropolitana- el Intendente Felipe Guevara en conjunto con el Superintendente del Medio Ambiente, Crist\u00f3bal de La Maza y el Seremi del Medio Ambiente RM, Diego Riveaux, inspeccionaron a las industrias, cuyas fuentes fijas deb\u00edan paralizar sus procesos y\/o calderas desde la medianoche.<\/strong><\/p>\n<p><strong>Santiago, 27 de julio de 2020. <\/strong>En el contexto de una nueva declaraci\u00f3n de Preemergencia establecida para hoy por la Intendencia Regional Metropolitana, funcionarios de la Superintendencia del Medio Ambiente (SMA) realizaron rondas de fiscalizaciones a las fuentes fijas de las empresas Pizarre\u00f1o S.A., LICAN Alimentos, SOPROLE, Generadora Metropolitana, PROEXA Alimentos y Electrolux, ubicadas en las comunas de Maip\u00fa y Renca.<\/p>\n<p>El Intendente Regional, <strong>Felipe Guevara<\/strong>, en conjunto con el Superintendente del Medio Ambiente, <strong>Crist\u00f3bal De La Maza<\/strong>, y el Seremi del Medio Ambiente RM, <strong>Diego Riveaux<\/strong>, supervisaron algunas de estas inspecciones, recorriendo las instalaciones de los establecimientos, donde se constat\u00f3 que hubo cumplimiento de las medidas de paralizaci\u00f3n de los procesos industriales y sus calderas, tal cual lo indica la Gesti\u00f3n de Episodios Cr\u00edticos (GEC) del Plan de Prevenci\u00f3n y Descontaminaci\u00f3n Atmosf\u00e9rica para Santiago (PPDA).<\/p>\n<p>En ese contexto, el Intendente Guevara, sostuvo que \u201c<em>estamos viviendo una situaci\u00f3n de mala Calidad del Aire, por lo cual se decret\u00f3 la cuarta Preemergencia. Reiteramos el llamado a la no utilizaci\u00f3n de le\u00f1a -considerando que casi el 40% de la contaminaci\u00f3n en la capital es por su uso-\u00a0 particularmente en estos d\u00edas de fr\u00edo y cuarentena donde la gran mayor\u00eda est\u00e1 en sus hogares, y desde temprano hemos observado chimeneas encendidas. Adem\u00e1s le solicitamos a toda la ciudadan\u00eda que den aviso a las autoridades si una empresa o vecino no cumple con las medidas implementadas, ya que la mala ventilaci\u00f3n nos afecta a todos<\/em>\u201d.<\/p>\n<p>Por su parte, el Superintendente <strong>Crist\u00f3bal De La Maza<\/strong> explic\u00f3 que durante este periodo Gesti\u00f3n de Episodios Cr\u00edticos (GEC) han multiplicado por cuatro las fiscalizaciones: 108 actividades de fiscalizaci\u00f3n a 244 Fuentes Fijas v\/s 20 actividades de fiscalizaci\u00f3n a 35 Fuentes Fijas en el a\u00f1o 2019.<\/p>\n<p><em>\u201cEn la cuarta Preemergencia del a\u00f1o estamos fiscalizando a la empresa Electrolux para ver si sus procesos y calderas industriales cumplen con las obligaciones del Plan de Descontaminaci\u00f3n Atmosf\u00e9rica, esto es su paralizaci\u00f3n en Preemergencia, como est\u00e1 ocurriendo hoy, y los l\u00edmites de emisi\u00f3n y todos los sistemas de reportes que est\u00e1n obligados a informar a la autoridad. En este caso, varias de las fuentes industriales que detectamos estaban clarificadas como inactivas, pero eso no est\u00e1 actualizado en los sistemas de la SMA, y es por eso que instruimos a la empresa a que lo haga cuanto antes para mejorar nuestros sistemas de fiscalizaci\u00f3n\u201d.<\/em><\/p>\n<p>En tanto, el Seremi del Medio Ambiente RM, <strong>Diego Riveaux<\/strong>, explic\u00f3 que en los \u00faltimos d\u00edas la cuenca de Santiago se ha visto afectada por malas condiciones atmosf\u00e9ricas producto de la poca ventilaci\u00f3n y las bajas temperaturas lo que signific\u00f3 que durante este domingo la cuenca de Santiago mantuviera altas concentraciones y estabilidad atmosf\u00e9rica, y 4 estaciones de la Red de Monitoreo del Ministerio del Medio Ambiente alcanzaran niveles de Alerta Ambiental<em>.<\/em><\/p>\n<p><em>\u201cEsto nos oblig\u00f3 a declarar Preemergencia para el lunes para evitar que la poblaci\u00f3n se exponga innecesariamente a altos \u00edndices de contaminaci\u00f3n. <\/em><em>Hoy se mantiene la mala ventilaci\u00f3n, pero observamos que s\u00f3lo 2 estaciones se encuentran en niveles de Alerta Ambiental, fundamentalmente porque al declarar la Preemergencia sumamos otras restricciones a las medidas permanentes en GEC lo que nos permite bajar o mantener los \u00edndices de contaminaci\u00f3n. Es fundamental que la ciudadan\u00eda siga respetando las medidas como la Restricci\u00f3n Vehicular, las Quemas Agr\u00edcolas y el uso de Calefactores a Le\u00f1a<\/em>\u201d, puntualiz\u00f3.<\/p>\n<p>La autoridad ambiental agreg\u00f3 que hasta el momento en la Regi\u00f3n Metropolitana se han constatado 2 Preemergencias Ambientales y 12 Alertas, en tanto que a la misma fecha del a\u00f1o pasado se registraban 8 Preemergencias y 18 Alertas.<\/p>\n<p>Cabe recordar, que la paralizaci\u00f3n de la industria se aplica a las fuentes estacionarias operando en grandes establecimientos industriales, cuyos titulares no acrediten mediante una medici\u00f3n de emisiones vigente, que la concentraci\u00f3n de material particulado (MP) en sus emisiones, es inferior o igual a 15 mg\/m3N, cuyo listado puede revisarse en: <a href=\"https:\/\/mma.gob.cl\/listado-de-grandes-establecimientos-en-la-rm\/\">https:\/\/mma.gob.cl\/listado-de-grandes-establecimientos-en-la-rm\/<\/a> y el desglose de sus fuentes fijas en: <a href=\"https:\/\/seremi13.redsalud.gob.cl\/\">https:\/\/seremi13.redsalud.gob.cl\/<\/a><\/p>\n<p>La medida de Preemergencia rige por un periodo de 24 horas, renovables, a partir de las 00:00 horas del d\u00eda para el cual se declara el episodio cr\u00edtico.<\/p>\n<p>Las empresas que no respeten las medidas se arriesgan a infracciones establecidas por la Ley Org\u00e1nica de la SMA que van desde:<\/p>\n<ul>\n<li>Infracciones leves: amonestaciones por escrito y multas de 1 hasta 1.000 UTA.<\/li>\n<li>Infracciones graves: revocaci\u00f3n de la RCA, clausura temporal o definitiva, y multas de hasta 5.000 UTA.<\/li>\n<li>Infracciones grav\u00edsimas: revocaci\u00f3n de la RCA, clausura temporal o definitiva, y multas de hasta 10.000 unidades tributarias mensuales (UTA).<\/li>\n<\/ul>\n<p>&nbsp;<\/p>\n<p>&nbsp;<\/p>\n","protected":false},"excerpt":{"rendered":"<p>En el marco de la cuarta Preemergencia declarada -que rige durante esta jornada en la Regi\u00f3n Metropolitana- el Intendente Felipe Guevara en conjunto con el Superintendente del Medio Ambiente, Crist\u00f3bal de La Maza y el Seremi del Medio Ambiente RM, Diego Riveaux, inspeccionaron a las industrias, cuyas fuentes fijas deb\u00edan paralizar sus procesos y\/o calderas desde <a href=\"https:\/\/portal.sma.gob.cl\/index.php\/autoridades-ambientales-fiscalizan-a-industrias-de-la-rm-en-episodio-de-preemergencia-ambiental\/\">Leer m\u00e1s<\/a><\/p>\n","protected":false},"author":8,"featured_media":21214,"comment_status":"open","ping_status":"open","sticky":false,"template":"","format":"standard","meta":{"footnotes":""},"categories":[90,107],"tags":[],"class_list":["post-21217","post","type-post","status-publish","format-standard","has-post-thumbnail","hentry","category-comunicados-noticias","category-destacado"],"_links":{"self":[{"href":"https:\/\/portal.sma.gob.cl\/index.php\/wp-json\/wp\/v2\/posts\/21217","targetHints":{"allow":["GET"]}}],"collection":[{"href":"https:\/\/portal.sma.gob.cl\/index.php\/wp-json\/wp\/v2\/posts"}],"about":[{"href":"https:\/\/portal.sma.gob.cl\/index.php\/wp-json\/wp\/v2\/types\/post"}],"author":[{"embeddable":true,"href":"https:\/\/portal.sma.gob.cl\/index.php\/wp-json\/wp\/v2\/users\/8"}],"replies":[{"embeddable":true,"href":"https:\/\/portal.sma.gob.cl\/index.php\/wp-json\/wp\/v2\/comments?post=21217"}],"version-history":[{"count":1,"href":"https:\/\/portal.sma.gob.cl\/index.php\/wp-json\/wp\/v2\/posts\/21217\/revisions"}],"predecessor-version":[{"id":21218,"href":"https:\/\/portal.sma.gob.cl\/index.php\/wp-json\/wp\/v2\/posts\/21217\/revisions\/21218"}],"wp:featuredmedia":[{"embeddable":true,"href":"https:\/\/portal.sma.gob.cl\/index.php\/wp-json\/wp\/v2\/media\/21214"}],"wp:attachment":[{"href":"https:\/\/portal.sma.gob.cl\/index.php\/wp-json\/wp\/v2\/media?parent=21217"}],"wp:term":[{"taxonomy":"category","embeddable":true,"href":"https:\/\/portal.sma.gob.cl\/index.php\/wp-json\/wp\/v2\/categories?post=21217"},{"taxonomy":"post_tag","embeddable":true,"href":"https:\/\/portal.sma.gob.cl\/index.php\/wp-json\/wp\/v2\/tags?post=21217"}],"curies":[{"name":"wp","href":"https:\/\/api.w.org\/{rel}","templated":true}]}}