{"id":21259,"date":"2020-07-29T12:26:03","date_gmt":"2020-07-29T16:26:03","guid":{"rendered":"https:\/\/portal.sma.gob.cl\/?p=21259"},"modified":"2020-07-29T15:31:26","modified_gmt":"2020-07-29T19:31:26","slug":"biobio-sma-formula-cargos-contra-transelec-s-a-por-impacto-significativo-a-vegetacion-nativa","status":"publish","type":"post","link":"https:\/\/portal.sma.gob.cl\/index.php\/biobio-sma-formula-cargos-contra-transelec-s-a-por-impacto-significativo-a-vegetacion-nativa\/","title":{"rendered":"Biob\u00edo: SMA formula cargos contra Transelec S.A. por incumplimiento al Plan de Medidas de Compensaci\u00f3n sobre flora nativa"},"content":{"rendered":"<p><strong>La decisi\u00f3n fue adoptada tras el seguimiento ambiental del proyecto y el incumplimiento al Plan de Medidas de Compensaci\u00f3n sobre la afectaci\u00f3n en la vegetaci\u00f3n de la zona y su posterior reforestaci\u00f3n.<\/strong><\/p>\n<p><strong>Concepci\u00f3n, 29 de julio de 2020.-<\/strong> La Superintendencia del Medio Ambiente (SMA) formul\u00f3 cargos contra la empresa Transelec S.A., titular del proyecto \u201cL\u00ednea de Transmisi\u00f3n El\u00e9ctrica 2 x 220 kV Charr\u00faa \u2013 Lagunillas y obras asociadas\u201d, calificado ambientalmente mediante Resoluci\u00f3n de Calificaci\u00f3n Ambiental (RCA) N\u00b0174\/2009 de la Comisi\u00f3n Regional del Medio Ambiente de la Regi\u00f3n del Biob\u00edo.<\/p>\n<p>Seg\u00fan explic\u00f3 el jefe de la oficina regional de Bio-B\u00edo, Juan Pablo Granzow, el cargo formulado se origina tras \u201cuna fiscalizaci\u00f3n ambiental realizada por funcionarios de CONAF, en febrero de 2019, en la que se constat\u00f3 incumplimiento respecto al manejo de la vegetaci\u00f3n nativa en la faja de servidumbre, de fen\u00f3menos de erosi\u00f3n y reporte de seguimiento ambiental por parte del titular del proyecto, todo consignado en el Informe de Fiscalizaci\u00f3n Ambiental titulado \u201cLAT CHARR\u00daA \u2013 LAGUNILLAS\u201d. Potenciales incumplimientos, que luego fueron descartados&#8221;.<\/p>\n<p>A este respecto, Granzow sostuvo que \u201cla gravedad del cargo tiene relaci\u00f3n con no dar cumplimiento satisfactorio a las medidas de compensaci\u00f3n del significativo impacto sobre la vegetaci\u00f3n de la zona, la no acreditaci\u00f3n por parte del titular de la reforestaci\u00f3n de las 10 hect\u00e1reas adicionales a la superficie de bosque nativo cortado, es decir 30 en total, en predios rurales acordados con CONAF, y no mantener la condici\u00f3n de prendimiento (supervivencia de plantas) de los ejemplares en los predios reforestados superior al 80%, de modo de garantizar lo comprometido y establecido en la RCA\u201d.<\/p>\n<p>Cabe destacar, que las medidas indicadas previamente son centrales para hacerse cargo del efecto generado por el proyecto, siendo una de las \u00fanicas formas establecidas en la evaluaci\u00f3n ambiental y en la RCA N\u00b0174\/2009 para minimizar el efecto generado sobre la vegetaci\u00f3n. Por lo tanto, su incumplimiento implica que no se ha asegurado la restituci\u00f3n de los ejemplares cortados, as\u00ed como las condiciones de h\u00e1bitat de flora y vegetaci\u00f3n nativa intervenidos para la materializaci\u00f3n de las obras, que permitan mantener o mejorar las condiciones previas a su ejecuci\u00f3n.<\/p>\n<p>Con toda esta informaci\u00f3n y luego del an\u00e1lisis de los antecedentes presentados, la SMA determin\u00f3 formular un cargo calificado como grave y que dice relaci\u00f3n con el art\u00edculo 39, Letra b) de la LO-SMA, que dispone que \u00e9stas podr\u00e1n ser objeto de revocaci\u00f3n de la RCA, clausura, o multa de hasta 5.000 Unidades Tributarias Anuales (UTA).<\/p>\n<p>El proyecto asociado a la L\u00ednea de Transmisi\u00f3n Charr\u00faa-Lagunillas, comprende la construcci\u00f3n y operaci\u00f3n de una nueva l\u00ednea de transmisi\u00f3n el\u00e9ctrica de doble circuito, una nueva subestaci\u00f3n, denominada subestaci\u00f3n Lagunillas y una l\u00ednea de cuatro circuitos. Las obras e instalaciones involucran dos provincias, Concepci\u00f3n y Biob\u00edo, y cuatro comunas, Coronel, Hualqui, Yumbel y Cabrero. El objetivo del proyecto es mejorar la capacidad de transmisi\u00f3n de energ\u00eda el\u00e9ctrica, a nivel comunal, regional y nacional.<\/p>\n<p>Tras la notificaci\u00f3n de esta formulaci\u00f3n de cargos, la empresa Transelec S.A., tendr\u00e1 un plazo de 10 d\u00edas h\u00e1biles para presentar un Programa de Cumplimiento (PdC) y de 15 d\u00edas h\u00e1biles para formular sus descargos respectivos.<\/p>\n<p>Para mayor detalle, acceder a la formulaci\u00f3n de cargos en el Sistema Nacional de Informaci\u00f3n de Fiscalizaci\u00f3n Ambiental (SNIFA): <a href=\"https:\/\/snifa.sma.gob.cl\/Sancionatorio\/Ficha\/2258\">https:\/\/snifa.sma.gob.cl\/Sancionatorio\/Ficha\/2258<\/a><\/p>\n","protected":false},"excerpt":{"rendered":"<p>La decisi\u00f3n fue adoptada tras el seguimiento ambiental del proyecto y el incumplimiento al Plan de Medidas de Compensaci\u00f3n sobre la afectaci\u00f3n en la vegetaci\u00f3n de la zona y su posterior reforestaci\u00f3n. Concepci\u00f3n, 29 de julio de 2020.- La Superintendencia del Medio Ambiente (SMA) formul\u00f3 cargos contra la empresa Transelec S.A., titular del proyecto \u201cL\u00ednea de <a href=\"https:\/\/portal.sma.gob.cl\/index.php\/biobio-sma-formula-cargos-contra-transelec-s-a-por-impacto-significativo-a-vegetacion-nativa\/\">Leer m\u00e1s<\/a><\/p>\n","protected":false},"author":8,"featured_media":21257,"comment_status":"open","ping_status":"open","sticky":false,"template":"","format":"standard","meta":{"footnotes":""},"categories":[90,107],"tags":[],"class_list":["post-21259","post","type-post","status-publish","format-standard","has-post-thumbnail","hentry","category-comunicados-noticias","category-destacado"],"_links":{"self":[{"href":"https:\/\/portal.sma.gob.cl\/index.php\/wp-json\/wp\/v2\/posts\/21259","targetHints":{"allow":["GET"]}}],"collection":[{"href":"https:\/\/portal.sma.gob.cl\/index.php\/wp-json\/wp\/v2\/posts"}],"about":[{"href":"https:\/\/portal.sma.gob.cl\/index.php\/wp-json\/wp\/v2\/types\/post"}],"author":[{"embeddable":true,"href":"https:\/\/portal.sma.gob.cl\/index.php\/wp-json\/wp\/v2\/users\/8"}],"replies":[{"embeddable":true,"href":"https:\/\/portal.sma.gob.cl\/index.php\/wp-json\/wp\/v2\/comments?post=21259"}],"version-history":[{"count":6,"href":"https:\/\/portal.sma.gob.cl\/index.php\/wp-json\/wp\/v2\/posts\/21259\/revisions"}],"predecessor-version":[{"id":21269,"href":"https:\/\/portal.sma.gob.cl\/index.php\/wp-json\/wp\/v2\/posts\/21259\/revisions\/21269"}],"wp:featuredmedia":[{"embeddable":true,"href":"https:\/\/portal.sma.gob.cl\/index.php\/wp-json\/wp\/v2\/media\/21257"}],"wp:attachment":[{"href":"https:\/\/portal.sma.gob.cl\/index.php\/wp-json\/wp\/v2\/media?parent=21259"}],"wp:term":[{"taxonomy":"category","embeddable":true,"href":"https:\/\/portal.sma.gob.cl\/index.php\/wp-json\/wp\/v2\/categories?post=21259"},{"taxonomy":"post_tag","embeddable":true,"href":"https:\/\/portal.sma.gob.cl\/index.php\/wp-json\/wp\/v2\/tags?post=21259"}],"curies":[{"name":"wp","href":"https:\/\/api.w.org\/{rel}","templated":true}]}}