{"id":21266,"date":"2020-07-29T16:44:34","date_gmt":"2020-07-29T20:44:34","guid":{"rendered":"https:\/\/portal.sma.gob.cl\/?p=21266"},"modified":"2020-07-29T16:44:34","modified_gmt":"2020-07-29T20:44:34","slug":"la-serena-sma-realiza-taller-de-norma-luminica-2","status":"publish","type":"post","link":"https:\/\/portal.sma.gob.cl\/index.php\/la-serena-sma-realiza-taller-de-norma-luminica-2\/","title":{"rendered":"La Serena: SMA realiza taller de norma lum\u00ednica"},"content":{"rendered":"<p><strong>La actividad cont\u00f3 con cerca de 40 profesionales del sector inmobiliario afectos al Decreto Supremo N\u00ba 43 del Ministerio del Medio Ambiente.<\/strong><\/p>\n<p><strong>La Serena, 29 de julio de 2020.<\/strong> La Oficina Regional de Coquimbo de la SMA organiz\u00f3 el martes 28 de julio un exitoso taller denominado \u201cReportes Norma Lum\u00ednica Proyectos Inmobiliarios\/Redes Viales\u201d sobre la normativa que tiene como objetivo preservar la oscuridad de los cielos nocturnos para la observaci\u00f3n astron\u00f3mica entre las regiones de Antofagasta y Coquimbo.<\/p>\n<p><a href=\"https:\/\/portal.sma.gob.cl\/wp-content\/uploads\/2020\/07\/Coquimbo-taller-norma-lumi\u0301nica.jpeg\"><img decoding=\"async\" class=\"alignleft wp-image-21270 size-fusion-400\" src=\"https:\/\/portal.sma.gob.cl\/wp-content\/uploads\/2020\/07\/Coquimbo-taller-norma-lumi\u0301nica-400x195.jpeg\" alt=\"\" width=\"400\" height=\"195\" srcset=\"https:\/\/portal.sma.gob.cl\/wp-content\/uploads\/2020\/07\/Coquimbo-taller-norma-lumi\u0301nica-200x97.jpeg 200w, https:\/\/portal.sma.gob.cl\/wp-content\/uploads\/2020\/07\/Coquimbo-taller-norma-lumi\u0301nica-300x146.jpeg 300w, https:\/\/portal.sma.gob.cl\/wp-content\/uploads\/2020\/07\/Coquimbo-taller-norma-lumi\u0301nica-400x195.jpeg 400w, https:\/\/portal.sma.gob.cl\/wp-content\/uploads\/2020\/07\/Coquimbo-taller-norma-lumi\u0301nica.jpeg 588w\" sizes=\"(max-width: 400px) 100vw, 400px\" \/><\/a>El taller cont\u00f3 con la exposici\u00f3n de Mat\u00edas Tapia, fiscalizador del \u00e1rea lum\u00ednica y ruido de la SMA del Nivel Central, quien explic\u00f3 c\u00f3mo se realiza la fiscalizaci\u00f3n en terreno, mostrando algunos ejemplos de los principales hallazgos encontrados en las recientes fiscalizaciones realizadas en la zona. Adem\u00e1s, la actividad cont\u00f3 con la participaci\u00f3n de Felipe Loaiza, profesional del departamento de ruido, lum\u00ednica y olores del Ministerio del Medio Ambiente, quien apoy\u00f3 en responder dudas y consultas de los asistentes sobre los principales aspectos de la norma lum\u00ednica.<\/p>\n<p>Al respecto, Vi\u0161nja Musi\u0107, jefa de la Oficina Regional de Coquimbo de la SMA destac\u00f3 que \u201cpara esta oficina regional, la fiscalizaci\u00f3n de la norma lum\u00ednica es muy importante. Asimismo, difundir la normativa y explicar a las empresas c\u00f3mo cumplir, lo cual se realiza en este tipo de talleres. Estamos muy contentos con la participaci\u00f3n, porque nos permite llegar hacia todos quienes tienen obligaciones para cumplir con la norma lum\u00ednica\u201d, indic\u00f3.<\/p>\n","protected":false},"excerpt":{"rendered":"<p>La actividad cont\u00f3 con cerca de 40 profesionales del sector inmobiliario afectos al Decreto Supremo N\u00ba 43 del Ministerio del Medio Ambiente. La Serena, 29 de julio de 2020. La Oficina Regional de Coquimbo de la SMA organiz\u00f3 el martes 28 de julio un exitoso taller denominado \u201cReportes Norma Lum\u00ednica Proyectos Inmobiliarios\/Redes Viales\u201d sobre la normativa <a href=\"https:\/\/portal.sma.gob.cl\/index.php\/la-serena-sma-realiza-taller-de-norma-luminica-2\/\">Leer m\u00e1s<\/a><\/p>\n","protected":false},"author":8,"featured_media":21271,"comment_status":"open","ping_status":"open","sticky":false,"template":"","format":"standard","meta":{"footnotes":""},"categories":[107,94],"tags":[],"class_list":["post-21266","post","type-post","status-publish","format-standard","has-post-thumbnail","hentry","category-destacado","category-notas-noticias"],"_links":{"self":[{"href":"https:\/\/portal.sma.gob.cl\/index.php\/wp-json\/wp\/v2\/posts\/21266","targetHints":{"allow":["GET"]}}],"collection":[{"href":"https:\/\/portal.sma.gob.cl\/index.php\/wp-json\/wp\/v2\/posts"}],"about":[{"href":"https:\/\/portal.sma.gob.cl\/index.php\/wp-json\/wp\/v2\/types\/post"}],"author":[{"embeddable":true,"href":"https:\/\/portal.sma.gob.cl\/index.php\/wp-json\/wp\/v2\/users\/8"}],"replies":[{"embeddable":true,"href":"https:\/\/portal.sma.gob.cl\/index.php\/wp-json\/wp\/v2\/comments?post=21266"}],"version-history":[{"count":2,"href":"https:\/\/portal.sma.gob.cl\/index.php\/wp-json\/wp\/v2\/posts\/21266\/revisions"}],"predecessor-version":[{"id":21272,"href":"https:\/\/portal.sma.gob.cl\/index.php\/wp-json\/wp\/v2\/posts\/21266\/revisions\/21272"}],"wp:featuredmedia":[{"embeddable":true,"href":"https:\/\/portal.sma.gob.cl\/index.php\/wp-json\/wp\/v2\/media\/21271"}],"wp:attachment":[{"href":"https:\/\/portal.sma.gob.cl\/index.php\/wp-json\/wp\/v2\/media?parent=21266"}],"wp:term":[{"taxonomy":"category","embeddable":true,"href":"https:\/\/portal.sma.gob.cl\/index.php\/wp-json\/wp\/v2\/categories?post=21266"},{"taxonomy":"post_tag","embeddable":true,"href":"https:\/\/portal.sma.gob.cl\/index.php\/wp-json\/wp\/v2\/tags?post=21266"}],"curies":[{"name":"wp","href":"https:\/\/api.w.org\/{rel}","templated":true}]}}