{"id":21284,"date":"2020-07-30T16:51:10","date_gmt":"2020-07-30T20:51:10","guid":{"rendered":"https:\/\/portal.sma.gob.cl\/?p=21284"},"modified":"2020-07-30T16:51:10","modified_gmt":"2020-07-30T20:51:10","slug":"los-rios-sma-se-reune-con-comunidades-del-sector-costa-de-valdivia","status":"publish","type":"post","link":"https:\/\/portal.sma.gob.cl\/index.php\/los-rios-sma-se-reune-con-comunidades-del-sector-costa-de-valdivia\/","title":{"rendered":"Los R\u00edos: SMA se re\u00fane con comunidades del sector Costa de Valdivia"},"content":{"rendered":"<p><strong>Frente a denuncias por elusi\u00f3n al Sistema de Evaluaci\u00f3n de Impacto Ambiental de proyectos inmobiliarios.<\/strong><\/p>\n<p><strong>Valdivia, 30 de julio de 2020.- <\/strong>Esta ma\u00f1ana, el jefe de la Oficina Regional de la Superintendencia del Medio Ambiente (SMA) de Los R\u00edos, Eduardo Rodr\u00edguez se reuni\u00f3 con comunidades del sector Costa de Valdivia, quienes han presentado denuncia ambiental por posible elusi\u00f3n al Sistema de Evaluaci\u00f3n de Impacto Ambiental (SEIA) sobre diversos proyectos inmobiliarios que se estar\u00edan ejecutando en la zona.<\/p>\n<p>La preocupaci\u00f3n de los vecinos radica principalmente en el abastecimiento de agua potable, y como estos proyectos afectar\u00edan especialmente los sistemas de agua potable rural.<\/p>\n<p>Durante el encuentro, Rodr\u00edguez inform\u00f3 a la comunidad sobre las acciones que est\u00e1 realizando la SMA en este proceso de fiscalizaci\u00f3n que est\u00e1 en desarrollo. \u201cHoy nos reunimos con los vecinos, con los denunciantes, b\u00e1sicamente para explicar el procedimiento y en qu\u00e9 etapa estamos, conocer de primera fuente sus preocupaciones, y proyectos m\u00e1s cr\u00edticos, y tambi\u00e9n para informales que apenas tengamos una conclusi\u00f3n respecto a la aplicaci\u00f3n de eventuales causales de ingreso al Sistema de Evaluaci\u00f3n de Impacto Ambiental, se les informar\u00e1 formalmente\u201d.<\/p>\n<p>Adem\u00e1s, durante el encuentro, la autoridad inform\u00f3 tambi\u00e9n sobre todas las acciones realizadas hasta la fecha por la Oficina Regional. \u201cLa Superintendencia del Medio Ambiente abri\u00f3 los correspondientes expedientes de investigaci\u00f3n, se encuentra ejecutando acciones de fiscalizaci\u00f3n debidamente coordinados con el resto de la institucionalidad. En ese contexto, se han realizado inspecciones ambientales en conjunto con la Direcci\u00f3n General de Aguas, se ha practicado Requerimientos de Informaci\u00f3n bajo apercibimiento de sanci\u00f3n a los titulares de proyectos y se ha oficiado a distintos organismos con competencia ambiental como la Seremi del Medio Ambiente, la misma DGA, y CONAF para que informen sobre sus actuaciones, en especial las actividades de fiscalizaci\u00f3n sectoriales\u201d, agreg\u00f3 Rodr\u00edguez.<\/p>\n","protected":false},"excerpt":{"rendered":"<p>Frente a denuncias por elusi\u00f3n al Sistema de Evaluaci\u00f3n de Impacto Ambiental de proyectos inmobiliarios. Valdivia, 30 de julio de 2020.- Esta ma\u00f1ana, el jefe de la Oficina Regional de la Superintendencia del Medio Ambiente (SMA) de Los R\u00edos, Eduardo Rodr\u00edguez se reuni\u00f3 con comunidades del sector Costa de Valdivia, quienes han presentado denuncia ambiental por <a href=\"https:\/\/portal.sma.gob.cl\/index.php\/los-rios-sma-se-reune-con-comunidades-del-sector-costa-de-valdivia\/\">Leer m\u00e1s<\/a><\/p>\n","protected":false},"author":8,"featured_media":21282,"comment_status":"open","ping_status":"open","sticky":false,"template":"","format":"standard","meta":{"footnotes":""},"categories":[107,94],"tags":[],"class_list":["post-21284","post","type-post","status-publish","format-standard","has-post-thumbnail","hentry","category-destacado","category-notas-noticias"],"_links":{"self":[{"href":"https:\/\/portal.sma.gob.cl\/index.php\/wp-json\/wp\/v2\/posts\/21284","targetHints":{"allow":["GET"]}}],"collection":[{"href":"https:\/\/portal.sma.gob.cl\/index.php\/wp-json\/wp\/v2\/posts"}],"about":[{"href":"https:\/\/portal.sma.gob.cl\/index.php\/wp-json\/wp\/v2\/types\/post"}],"author":[{"embeddable":true,"href":"https:\/\/portal.sma.gob.cl\/index.php\/wp-json\/wp\/v2\/users\/8"}],"replies":[{"embeddable":true,"href":"https:\/\/portal.sma.gob.cl\/index.php\/wp-json\/wp\/v2\/comments?post=21284"}],"version-history":[{"count":1,"href":"https:\/\/portal.sma.gob.cl\/index.php\/wp-json\/wp\/v2\/posts\/21284\/revisions"}],"predecessor-version":[{"id":21285,"href":"https:\/\/portal.sma.gob.cl\/index.php\/wp-json\/wp\/v2\/posts\/21284\/revisions\/21285"}],"wp:featuredmedia":[{"embeddable":true,"href":"https:\/\/portal.sma.gob.cl\/index.php\/wp-json\/wp\/v2\/media\/21282"}],"wp:attachment":[{"href":"https:\/\/portal.sma.gob.cl\/index.php\/wp-json\/wp\/v2\/media?parent=21284"}],"wp:term":[{"taxonomy":"category","embeddable":true,"href":"https:\/\/portal.sma.gob.cl\/index.php\/wp-json\/wp\/v2\/categories?post=21284"},{"taxonomy":"post_tag","embeddable":true,"href":"https:\/\/portal.sma.gob.cl\/index.php\/wp-json\/wp\/v2\/tags?post=21284"}],"curies":[{"name":"wp","href":"https:\/\/api.w.org\/{rel}","templated":true}]}}