{"id":213,"date":"2012-07-31T17:26:20","date_gmt":"2012-07-31T17:26:20","guid":{"rendered":"https:\/\/avada.theme-fusion.com\/?p=213"},"modified":"2018-11-22T14:11:15","modified_gmt":"2018-11-22T14:11:15","slug":"noticia-1","status":"publish","type":"post","link":"https:\/\/portal.sma.gob.cl\/index.php\/noticia-1\/","title":{"rendered":"Corte Suprema confirma sanci\u00f3n de clausura de pozos aplicada a minera Maricunga"},"content":{"rendered":"<p>Luego de analizar los recursos de casaci\u00f3n de la empresa y la defensa de la SMA, la Excma. Corte Suprema desestim\u00f3 las alegaciones de Maricunga, confirmando la sentencia del Segundo Tribunal Ambiental que hab\u00eda ratificado la sanci\u00f3n aplicada por esta Superintendencia, consistente en la clausura de los pozos de extracci\u00f3n de agua del \u201cProyecto Minero Refugio\u201d.<\/p>\n<p>Santiago, 10 de octubre de 2018. El pasado martes 9 de octubre de 2018, la Excma. Corte Suprema dict\u00f3 sentencia en la causa rol 42004-2017, rechazando los recursos de casaci\u00f3n en la forma y en el fondo presentados por Minera Maricunga en contra de la sentencia dictada por el Ilustre Segundo Tribunal Ambiental en el caso R-118-2016, decisi\u00f3n que a su vez hab\u00eda confirmado la sanci\u00f3n de clausura de los pozos de extracci\u00f3n de agua del \u201cProyecto Minero Refugio\u201d, por el manejo inadecuado de los impactos ambientales no previstos que se extendieron a la cuenca Pantanillo-Ci\u00e9naga Redonda, ubicada en la Regi\u00f3n de Atacama.<\/p>\n<p>En el procedimiento sancionatorio indicado, la Superintendencia del Medio Ambiente (SMA) concluy\u00f3 que la compa\u00f1\u00eda no cumpli\u00f3 con sus obligaciones de dar aviso y de adoptar las acciones necesarias e id\u00f3neas para hacerse cargo de los impactos ambientales no previstos, consistentes en la disminuci\u00f3n del nivel fre\u00e1tico en la cuenca Pantanillo-Ci\u00e9naga Redonda, y el consecuente desecamiento de a lo menos 70 hect\u00e1reas de humedales del Complejo Lacustre Laguna del Negro Francisco y Laguna Santa Rosa, el cual adem\u00e1s corresponde a un Sitio Ramsar.<\/p>\n<p>Por esa raz\u00f3n, la SMA orden\u00f3 la clausura parcial de los pozos de extracci\u00f3n. El caudal autorizado fij\u00f3 niveles de extracci\u00f3n diferenciados por mes, considerando s\u00f3lo el agua necesaria para asegurar la recirculaci\u00f3n de soluci\u00f3n en las pilas de lixiviaci\u00f3n y el agua fresca para los trabajadores que deben permanecer en la faena de forma preventiva.<\/p>\n<p>La empresa reclam\u00f3 contra la resoluci\u00f3n que aplic\u00f3 la sanci\u00f3n de clausura, alegando ilegalidad de la misma por una serie de supuestos errores t\u00e9cnicos y jur\u00eddicos, todo lo cual fue desestimado por el Ilustre Segundo Tribunal Ambiental y la Excma. Corte Suprema.<\/p>\n<p>M\u00e1s informaci\u00f3n del caso en el Sistema Nacional de Informaci\u00f3n de Fiscalizaci\u00f3n Ambiental (SNIFA):<\/p>\n<p>http:\/\/snifa.sma.gob.cl\/v2\/Sancionatorio\/Ficha\/1215<\/p>\n","protected":false},"excerpt":{"rendered":"<p>Luego de analizar los recursos de casaci\u00f3n de la empresa y la defensa de la SMA, la Excma. Corte Suprema desestim\u00f3 las alegaciones de Maricunga, confirmando la sentencia del Segundo Tribunal Ambiental que hab\u00eda ratificado la sanci\u00f3n aplicada por esta Superintendencia, consistente en la clausura de los pozos de extracci\u00f3n de agua del \u201cProyecto Minero Refugio\u201d. <a href=\"https:\/\/portal.sma.gob.cl\/index.php\/noticia-1\/\">Leer m\u00e1s<\/a><\/p>\n","protected":false},"author":2,"featured_media":13533,"comment_status":"open","ping_status":"open","sticky":false,"template":"","format":"standard","meta":{"footnotes":""},"categories":[1],"tags":[11],"class_list":["post-213","post","type-post","status-publish","format-standard","has-post-thumbnail","hentry","category-sin-categoria","tag-video"],"_links":{"self":[{"href":"https:\/\/portal.sma.gob.cl\/index.php\/wp-json\/wp\/v2\/posts\/213","targetHints":{"allow":["GET"]}}],"collection":[{"href":"https:\/\/portal.sma.gob.cl\/index.php\/wp-json\/wp\/v2\/posts"}],"about":[{"href":"https:\/\/portal.sma.gob.cl\/index.php\/wp-json\/wp\/v2\/types\/post"}],"author":[{"embeddable":true,"href":"https:\/\/portal.sma.gob.cl\/index.php\/wp-json\/wp\/v2\/users\/2"}],"replies":[{"embeddable":true,"href":"https:\/\/portal.sma.gob.cl\/index.php\/wp-json\/wp\/v2\/comments?post=213"}],"version-history":[{"count":3,"href":"https:\/\/portal.sma.gob.cl\/index.php\/wp-json\/wp\/v2\/posts\/213\/revisions"}],"predecessor-version":[{"id":13534,"href":"https:\/\/portal.sma.gob.cl\/index.php\/wp-json\/wp\/v2\/posts\/213\/revisions\/13534"}],"wp:featuredmedia":[{"embeddable":true,"href":"https:\/\/portal.sma.gob.cl\/index.php\/wp-json\/wp\/v2\/media\/13533"}],"wp:attachment":[{"href":"https:\/\/portal.sma.gob.cl\/index.php\/wp-json\/wp\/v2\/media?parent=213"}],"wp:term":[{"taxonomy":"category","embeddable":true,"href":"https:\/\/portal.sma.gob.cl\/index.php\/wp-json\/wp\/v2\/categories?post=213"},{"taxonomy":"post_tag","embeddable":true,"href":"https:\/\/portal.sma.gob.cl\/index.php\/wp-json\/wp\/v2\/tags?post=213"}],"curies":[{"name":"wp","href":"https:\/\/api.w.org\/{rel}","templated":true}]}}