{"id":21324,"date":"2020-08-04T17:47:16","date_gmt":"2020-08-04T21:47:16","guid":{"rendered":"https:\/\/portal.sma.gob.cl\/?p=21324"},"modified":"2020-08-04T17:47:16","modified_gmt":"2020-08-04T21:47:16","slug":"sma-realiza-taller-de-asistencia-al-cumplimiento-ambiental-a-empresa-cmpc","status":"publish","type":"post","link":"https:\/\/portal.sma.gob.cl\/index.php\/sma-realiza-taller-de-asistencia-al-cumplimiento-ambiental-a-empresa-cmpc\/","title":{"rendered":"SMA realiza taller de asistencia al cumplimiento ambiental a empresa CMPC"},"content":{"rendered":"<p><strong>Actividad estuvo orientada a los sistemas de avisos, contingencias e incidentes y fue desarrollada por la secci\u00f3n de Calidad de Aire y Emisiones Atmosf\u00e9ricas de la Superintendencia del Medio Ambiente.<\/strong><\/p>\n<p><strong>Santiago, 4 de agosto de 2020.-<\/strong> Con el fin de generar una instancia de di\u00e1logo y acercamiento respecto de la fiscalizaci\u00f3n desarrollada por la Superintendencia del Medio Ambiente (SMA) con sus regulados, es que la entidad ha dado continuidad a la realizaci\u00f3n de talleres de asistencia al cumplimiento ambiental durante el mes de junio con diversos talleres a lo largo del pa\u00eds.<\/p>\n<p>En este contexto, el pasado 30 de julio la secci\u00f3n de Calidad de Aire y Emisiones Atmosf\u00e9ricas de la SMA, realiz\u00f3 un taller de asistencia al cumplimiento al holding forestal y papelero CMPC, incluyendo a los equipos ambientales de las plantas Santa Fe, Pac\u00edfico y Laja, y que estuvo orientado a los sistemas de avisos, contingencias e incidentes.<\/p>\n<p>En la actividad participaron profesionales de la secci\u00f3n mencionada y de la secci\u00f3n de recursos h\u00eddricos y biodiversidad, los que en conjunto abordaron la visi\u00f3n y desaf\u00edos de la fiscalizaci\u00f3n ambiental, la estrategia de fiscalizaci\u00f3n de normas de emisi\u00f3n, las particularidades de la norma de emisi\u00f3n de gases TRS, D.S. 37\/2011 MMA, y de la norma emisi\u00f3n para la regulaci\u00f3n de contaminantes asociados a las descargas de residuos l\u00edquidos a aguas marinas y continentales superficiales D.S. N\u00b090\/2001 MINSEGPRES, adem\u00e1s de los procesos de reporte de contingencias y de cumplimiento de la resoluci\u00f3n exenta N\u00b0497\/2020 SMA, sobre deberes de reporte durante el periodo de pandemia.<\/p>\n<p>Al respecto, Juan Pablo Rodr\u00edguez, jefe Calidad del Aire de la SMA, afirm\u00f3 que \u201ca la actividad asistieron remotamente, m\u00e1s de 30 profesionales del medio ambiente, los que pudieron recibir de primer mano la exposici\u00f3n y explicaci\u00f3n de las distintas obligaciones mencionadas, adem\u00e1s de clarificar los criterios con que la SMA aplica estas regulaciones, lo que permite que los titulares mejoren su nivel de cumplimiento de \u00e9stas\u201d, indic\u00f3.<\/p>\n","protected":false},"excerpt":{"rendered":"<p>Actividad estuvo orientada a los sistemas de avisos, contingencias e incidentes y fue desarrollada por la secci\u00f3n de Calidad de Aire y Emisiones Atmosf\u00e9ricas de la Superintendencia del Medio Ambiente. Santiago, 4 de agosto de 2020.- Con el fin de generar una instancia de di\u00e1logo y acercamiento respecto de la fiscalizaci\u00f3n desarrollada por la Superintendencia del <a href=\"https:\/\/portal.sma.gob.cl\/index.php\/sma-realiza-taller-de-asistencia-al-cumplimiento-ambiental-a-empresa-cmpc\/\">Leer m\u00e1s<\/a><\/p>\n","protected":false},"author":8,"featured_media":21322,"comment_status":"open","ping_status":"open","sticky":false,"template":"","format":"standard","meta":{"footnotes":""},"categories":[107,94],"tags":[],"class_list":["post-21324","post","type-post","status-publish","format-standard","has-post-thumbnail","hentry","category-destacado","category-notas-noticias"],"_links":{"self":[{"href":"https:\/\/portal.sma.gob.cl\/index.php\/wp-json\/wp\/v2\/posts\/21324","targetHints":{"allow":["GET"]}}],"collection":[{"href":"https:\/\/portal.sma.gob.cl\/index.php\/wp-json\/wp\/v2\/posts"}],"about":[{"href":"https:\/\/portal.sma.gob.cl\/index.php\/wp-json\/wp\/v2\/types\/post"}],"author":[{"embeddable":true,"href":"https:\/\/portal.sma.gob.cl\/index.php\/wp-json\/wp\/v2\/users\/8"}],"replies":[{"embeddable":true,"href":"https:\/\/portal.sma.gob.cl\/index.php\/wp-json\/wp\/v2\/comments?post=21324"}],"version-history":[{"count":1,"href":"https:\/\/portal.sma.gob.cl\/index.php\/wp-json\/wp\/v2\/posts\/21324\/revisions"}],"predecessor-version":[{"id":21325,"href":"https:\/\/portal.sma.gob.cl\/index.php\/wp-json\/wp\/v2\/posts\/21324\/revisions\/21325"}],"wp:featuredmedia":[{"embeddable":true,"href":"https:\/\/portal.sma.gob.cl\/index.php\/wp-json\/wp\/v2\/media\/21322"}],"wp:attachment":[{"href":"https:\/\/portal.sma.gob.cl\/index.php\/wp-json\/wp\/v2\/media?parent=21324"}],"wp:term":[{"taxonomy":"category","embeddable":true,"href":"https:\/\/portal.sma.gob.cl\/index.php\/wp-json\/wp\/v2\/categories?post=21324"},{"taxonomy":"post_tag","embeddable":true,"href":"https:\/\/portal.sma.gob.cl\/index.php\/wp-json\/wp\/v2\/tags?post=21324"}],"curies":[{"name":"wp","href":"https:\/\/api.w.org\/{rel}","templated":true}]}}