{"id":21406,"date":"2020-08-17T13:08:51","date_gmt":"2020-08-17T17:08:51","guid":{"rendered":"https:\/\/portal.sma.gob.cl\/?p=21406"},"modified":"2020-08-17T13:10:18","modified_gmt":"2020-08-17T17:10:18","slug":"modelo-predictivo-robustecera-el-plan-de-descontaminacion-atmosferica-de-concon-quintero-y-puchuncavi-superintendencia-del-medio-ambiente-y-uai-obtienen-fondo-para-desarrollar-modelo-de-inteligencia","status":"publish","type":"post","link":"https:\/\/portal.sma.gob.cl\/index.php\/modelo-predictivo-robustecera-el-plan-de-descontaminacion-atmosferica-de-concon-quintero-y-puchuncavi-superintendencia-del-medio-ambiente-y-uai-obtienen-fondo-para-desarrollar-modelo-de-inteligencia\/","title":{"rendered":"Modelo predictivo robustecer\u00e1 el Plan de Descontaminaci\u00f3n Atmosf\u00e9rica de Conc\u00f3n, Quintero y Puchuncav\u00ed: Superintendencia del Medio Ambiente y UAI obtienen fondo para desarrollar modelo de inteligencia ambiental"},"content":{"rendered":"<p><strong>Trabajo conjunto permitir\u00e1 que este proyecto de an\u00e1lisis y predicci\u00f3n habilite a la SMA para realizar acciones preventivas y reactivas que disminuyan los niveles de riesgo de la poblaci\u00f3n expuesta. <\/strong><\/p>\n<p><strong>Santiago, 17 de agosto de 2020.-<\/strong> El laboratorio de innovaci\u00f3n p\u00fablica de la Escuela de Gobierno de la Universidad Adolfo Ib\u00e1\u00f1ez, GobLab, obtuvo el fondo EmpatIA organizado por ILDA y el Centro Latam Digital, en conjunto con la Superintendencia del Medio Ambiente (SMA) para crear un modelo predictivo que robustecer\u00e1 el monitoreo al Plan de Descontaminaci\u00f3n Atmosf\u00e9rica vigente en Conc\u00f3n, Quintero y Puchuncav\u00ed.<\/p>\n<p>El proyecto tiene como objeto crear una herramienta que prediga la calidad del aire en la zona, territorio que constantemente sufre por una alta presencia de industrias contaminantes.<\/p>\n<p>Los resultados de este proyecto ayudar\u00e1n a la SMA a tomar medidas de car\u00e1cter preventivo incluyendo alertas a la ciudadan\u00eda y a organismos p\u00fablicos.<\/p>\n<p>El Rector de la Universidad Adolfo Ib\u00e1\u00f1ez, Harald Beyer, destac\u00f3 la participaci\u00f3n del GobLab, centro de la UAI, que aspira a aportar a la soluci\u00f3n de problemas p\u00fablicos complejos utilizando la ciencia de datos. \u201cLa UAI naci\u00f3 en la Regi\u00f3n de Valpara\u00edso y tiene un fuerte compromiso con su progreso. Este proyecto es un aporte para una zona que ha sufrido episodios cr\u00edticos de contaminaci\u00f3n completamente inesperados. A trav\u00e9s de esta iniciativa se aspira a predecir con anticipaci\u00f3n esos episodios mientras se completa el plan de descontaminaci\u00f3n. As\u00ed, se pueden prevenir impactos m\u00e1s severos sobre la poblaci\u00f3n. A trav\u00e9s de esta v\u00eda la UAI muestra su permanente compromiso social\u201d, sostuvo el rector.<\/p>\n<p>Para la construcci\u00f3n del modelo predictivo se utilizar\u00e1n nuevos datos que la SMA ha podido capturar desde la implementaci\u00f3n del Plan de Descontaminaci\u00f3n publicado en el Diario Oficial el 30 marzo de 2019, como son la informaci\u00f3n de emisiones en tiempo real de material particulado (MP), di\u00f3xido de azufre (SO2) y \u00f3xido de nitr\u00f3geno (NOx). Esto sumado a datos con los que se contaba previamente, como meteorolog\u00eda y calidad del aire.<\/p>\n<p>Por su lado, el Superintendente Del Medio Ambiente, Crist\u00f3bal De La Maza, recalc\u00f3 el impacto positivo que puede generar este proyecto y tambi\u00e9n lo beneficioso que ser\u00e1 trabajar junto a la UAI, dado que este an\u00e1lisis y predicci\u00f3n habilitar\u00e1 a la SMA para realizar acciones preventivas y reactivas que disminuyan los niveles de riesgo de la poblaci\u00f3n expuesta.<\/p>\n<p>\u201cNuestra estrategia 2020-2022, se ha centrado justamente \u2013a trav\u00e9s del Departamento de Gesti\u00f3n de la Informaci\u00f3n- en trabajar fuertemente la \u201cInteligencia Ambiental\u201d en nuestros procesos. Con el objetivo principal de potenciar las capacidades instaladas y consolidar la plataforma electr\u00f3nica de la SMA, mediante el uso de herramientas anal\u00edticas y la automatizaci\u00f3n de procesos que permitan la detecci\u00f3n temprana de desviaciones o irregularidades con respecto a la normativa ambiental, de manera de adoptar medidas y\/o acciones oportunamente\u201d, sostuvo De La Maza.<\/p>\n<p>Recalc\u00f3 que \u201cdebemos aprovechar la transformaci\u00f3n tecnol\u00f3gica que se est\u00e1 experimentando a nivel mundial para reforzar la protecci\u00f3n ambiental de la comunidad y asegurar el cumplimiento normativo.\u201d<\/p>\n<p>A\u00f1adi\u00f3 que \u201cnuestro objetivo es precisamente facilitar el cumplimiento de la comunidad regulada, mediante el uso de reporte electr\u00f3nico y la retroalimentaci\u00f3n temprana sobre el nivel de cumplimiento en zonas tan importantes como Conc\u00f3n, Quintero y Puchuncav\u00ed\u201d.<\/p>\n<p>Para m\u00e1s detalles de los proyectos ganadores del Fondo EmpatIA, haz clic aqu\u00ed: <a href=\"https:\/\/idatosabiertos.org\/proyectos-ganadores-y-con-mencion-de-honor-del-programa-empatia\/\">https:\/\/idatosabiertos.org\/proyectos-ganadores-y-con-mencion-de-honor-del-programa-empatia\/<\/a><\/p>\n","protected":false},"excerpt":{"rendered":"<p>Trabajo conjunto permitir\u00e1 que este proyecto de an\u00e1lisis y predicci\u00f3n habilite a la SMA para realizar acciones preventivas y reactivas que disminuyan los niveles de riesgo de la poblaci\u00f3n expuesta. Santiago, 17 de agosto de 2020.- El laboratorio de innovaci\u00f3n p\u00fablica de la Escuela de Gobierno de la Universidad Adolfo Ib\u00e1\u00f1ez, GobLab, obtuvo el fondo EmpatIA <a href=\"https:\/\/portal.sma.gob.cl\/index.php\/modelo-predictivo-robustecera-el-plan-de-descontaminacion-atmosferica-de-concon-quintero-y-puchuncavi-superintendencia-del-medio-ambiente-y-uai-obtienen-fondo-para-desarrollar-modelo-de-inteligencia\/\">Leer m\u00e1s<\/a><\/p>\n","protected":false},"author":8,"featured_media":21405,"comment_status":"open","ping_status":"open","sticky":false,"template":"","format":"standard","meta":{"footnotes":""},"categories":[90,107],"tags":[],"class_list":["post-21406","post","type-post","status-publish","format-standard","has-post-thumbnail","hentry","category-comunicados-noticias","category-destacado"],"_links":{"self":[{"href":"https:\/\/portal.sma.gob.cl\/index.php\/wp-json\/wp\/v2\/posts\/21406","targetHints":{"allow":["GET"]}}],"collection":[{"href":"https:\/\/portal.sma.gob.cl\/index.php\/wp-json\/wp\/v2\/posts"}],"about":[{"href":"https:\/\/portal.sma.gob.cl\/index.php\/wp-json\/wp\/v2\/types\/post"}],"author":[{"embeddable":true,"href":"https:\/\/portal.sma.gob.cl\/index.php\/wp-json\/wp\/v2\/users\/8"}],"replies":[{"embeddable":true,"href":"https:\/\/portal.sma.gob.cl\/index.php\/wp-json\/wp\/v2\/comments?post=21406"}],"version-history":[{"count":4,"href":"https:\/\/portal.sma.gob.cl\/index.php\/wp-json\/wp\/v2\/posts\/21406\/revisions"}],"predecessor-version":[{"id":21410,"href":"https:\/\/portal.sma.gob.cl\/index.php\/wp-json\/wp\/v2\/posts\/21406\/revisions\/21410"}],"wp:featuredmedia":[{"embeddable":true,"href":"https:\/\/portal.sma.gob.cl\/index.php\/wp-json\/wp\/v2\/media\/21405"}],"wp:attachment":[{"href":"https:\/\/portal.sma.gob.cl\/index.php\/wp-json\/wp\/v2\/media?parent=21406"}],"wp:term":[{"taxonomy":"category","embeddable":true,"href":"https:\/\/portal.sma.gob.cl\/index.php\/wp-json\/wp\/v2\/categories?post=21406"},{"taxonomy":"post_tag","embeddable":true,"href":"https:\/\/portal.sma.gob.cl\/index.php\/wp-json\/wp\/v2\/tags?post=21406"}],"curies":[{"name":"wp","href":"https:\/\/api.w.org\/{rel}","templated":true}]}}