{"id":21414,"date":"2020-08-18T09:04:21","date_gmt":"2020-08-18T13:04:21","guid":{"rendered":"https:\/\/portal.sma.gob.cl\/?p=21414"},"modified":"2020-08-18T09:29:25","modified_gmt":"2020-08-18T13:29:25","slug":"sma-ordena-medidas-provisionales-pre-procedimentales-a-terminal-maritimo-quintero-oxiquim","status":"publish","type":"post","link":"https:\/\/portal.sma.gob.cl\/index.php\/sma-ordena-medidas-provisionales-pre-procedimentales-a-terminal-maritimo-quintero-oxiquim\/","title":{"rendered":"SMA ordena medidas provisionales pre-procedimentales a Terminal Mar\u00edtimo Quintero Oxiquim"},"content":{"rendered":"<p><strong>Las medidas se ordenaron luego de fiscalizar los compromisos ambientales de la planta frente a denuncias por malos olores.<\/strong><\/p>\n<p><strong>Valpara\u00edso, 18 de agosto de 2020. <\/strong>El Superintendente del Medio Ambiente, Crist\u00f3bal De La Maza dict\u00f3 medidas provisionales pre-procedimentales contra la empresa Oxiquim S.A., titular del Terminal Mar\u00edtimo Oxiquim Quintero, ubicada en la comuna de Quintero, regi\u00f3n de Valpara\u00edso; debido a denuncias por malos olores en la zona durante la madrugada de este viernes, y que podr\u00edan ser emitidos desde la planta.<\/p>\n<p>Al respecto, el Superintendente del Medio Ambiente, Crist\u00f3bal De La Maza inform\u00f3 que \u201clas medidas provisionales pre-procidementales ordenadas contra la empresa se sustentan tras el deficiente manejo del Estanque TK-202 para el control de las emisiones fugitivas desde este, lo que pod\u00eda derivar en un riesgo para la operaci\u00f3n del Terminal Mar\u00edtimo, y tambi\u00e9n podr\u00eda derivar en efectos negativos para el medio ambiente y la salud de las personas\u201d, indic\u00f3 la autoridad.<\/p>\n<p>En la inspecci\u00f3n realizada por profesionales de la delegaci\u00f3n exclusiva de la SMA en Quintero, se detect\u00f3 que mientras se efectuaba la descarga de Vinil Acrilato Mon\u00f3mero (V.A.M.) desde B\/T GINGA OCELOT hacia el Estanque TK-202, \u00e9ste se encontraba sin el pasador que sella la tapa del manhole, cuya \u00faltima mantenci\u00f3n del estanque se realiz\u00f3 el 12 de septiembre de 2018.<\/p>\n<p>Adem\u00e1s, es importante destacar que, durante la fiscalizaci\u00f3n y de acuerdo con el pron\u00f3stico meteorol\u00f3gico del d\u00eda 14 de agosto existi\u00f3 mala condici\u00f3n de ventilaci\u00f3n en la zona, y seg\u00fan lo establecido en el Plan Operacional Terminal Mar\u00edtimo Quintero Oxiquim se debieran haber \u201csuspendido las aperturas de escotillas de estanques que almacenan productos potencialmente emisores de COV (compuestos org\u00e1nicos vol\u00e1tiles) o que contengan residuos de \u00e9stos\u201d.<\/p>\n<p>Por esta raz\u00f3n, y considerando la Ley Org\u00e1nica de la SMA (ART.N\u00b0 48 LETRA A) se dictaron las siguientes medidas contra la planta, que deben cumplirse e informarse en 15 d\u00edas h\u00e1biles:<\/p>\n<p>La primera, consiste en ejecutar el mantenimiento inmediato del manhole (tapa para el estanque) superior del estanque TK-202, lo que se acreditar\u00e1 a trav\u00e9s de los medios verificadores que den cuenta de la ejecuci\u00f3n efectiva de la mantenci\u00f3n realizada. Plazo de ejecuci\u00f3n: 3 d\u00edas, contados desde la fecha de la notificaci\u00f3n de la presente resoluci\u00f3n.<\/p>\n<p>Adem\u00e1s, se orden\u00f3 ejecutar pruebas de hermeticidad que evidencien la ausencia de fugas desde uniones, pipping, v\u00e1lvulas, entre otros mecanismos del manhole superior asociado al estanque TK-202. Plazo de ejecuci\u00f3n: 6 d\u00edas, contados desde la notificaci\u00f3n de la presente resoluci\u00f3n.<\/p>\n<p>A ello se suma, un an\u00e1lisis t\u00e9cnico de causa del problema detectado con el manhole superior del estanque TK-202. Plazo de ejecuci\u00f3n: dentro de los primeros 5 d\u00edas h\u00e1biles contados desde la notificaci\u00f3n de la presente Resoluci\u00f3n.<\/p>\n<p>Tambi\u00e9n se le orden\u00f3 un an\u00e1lisis t\u00e9cnico de la causa del problema detectado con el manhole superior del estanque TK-202. Plazo de ejecuci\u00f3n: 6 d\u00edas, contados desde la fecha de la notificaci\u00f3n de la presente resoluci\u00f3n.<\/p>\n<p>Finalmente, a la empresa se le ordenaron medidas de control de fugas que el titular deber\u00e1 implementar para evitar situaciones como la sucedida en esta ocasi\u00f3n. Plazo de ejecuci\u00f3n: 6 d\u00edas, contados desde la notificaci\u00f3n de la presente Resoluci\u00f3n.<\/p>\n<p>Por \u00faltimo, cabe se\u00f1alar que la SMA solicit\u00f3 al titular que un plazo de 10 d\u00edas h\u00e1biles contados desde el vencimiento de las medidas ordenadas, deber\u00e1 presentar un reporte de cumplimiento de las mismas, adjuntando todos los medios verificadores correspondientes.<\/p>\n","protected":false},"excerpt":{"rendered":"<p>Las medidas se ordenaron luego de fiscalizar los compromisos ambientales de la planta frente a denuncias por malos olores. Valpara\u00edso, 18 de agosto de 2020. El Superintendente del Medio Ambiente, Crist\u00f3bal De La Maza dict\u00f3 medidas provisionales pre-procedimentales contra la empresa Oxiquim S.A., titular del Terminal Mar\u00edtimo Oxiquim Quintero, ubicada en la comuna de Quintero, regi\u00f3n <a href=\"https:\/\/portal.sma.gob.cl\/index.php\/sma-ordena-medidas-provisionales-pre-procedimentales-a-terminal-maritimo-quintero-oxiquim\/\">Leer m\u00e1s<\/a><\/p>\n","protected":false},"author":8,"featured_media":21411,"comment_status":"open","ping_status":"open","sticky":false,"template":"","format":"standard","meta":{"footnotes":""},"categories":[90,107],"tags":[],"class_list":["post-21414","post","type-post","status-publish","format-standard","has-post-thumbnail","hentry","category-comunicados-noticias","category-destacado"],"_links":{"self":[{"href":"https:\/\/portal.sma.gob.cl\/index.php\/wp-json\/wp\/v2\/posts\/21414","targetHints":{"allow":["GET"]}}],"collection":[{"href":"https:\/\/portal.sma.gob.cl\/index.php\/wp-json\/wp\/v2\/posts"}],"about":[{"href":"https:\/\/portal.sma.gob.cl\/index.php\/wp-json\/wp\/v2\/types\/post"}],"author":[{"embeddable":true,"href":"https:\/\/portal.sma.gob.cl\/index.php\/wp-json\/wp\/v2\/users\/8"}],"replies":[{"embeddable":true,"href":"https:\/\/portal.sma.gob.cl\/index.php\/wp-json\/wp\/v2\/comments?post=21414"}],"version-history":[{"count":2,"href":"https:\/\/portal.sma.gob.cl\/index.php\/wp-json\/wp\/v2\/posts\/21414\/revisions"}],"predecessor-version":[{"id":21416,"href":"https:\/\/portal.sma.gob.cl\/index.php\/wp-json\/wp\/v2\/posts\/21414\/revisions\/21416"}],"wp:featuredmedia":[{"embeddable":true,"href":"https:\/\/portal.sma.gob.cl\/index.php\/wp-json\/wp\/v2\/media\/21411"}],"wp:attachment":[{"href":"https:\/\/portal.sma.gob.cl\/index.php\/wp-json\/wp\/v2\/media?parent=21414"}],"wp:term":[{"taxonomy":"category","embeddable":true,"href":"https:\/\/portal.sma.gob.cl\/index.php\/wp-json\/wp\/v2\/categories?post=21414"},{"taxonomy":"post_tag","embeddable":true,"href":"https:\/\/portal.sma.gob.cl\/index.php\/wp-json\/wp\/v2\/tags?post=21414"}],"curies":[{"name":"wp","href":"https:\/\/api.w.org\/{rel}","templated":true}]}}