{"id":21434,"date":"2020-08-19T17:00:15","date_gmt":"2020-08-19T21:00:15","guid":{"rendered":"https:\/\/portal.sma.gob.cl\/?p=21434"},"modified":"2020-08-19T17:00:15","modified_gmt":"2020-08-19T21:00:15","slug":"sma-inaugura-centro-de-toma-de-muestras-de-quintero-puchuncavi","status":"publish","type":"post","link":"https:\/\/portal.sma.gob.cl\/index.php\/sma-inaugura-centro-de-toma-de-muestras-de-quintero-puchuncavi\/","title":{"rendered":"SMA inaugura Centro de Toma de Muestras de Quintero-Puchuncav\u00ed"},"content":{"rendered":"<p><strong>Oficina ser\u00e1 operada por funcionarios de la Superintendencia del Medio Ambiente destinados en la zona, como parte del compromiso acordado por parte de las autoridades del Ministerio del Medio Ambiente con la comunidad.<\/strong><\/p>\n<p><strong>Puchuncav\u00ed, 19 de agosto de 2020.-<\/strong> La Superintendencia del Medio Ambiente inaugur\u00f3 esta ma\u00f1ana el Centro de Toma de Muestra de Quintero-Puchuncav\u00ed, y que cuenta con todo el equipamiento necesario para la toma de muestras de compuestos org\u00e1nicos vol\u00e1tiles (COVs), tanto de manera pasiva como activa, manteniendo el mismo est\u00e1ndar desarrollado por expertos noruegos. La actividad cont\u00f3 con la presencia de la alcadesa de la comuna de Puchuncav\u00ed, Eliana Olmos; la seremi de Medio Ambiente Regi\u00f3n Valpara\u00edso, Victoria Gazmuri; la jefa de la Oficina Regional SMA, Ana Mar\u00eda Guti\u00e9rrez; y el jefe del Departamento An\u00e1lisis Ambiental SMA, Rodrigo Romero.<\/p>\n<p>El Centro de Toma de Muestras ser\u00e1 operado por funcionarios de la SMA establecidos en la zona como parte del compromiso acordado por parte de las autoridades del Ministerio del Medio Ambiente con la comunidad, y ya se encuentra en funcionamiento al interior de la Ilustre Municipalidad de Puchuncav\u00ed.<\/p>\n<p>Al respecto, la jefa de la Oficina Regional SMA de Valpara\u00edso, Ana Mar\u00eda Guti\u00e9rrez se\u00f1al\u00f3 que \u201cel Centro de Toma de Muestras fue implementado en directa coordinaci\u00f3n con la alcaldesa Eliana Olmos, a quien agradecemos su buena disposici\u00f3n porque nos facilit\u00f3 dos salas de la Municipalidad para la habilitaci\u00f3n del Centro, el que contar\u00e1 con todo el equipamiento necesario para la toma de muestras de compuestos org\u00e1nicos vol\u00e1tiles\u201d, afirm\u00f3 la autoridad.<\/p>\n<p>De esta forma, con el nuevo Centro de Toma de Muestras, en caso de ocurrir una nueva situaci\u00f3n de emergencia ambiental en la regi\u00f3n, los fiscalizadores de la SMA dispondr\u00e1n de todas las medidas necesarias y los est\u00e1ndares de los protocolos de muestreo requeridos, para tomar las muestras y llevarlas de forma inmediata al laboratorio para su caracterizaci\u00f3n.<\/p>\n<p>En esta materia, la seremi de Medio Ambiente Regi\u00f3n Valpara\u00edso, Victoria Gazmuri relev\u00f3 que \u201cla inauguraci\u00f3n de este Centro de Toma de Muestras viene a complementar el trabajo que se est\u00e1 realizando con la nueva red de monitoreo de las tres comunas, el Plan de Prevenci\u00f3n y Descontaminaci\u00f3n Atmosf\u00e9rico con su Gesti\u00f3n de Episodios Cr\u00edticos y la Nueva Norma de Di\u00f3xido de Azufre. Por tanto, es un paso m\u00e1s en la gesti\u00f3n integral e innovadora que estamos liderando en las comunas de Conc\u00f3n, Quintero y Puchuncav\u00ed\u201d, sostuvo.<\/p>\n<p>Por su parte, el jefe del Departamento An\u00e1lisis Ambiental SMA, Rodrigo Romero destac\u00f3 que con la inauguraci\u00f3n del Centro de Muestra de Quintero-Puchuncav\u00ed \u201cestamos materializando la promesa de no volver a vivir una emergencia ambiental sin contar con la tecnolog\u00eda y sistemas necesarios para conocer de forma oportuna la presencia de los contaminantes y su concentraci\u00f3n\u201d, afirm\u00f3 el experto.<\/p>\n<p><strong>Delegaci\u00f3n exclusiva SMA<\/strong><\/p>\n<p>Junto con este anuncio, la Superintendencia del Medio Ambiente tambi\u00e9n inform\u00f3 que la delegaci\u00f3n exclusiva de la entidad ambiental, que operaba en la comuna de Quintero, a partir de hoy est\u00e1 instalada en las dependencias de la Municipalidad de Puchuncav\u00ed.<\/p>\n<p>Cabe recordar, que los profesionales que conforman este equipo trabajan con dedicaci\u00f3n exclusiva en fiscalizar el Plan de Prevenci\u00f3n y Descontaminaci\u00f3n Atmosf\u00e9rica (PPDA) que rige para las comunas de Conc\u00f3n, Quintero y Puchuncav\u00ed.<\/p>\n","protected":false},"excerpt":{"rendered":"<p>Oficina ser\u00e1 operada por funcionarios de la Superintendencia del Medio Ambiente destinados en la zona, como parte del compromiso acordado por parte de las autoridades del Ministerio del Medio Ambiente con la comunidad. Puchuncav\u00ed, 19 de agosto de 2020.- La Superintendencia del Medio Ambiente inaugur\u00f3 esta ma\u00f1ana el Centro de Toma de Muestra de Quintero-Puchuncav\u00ed, y <a href=\"https:\/\/portal.sma.gob.cl\/index.php\/sma-inaugura-centro-de-toma-de-muestras-de-quintero-puchuncavi\/\">Leer m\u00e1s<\/a><\/p>\n","protected":false},"author":8,"featured_media":21430,"comment_status":"open","ping_status":"open","sticky":false,"template":"","format":"standard","meta":{"footnotes":""},"categories":[90,107],"tags":[],"class_list":["post-21434","post","type-post","status-publish","format-standard","has-post-thumbnail","hentry","category-comunicados-noticias","category-destacado"],"_links":{"self":[{"href":"https:\/\/portal.sma.gob.cl\/index.php\/wp-json\/wp\/v2\/posts\/21434","targetHints":{"allow":["GET"]}}],"collection":[{"href":"https:\/\/portal.sma.gob.cl\/index.php\/wp-json\/wp\/v2\/posts"}],"about":[{"href":"https:\/\/portal.sma.gob.cl\/index.php\/wp-json\/wp\/v2\/types\/post"}],"author":[{"embeddable":true,"href":"https:\/\/portal.sma.gob.cl\/index.php\/wp-json\/wp\/v2\/users\/8"}],"replies":[{"embeddable":true,"href":"https:\/\/portal.sma.gob.cl\/index.php\/wp-json\/wp\/v2\/comments?post=21434"}],"version-history":[{"count":2,"href":"https:\/\/portal.sma.gob.cl\/index.php\/wp-json\/wp\/v2\/posts\/21434\/revisions"}],"predecessor-version":[{"id":21436,"href":"https:\/\/portal.sma.gob.cl\/index.php\/wp-json\/wp\/v2\/posts\/21434\/revisions\/21436"}],"wp:featuredmedia":[{"embeddable":true,"href":"https:\/\/portal.sma.gob.cl\/index.php\/wp-json\/wp\/v2\/media\/21430"}],"wp:attachment":[{"href":"https:\/\/portal.sma.gob.cl\/index.php\/wp-json\/wp\/v2\/media?parent=21434"}],"wp:term":[{"taxonomy":"category","embeddable":true,"href":"https:\/\/portal.sma.gob.cl\/index.php\/wp-json\/wp\/v2\/categories?post=21434"},{"taxonomy":"post_tag","embeddable":true,"href":"https:\/\/portal.sma.gob.cl\/index.php\/wp-json\/wp\/v2\/tags?post=21434"}],"curies":[{"name":"wp","href":"https:\/\/api.w.org\/{rel}","templated":true}]}}