{"id":21468,"date":"2020-08-26T20:08:40","date_gmt":"2020-08-27T00:08:40","guid":{"rendered":"https:\/\/portal.sma.gob.cl\/?p=21468"},"modified":"2020-08-26T20:08:40","modified_gmt":"2020-08-27T00:08:40","slug":"superintendencia-del-medio-ambiente-inaugura-delegacion-fiscalizadora-exclusiva-para-la-provincia-de-chiloe","status":"publish","type":"post","link":"https:\/\/portal.sma.gob.cl\/index.php\/superintendencia-del-medio-ambiente-inaugura-delegacion-fiscalizadora-exclusiva-para-la-provincia-de-chiloe\/","title":{"rendered":"Superintendencia del Medio Ambiente inaugura delegaci\u00f3n fiscalizadora exclusiva para la Provincia de Chilo\u00e9"},"content":{"rendered":"<p><strong>La nueva dependencia de la entidad ambiental est\u00e1 ubicada en la comuna de Castro, y contar\u00e1 con el trabajo de profesionales con dedicaci\u00f3n exclusiva para la fiscalizaci\u00f3n de los instrumentos de gesti\u00f3n ambiental vigentes en la Isla.<\/strong><\/p>\n<p><strong>Castro, 26 de agosto de 2020.-<\/strong>\u00a0La Superintendencia del Medio Ambiente inaugur\u00f3 durante esta tarde la nueva delegaci\u00f3n exclusiva de la SMA para la Provincia de Chilo\u00e9. La actividad cont\u00f3 con la presencia del Subsecretario del Medio Ambiente, Javier Naranjo; el Gobernador de la Provincia de Chilo\u00e9, Fernando B\u00f3rquez; la jefa de la Oficina Regional de la SMA en la regi\u00f3n de Los lagos, Ivonne Mansilla; el Seremi de Medio Ambiente, Klaus Kosiel y profesionales del Nivel Central de la entidad ambiental.<\/p>\n<p>La delegaci\u00f3n exclusiva y permanente en esta zona del pa\u00eds, junto con fiscalizar todos los instrumentos de gesti\u00f3n ambiental vigente en esta parte del territorio nacional, tambi\u00e9n tendr\u00e1n la responsabilidad de entregar respuestas oportunas a los requerimientos planteados por las comunidades en torno al rol de la SMA.<\/p>\n<p>Esta delegaci\u00f3n forma parte de la Estrategia Territorial de la Instituci\u00f3n para el periodo 2020-2022, orientada principalmente a relevar el \u00e9nfasis territorial, sobre todo en zonas ambientalmente vulnerables, donde la entidad ambiental est\u00e1\u00a0implementando un modelo de fiscalizaci\u00f3n que integra territorialmente las distintas unidades fiscalizables encontradas en cada zona y sus instrumentos de car\u00e1cter ambiental, as\u00ed como los espacios de promoci\u00f3n al cumplimiento y acercamiento a la comunidad.<\/p>\n<p>Crist\u00f3bal De La Maza, Superintendente del Medio Ambiente destac\u00f3 que\u00a0<em>\u201c<\/em>esta nueva delegaci\u00f3n en la Isla de Chilo\u00e9 nos permite reforzar nuestro despliegue territorial en la Regi\u00f3n de Los Lagos, y contar con una mirada m\u00e1s cercana y \u00e1gil sobre el comportamiento ambiental de esta zona del pa\u00eds. La delegaci\u00f3n de Castro est\u00e1 en funcionamiento al interior de la oficina de la Gobernaci\u00f3n de la Provincia de Chilo\u00e9, a quienes agradecemos enormemente, sobre todo al Gobernador B\u00f3rquez, por darnos todas las facilidades para instalarnos<em>\u201d, <\/em>se\u00f1al\u00f3 la autoridad.<\/p>\n<p>Por su parte, el Subsecretario del Medio Ambiente, Javier Naranjo se\u00f1al\u00f3 que\u00a0\u201choy d\u00eda estamos muy contentos inaugurando la Oficina Provincial de la Superintendencia del Medio Ambiente en el archipi\u00e9lago de Chilo\u00e9, y lo primero que quiero destacar y agradecer es la gesti\u00f3n del Superintendente Crist\u00f3bal De La Maza, quien se comprometi\u00f3 con esta oficina y cumpli\u00f3. La delegaci\u00f3n de Castro es clave porque va a permitir que la acci\u00f3n de la Superintendencia, encargada del seguimiento, fiscalizaci\u00f3n y sanci\u00f3n ambiental est\u00e9 presente en el archipi\u00e9lago de Chilo\u00e9, esto significa que estamos cada d\u00eda m\u00e1s cerca de las personas y de sus demandas\u201d.<\/p>\n<p>En tanto, Ivonne Mansilla, jefa de la Oficina Regional SMA de Los Lagos afirm\u00f3 que \u201cestamos muy contentos de poder inaugurar esta nueva delegaci\u00f3n que tiene por objetivo fortalecer nuestra actividad fiscalizadora en la regi\u00f3n, y fundamentalmente atender a la ciudadan\u00eda, la atenci\u00f3n de las denuncias como tambi\u00e9n informar del quehacer de la Superintendencia en la zona. Y, asimismo, tambi\u00e9n a los regulados a quienes nosotros fiscalizamos, poder asistir en el cumplimiento de sus obligaciones ambientales\u201d.<\/p>\n<p>La nueva dependencia de la SMA est\u00e1 ubicada al interior de la Gobernaci\u00f3n de la Provincia de Chilo\u00e9, ubicada en la Avenida Libertador Bernardo O\u00b4Higgins S\/N, 2\u00b0 Piso, comuna de Castro, Regi\u00f3n de Los Lagos y cuenta con el apoyo del equipo de la Oficina Regional de la SMA en Los Lagos, as\u00ed como tambi\u00e9n, del Nivel Central de la Superintendencia.<\/p>\n","protected":false},"excerpt":{"rendered":"<p>La nueva dependencia de la entidad ambiental est\u00e1 ubicada en la comuna de Castro, y contar\u00e1 con el trabajo de profesionales con dedicaci\u00f3n exclusiva para la fiscalizaci\u00f3n de los instrumentos de gesti\u00f3n ambiental vigentes en la Isla. Castro, 26 de agosto de 2020.-\u00a0La Superintendencia del Medio Ambiente inaugur\u00f3 durante esta tarde la nueva delegaci\u00f3n exclusiva de <a href=\"https:\/\/portal.sma.gob.cl\/index.php\/superintendencia-del-medio-ambiente-inaugura-delegacion-fiscalizadora-exclusiva-para-la-provincia-de-chiloe\/\">Leer m\u00e1s<\/a><\/p>\n","protected":false},"author":8,"featured_media":21465,"comment_status":"open","ping_status":"open","sticky":false,"template":"","format":"standard","meta":{"footnotes":""},"categories":[90,107],"tags":[],"class_list":["post-21468","post","type-post","status-publish","format-standard","has-post-thumbnail","hentry","category-comunicados-noticias","category-destacado"],"_links":{"self":[{"href":"https:\/\/portal.sma.gob.cl\/index.php\/wp-json\/wp\/v2\/posts\/21468","targetHints":{"allow":["GET"]}}],"collection":[{"href":"https:\/\/portal.sma.gob.cl\/index.php\/wp-json\/wp\/v2\/posts"}],"about":[{"href":"https:\/\/portal.sma.gob.cl\/index.php\/wp-json\/wp\/v2\/types\/post"}],"author":[{"embeddable":true,"href":"https:\/\/portal.sma.gob.cl\/index.php\/wp-json\/wp\/v2\/users\/8"}],"replies":[{"embeddable":true,"href":"https:\/\/portal.sma.gob.cl\/index.php\/wp-json\/wp\/v2\/comments?post=21468"}],"version-history":[{"count":1,"href":"https:\/\/portal.sma.gob.cl\/index.php\/wp-json\/wp\/v2\/posts\/21468\/revisions"}],"predecessor-version":[{"id":21469,"href":"https:\/\/portal.sma.gob.cl\/index.php\/wp-json\/wp\/v2\/posts\/21468\/revisions\/21469"}],"wp:featuredmedia":[{"embeddable":true,"href":"https:\/\/portal.sma.gob.cl\/index.php\/wp-json\/wp\/v2\/media\/21465"}],"wp:attachment":[{"href":"https:\/\/portal.sma.gob.cl\/index.php\/wp-json\/wp\/v2\/media?parent=21468"}],"wp:term":[{"taxonomy":"category","embeddable":true,"href":"https:\/\/portal.sma.gob.cl\/index.php\/wp-json\/wp\/v2\/categories?post=21468"},{"taxonomy":"post_tag","embeddable":true,"href":"https:\/\/portal.sma.gob.cl\/index.php\/wp-json\/wp\/v2\/tags?post=21468"}],"curies":[{"name":"wp","href":"https:\/\/api.w.org\/{rel}","templated":true}]}}