{"id":21503,"date":"2020-09-01T18:17:39","date_gmt":"2020-09-01T22:17:39","guid":{"rendered":"https:\/\/portal.sma.gob.cl\/?p=21503"},"modified":"2020-09-01T18:17:39","modified_gmt":"2020-09-01T22:17:39","slug":"balance-de-la-gestion-de-episodios-criticos-en-la-rm-muestra-que-este-ano-se-tuvo-la-mejor-calidad-del-aire-desde-que-se-tiene-registro","status":"publish","type":"post","link":"https:\/\/portal.sma.gob.cl\/index.php\/balance-de-la-gestion-de-episodios-criticos-en-la-rm-muestra-que-este-ano-se-tuvo-la-mejor-calidad-del-aire-desde-que-se-tiene-registro\/","title":{"rendered":"Balance de la Gesti\u00f3n de Episodios Cr\u00edticos en la RM muestra que este a\u00f1o se tuvo la mejor calidad del aire desde que se tiene registro"},"content":{"rendered":"<p><strong>Durante el periodo GEC, no solo hubo una disminuci\u00f3n de la cantidad de episodios por MP2.5 y MP10, adem\u00e1s se registr\u00f3 una menor concentraci\u00f3n de contaminantes y de horas en episodios cr\u00edticos.<\/strong><\/p>\n<p><strong>Santiago, 1 de septiembre de 2020.-<\/strong> La Ministra del Medio Ambiente, <strong>Carolina Schmidt<\/strong>, junto al Intendente de la Regi\u00f3n Metropolitana de Santiago, <strong>Felipe Guevara<\/strong>, el Superintendente del Medio Ambiente<strong>, Crist\u00f3bal De La Maza<\/strong> y los Seremis de Medio Ambiente, Salud, Transportes y Agricultura, realizaron el cierre de la Gesti\u00f3n de Episodios Cr\u00edticos de Calidad del Aire de la Regi\u00f3n Metropolitana de este a\u00f1o 2020.<\/p>\n<p>En la ocasi\u00f3n, la Ministra Schmidt present\u00f3 los resultados donde la emisi\u00f3n de contaminantes tanto de transportes como de la industria disminuyeron fuertemente producto de las cuarentenas en las comunas de la RM, a diferencia del uso de le\u00f1a, que aument\u00f3 debido a la mayor cantidad de horas de confinamiento en los hogares, sumado a las malas condiciones de ventilaci\u00f3n y el frio de este periodo GEC.<\/p>\n<p>\u201c<em>Este 2020 ha sido el mejor a\u00f1o en la Calidad del Aire en la Regi\u00f3n Metropolitana, desde que tenemos registro, entre los factores que explican esto est\u00e1 la cuarentena, que nos ha significado una baja hist\u00f3rica en los niveles y presencia de materiales contaminantes, donde la mayor disminuci\u00f3n se da en el NOx con un 45% menos que el 2019, cuya principal fuente de emisi\u00f3n es el transporte<\/em>\u201d afirm\u00f3 la Ministra de Medio Ambiente <strong>Carolina Schmidt<\/strong>.<\/p>\n<p>Respecto a la movilidad en estos meses, el Ministerio de Transportes, quien realiza\u00a0 la fiscalizaci\u00f3n de la restricci\u00f3n vehicular, revel\u00f3 una disminuci\u00f3n aproximada de un 40% en las multas respecto al a\u00f1o pasado, lo cual coincide con la baja en los flujos vehiculares producto de la pandemia.<\/p>\n<p>Otra de las medidas que se llevan a cabo para disminuir los niveles de material en suspensi\u00f3n es el programa de lavado y aspirado de calles, que realiza el Gobierno Regional de la RM, por un monto superior a los mil millones de pesos. \u201c<em>A este plan que abarc\u00f3 30 comunas capitalinas sumamos, en el marco de la pandemia que vive el pa\u00eds, recursos por $49 millones para la aplicaci\u00f3n de amonio cuaternario en estos mismos territorios, en un esfuerzo regional por mejorar la seguridad sanitaria de los habitantes de la regi\u00f3n<\/em>\u201d, afirm\u00f3 el Intendente de la Regi\u00f3n Metropolitana, <strong>Felipe Guevara<\/strong>.<\/p>\n<p>Respecto de las fiscalizaciones, se destac\u00f3 el trabajo realizado para la detecci\u00f3n de quemas agr\u00edcolas y tambi\u00e9n a la prohibici\u00f3n de uso de calefactores a le\u00f1a en el sector residencial, como a las inspecciones de las fuentes fijas de la industria en los d\u00edas que se declar\u00f3 Preemergencia Ambiental. En este sentido, Crist\u00f3bal De La Maza, \u00a0Superintendente del Medio Ambiente indic\u00f3 que hubo un aumento sustantivo en la cobertura de \u00e9stas, que signific\u00f3 m\u00e1s de ocho veces de lo que se hizo en 2019, lo que se espera mejorar a\u00fan m\u00e1s para el a\u00f1o 2021.<\/p>\n<p>\u201c<em>Como Superintendencia del Medio Ambiente, el pr\u00f3ximo a\u00f1o vamos a migrar hacia la fiscalizaci\u00f3n remota del Plan de Descontaminaci\u00f3n. Esta semana firmaremos una instrucci\u00f3n general que establece la obligaci\u00f3n de reportar electr\u00f3nicamente el cumplimiento de las obligaciones del sector industrial, que aplica a m\u00e1s de 600 calderas, procesos con y sin combusti\u00f3n, entre otras fuentes emisoras, de manera de pasar hacia una nueva fase en control de la contaminaci\u00f3n que utilice la tecnolog\u00eda como el centro de nuestras herramientas\u201d<\/em>, se\u00f1al\u00f3 <strong>De La Maza<\/strong>.<\/p>\n<p>Sobre las condiciones meteorol\u00f3gicas que registr\u00f3 la Regi\u00f3n Metropolitana este a\u00f1o se indic\u00f3 que llovi\u00f3 m\u00e1s del doble que el 2019, por lo que actualmente la regi\u00f3n disminuy\u00f3 su d\u00e9ficit h\u00eddrico a un 36%. \u201c<em>Esta mejor\u00eda en las precipitaciones tambi\u00e9n fue un factor relevante para obtener mejores registros. Pero el llamado es a la comunidad, a preferir medios de transportes menos contaminantes y cambiarse a sistemas de calefacci\u00f3n sustentables, porque de nosotros depende que estas excelentes estad\u00edsticas del a\u00f1o 2020 se puedan seguir manteniendo en el futuro<\/em>\u201d, afirm\u00f3 el Seremi de Medio Ambiente RM, <strong>Diego Riveaux<\/strong>.<\/p>\n<p>&nbsp;<\/p>\n","protected":false},"excerpt":{"rendered":"<p>Durante el periodo GEC, no solo hubo una disminuci\u00f3n de la cantidad de episodios por MP2.5 y MP10, adem\u00e1s se registr\u00f3 una menor concentraci\u00f3n de contaminantes y de horas en episodios cr\u00edticos. Santiago, 1 de septiembre de 2020.- La Ministra del Medio Ambiente, Carolina Schmidt, junto al Intendente de la Regi\u00f3n Metropolitana de Santiago, Felipe Guevara, <a href=\"https:\/\/portal.sma.gob.cl\/index.php\/balance-de-la-gestion-de-episodios-criticos-en-la-rm-muestra-que-este-ano-se-tuvo-la-mejor-calidad-del-aire-desde-que-se-tiene-registro\/\">Leer m\u00e1s<\/a><\/p>\n","protected":false},"author":8,"featured_media":21500,"comment_status":"open","ping_status":"open","sticky":false,"template":"","format":"standard","meta":{"footnotes":""},"categories":[90,107],"tags":[],"class_list":["post-21503","post","type-post","status-publish","format-standard","has-post-thumbnail","hentry","category-comunicados-noticias","category-destacado"],"_links":{"self":[{"href":"https:\/\/portal.sma.gob.cl\/index.php\/wp-json\/wp\/v2\/posts\/21503","targetHints":{"allow":["GET"]}}],"collection":[{"href":"https:\/\/portal.sma.gob.cl\/index.php\/wp-json\/wp\/v2\/posts"}],"about":[{"href":"https:\/\/portal.sma.gob.cl\/index.php\/wp-json\/wp\/v2\/types\/post"}],"author":[{"embeddable":true,"href":"https:\/\/portal.sma.gob.cl\/index.php\/wp-json\/wp\/v2\/users\/8"}],"replies":[{"embeddable":true,"href":"https:\/\/portal.sma.gob.cl\/index.php\/wp-json\/wp\/v2\/comments?post=21503"}],"version-history":[{"count":2,"href":"https:\/\/portal.sma.gob.cl\/index.php\/wp-json\/wp\/v2\/posts\/21503\/revisions"}],"predecessor-version":[{"id":21505,"href":"https:\/\/portal.sma.gob.cl\/index.php\/wp-json\/wp\/v2\/posts\/21503\/revisions\/21505"}],"wp:featuredmedia":[{"embeddable":true,"href":"https:\/\/portal.sma.gob.cl\/index.php\/wp-json\/wp\/v2\/media\/21500"}],"wp:attachment":[{"href":"https:\/\/portal.sma.gob.cl\/index.php\/wp-json\/wp\/v2\/media?parent=21503"}],"wp:term":[{"taxonomy":"category","embeddable":true,"href":"https:\/\/portal.sma.gob.cl\/index.php\/wp-json\/wp\/v2\/categories?post=21503"},{"taxonomy":"post_tag","embeddable":true,"href":"https:\/\/portal.sma.gob.cl\/index.php\/wp-json\/wp\/v2\/tags?post=21503"}],"curies":[{"name":"wp","href":"https:\/\/api.w.org\/{rel}","templated":true}]}}