{"id":21512,"date":"2020-09-04T13:18:36","date_gmt":"2020-09-04T17:18:36","guid":{"rendered":"https:\/\/portal.sma.gob.cl\/?p=21512"},"modified":"2020-09-04T13:18:36","modified_gmt":"2020-09-04T17:18:36","slug":"ministerio-de-medio-ambiente-y-subsecretaria-de-pesca-citan-a-reunion-intersectorial-para-procedimientos-de-prevencion-y-fiscalizacion-de-accidentes-de-la-industria-acuicola","status":"publish","type":"post","link":"https:\/\/portal.sma.gob.cl\/index.php\/ministerio-de-medio-ambiente-y-subsecretaria-de-pesca-citan-a-reunion-intersectorial-para-procedimientos-de-prevencion-y-fiscalizacion-de-accidentes-de-la-industria-acuicola\/","title":{"rendered":"Ministerio de Medio Ambiente y Subsecretar\u00eda de Pesca citan a reuni\u00f3n intersectorial para procedimientos de prevenci\u00f3n y fiscalizaci\u00f3n de accidentes de la industria acu\u00edcola"},"content":{"rendered":"<p><strong>Hasta Valpara\u00edso lleg\u00f3 la ministra del Medio Ambiente, Carolina Schmidt, quien coordin\u00f3 una reuni\u00f3n con todos los organismos p\u00fablicos responsables de la normativa y fiscalizaci\u00f3n de la industria pesquera y acu\u00edcola nacional, para la revisi\u00f3n de mecanismos e instrumentos de fiscalizaci\u00f3n para la prevenci\u00f3n de eventos o accidentes de esta industria que puedan producir contaminaci\u00f3n o da\u00f1o ambiental en nuestros oc\u00e9anos.\u00a0<\/strong><\/p>\n<div>\n<p data-ogsc=\"rgb(32, 32, 32)\"><strong>Valpara\u00edso, 3 de septiembre de 2020.-<\/strong> A la reuni\u00f3n, la Ministra lleg\u00f3 acompa\u00f1ada del Subsecretario Javier Naranjo, y asistieron todas las autoridades competentes en la materia: el contralmirante Jorge Imhoff, Director de Intereses mar\u00edtimos y medioambiente acu\u00e1tico de Directemar, el Subsecretario de Pesca y Acuicultura, Rom\u00e1n Zelaya; la Directora Nacional de Sernapesca, Alicia Gallardo; y el Superintendente de Medio Ambiente, Crist\u00f3bal De la Maza.<\/p>\n<p>\u201cPara el desarrollo sustentable de nuestro pa\u00eds de amplia vocaci\u00f3n mar\u00edtima, con una costa de m\u00e1s de 6.400 kil\u00f3metros de longitud, resguardar el cuidado de nuestros oc\u00e9anos es fundamental. Es por esto que estamos organizando un trabajo especial para perfeccionar todos los mecanismos de coordinaci\u00f3n, prevenci\u00f3n y fiscalizaci\u00f3n que permitan el desarrollo de una industria pesquera y acu\u00edcola sustentable y evitar la ocurrencia de accidentes contaminen nuestras aguas y afecten nuestra biodiversidad marina. Eso es lo que nos convoca hoy\u201d, se\u00f1al\u00f3\u00a0la ministra <strong>Carolina Schmidt.<\/strong><\/p>\n<p>Durante la reuni\u00f3n, el Subsecretario <strong>Rom\u00e1n Zelaya<\/strong> expuso a la Ministra los puntos centrales de una nueva regulaci\u00f3n de Subpesca sobre estructuras de cultivo de salmones, que apunta a disminuir el riesgo de hundimiento de las jaulas y el escape de peces.<\/p>\n<p>\u201cEsta reglamentaci\u00f3n es el producto de un trabajo de dos a\u00f1os en el que intervinieron los equipos t\u00e9cnicos de Subpesca, Sernapesca y la Pontificia Universidad Cat\u00f3lica de Valpara\u00edso, y que fue debidamente informado a la industria. En s\u00edntesis, la nueva norma eleva los est\u00e1ndares de las jaulas, para aminorar el riesgo de nuevas contingencias. Una de las innovaciones dispuestas contempla la certificaci\u00f3n anual e independiente de esas estructuras, as\u00ed como revisiones semestrales para posibilitar mantenciones o reparaciones. As\u00ed, a trav\u00e9s de un trabajo mancomunado, las distintas instituciones del Estado est\u00e1n contribuyendo al desarrollo seguro de la actividad acu\u00edcola y a una mayor protecci\u00f3n del medioambiente\u201d, destac\u00f3 Zelaya.<\/p>\n<p>\u201cPara una mayor protecci\u00f3n del medio ambiente, en este caso de los oc\u00e9anos, requerimos mejorar la supervisi\u00f3n de la Acuicultura, y el trabajo y la coordinaci\u00f3n intersectorial liderado, en este caso por el Ministerio del Medio Ambiente y la Subsecretaria de Pesca, nos va a ayudar a seguir a una nueva fase en la protecci\u00f3n ambiental en la Acuicultura. Como organismo fiscalizador, la Superintendencia del Medio Ambiente tiene que reforzar la prevenci\u00f3n y la detecci\u00f3n temprana de incumplimientos, de tal manera, de cumplir nuestra labor de mejor forma, de manera m\u00e1s eficaz y oportuna\u201d, explic\u00f3 el Superintendente del Medio Ambiente, <strong>Crist\u00f3bal de la Maza.<\/strong><\/p>\n<p>En tanto, la directora de Sernapesca, <strong>Alicia Gallardo<\/strong>, plante\u00f3 que \u201ccomo directora nacional del Servicio Nacional de Pesca y Acuicultura, valoramos mucho la instancia a la que nos ha convocado la ministra del Medio Ambiente y la Subsecretar\u00eda de Pesca y Acuicultura, para abordar los temas de la sustentabilidad de la acuicultura en un enfoque preventivo. Qu\u00e9 mejor que dejar de estar detr\u00e1s de las contingencias y empezar a trabajar mejor de lo que lo hemos hecho, pero ahora en forma muy colaborativa, con coordinaci\u00f3n, revisando las actuales normativas para ver si hay algo necesario y migrar, efectivamente, a un mejor cumplimiento de la normativa con un mejor resultado en t\u00e9rminos de la sustentabilidad de los recursos de la acuicultura\u00bb.<\/p>\n<p>Despu\u00e9s de la extensa reuni\u00f3n donde se present\u00f3 un diagn\u00f3stico de la situaci\u00f3n, se implement\u00f3 una mesa de trabajo conjunto. Las autoridades coincidieron en la necesidad de actualizar y perfeccionar los procesos en materia de coordinaci\u00f3n, prevenci\u00f3n y fiscalizaci\u00f3n, as\u00ed como la adaptaci\u00f3n de la industria pesquera y acu\u00edcola a los nuevos desaf\u00edos ambientales necesarios para el cuidado y protecci\u00f3n de los oc\u00e9anos.<\/p>\n<\/div>\n","protected":false},"excerpt":{"rendered":"<p>Hasta Valpara\u00edso lleg\u00f3 la ministra del Medio Ambiente, Carolina Schmidt, quien coordin\u00f3 una reuni\u00f3n con todos los organismos p\u00fablicos responsables de la normativa y fiscalizaci\u00f3n de la industria pesquera y acu\u00edcola nacional, para la revisi\u00f3n de mecanismos e instrumentos de fiscalizaci\u00f3n para la prevenci\u00f3n de eventos o accidentes de esta industria que puedan producir contaminaci\u00f3n o <a href=\"https:\/\/portal.sma.gob.cl\/index.php\/ministerio-de-medio-ambiente-y-subsecretaria-de-pesca-citan-a-reunion-intersectorial-para-procedimientos-de-prevencion-y-fiscalizacion-de-accidentes-de-la-industria-acuicola\/\">Leer m\u00e1s<\/a><\/p>\n","protected":false},"author":8,"featured_media":21514,"comment_status":"open","ping_status":"open","sticky":false,"template":"","format":"standard","meta":{"footnotes":""},"categories":[90,107],"tags":[],"class_list":["post-21512","post","type-post","status-publish","format-standard","has-post-thumbnail","hentry","category-comunicados-noticias","category-destacado"],"_links":{"self":[{"href":"https:\/\/portal.sma.gob.cl\/index.php\/wp-json\/wp\/v2\/posts\/21512","targetHints":{"allow":["GET"]}}],"collection":[{"href":"https:\/\/portal.sma.gob.cl\/index.php\/wp-json\/wp\/v2\/posts"}],"about":[{"href":"https:\/\/portal.sma.gob.cl\/index.php\/wp-json\/wp\/v2\/types\/post"}],"author":[{"embeddable":true,"href":"https:\/\/portal.sma.gob.cl\/index.php\/wp-json\/wp\/v2\/users\/8"}],"replies":[{"embeddable":true,"href":"https:\/\/portal.sma.gob.cl\/index.php\/wp-json\/wp\/v2\/comments?post=21512"}],"version-history":[{"count":2,"href":"https:\/\/portal.sma.gob.cl\/index.php\/wp-json\/wp\/v2\/posts\/21512\/revisions"}],"predecessor-version":[{"id":21515,"href":"https:\/\/portal.sma.gob.cl\/index.php\/wp-json\/wp\/v2\/posts\/21512\/revisions\/21515"}],"wp:featuredmedia":[{"embeddable":true,"href":"https:\/\/portal.sma.gob.cl\/index.php\/wp-json\/wp\/v2\/media\/21514"}],"wp:attachment":[{"href":"https:\/\/portal.sma.gob.cl\/index.php\/wp-json\/wp\/v2\/media?parent=21512"}],"wp:term":[{"taxonomy":"category","embeddable":true,"href":"https:\/\/portal.sma.gob.cl\/index.php\/wp-json\/wp\/v2\/categories?post=21512"},{"taxonomy":"post_tag","embeddable":true,"href":"https:\/\/portal.sma.gob.cl\/index.php\/wp-json\/wp\/v2\/tags?post=21512"}],"curies":[{"name":"wp","href":"https:\/\/api.w.org\/{rel}","templated":true}]}}