{"id":21571,"date":"2020-09-16T09:38:03","date_gmt":"2020-09-16T12:38:03","guid":{"rendered":"https:\/\/portal.sma.gob.cl\/?p=21571"},"modified":"2020-09-16T09:38:03","modified_gmt":"2020-09-16T12:38:03","slug":"region-de-los-lagos-sma-rechaza-programa-de-cumplimiento-del-vertedero-dicham-y-ordena-medidas-urgentes-y-transitorias","status":"publish","type":"post","link":"https:\/\/portal.sma.gob.cl\/index.php\/region-de-los-lagos-sma-rechaza-programa-de-cumplimiento-del-vertedero-dicham-y-ordena-medidas-urgentes-y-transitorias\/","title":{"rendered":"Regi\u00f3n de los Lagos: SMA rechaza programa de cumplimiento del Vertedero Dicham y ordena medidas urgentes y transitorias"},"content":{"rendered":"<p style=\"font-weight: 400;\"><strong>En el contexto del procedimiento sancionatorio -iniciado en mayo de 2019- en contra del recinto, por incumplimientos a su Resoluci\u00f3n de Calificaci\u00f3n Ambiental (RCA), entre ellos un deficiente manejo de la disposici\u00f3n de residuos y por modificaciones al proyecto sin la evaluaci\u00f3n ambiental respectiva.<\/strong><\/p>\n<p style=\"font-weight: 400;\"><strong>Chonchi, 16 de septiembre de 2020.\u00a0<\/strong>La Superintendencia del Medio Ambiente (SMA) rechaz\u00f3 el Programa de Cumplimiento (PdC) presentado por el Vertedero Dicham, luego de considerar que las acciones presentadas por el titular Fernando Hern\u00e1ndez D\u00edaz, no cumpl\u00edan con los criterios de aprobaci\u00f3n establecidos por la SMA: integridad, eficacia y verificabilidad.<\/p>\n<p style=\"font-weight: 400;\">Cabe recordar, que en mayo de 2019 la SMA inici\u00f3 un procedimiento sancionatorio en contra el Vertedero Dicham por ocho infracciones a su permiso ambiental (RCA), tales: como una deficiente disposici\u00f3n de residuos y del sistema de manejo de aguas lluvias, presencia de lixiviados, deficiente monitoreo de la calidad del biog\u00e1s y de aguas subterr\u00e1neas y, adem\u00e1s, por modificaciones al proyecto sin contar con la debida autorizaci\u00f3n ambiental para ello (tras comprobar la ampliaci\u00f3n del Vertedero).<\/p>\n<p style=\"font-weight: 400;\">Respecto al criterio de\u00a0<strong>integridad,<\/strong>\u00a0el programa no se hace cargo de mitigar las infracciones levantadas por la SMA, as\u00ed como tampoco de sus efectos. Sobre la\u00a0<strong>eficacia<\/strong>, el plan no asegura el cumplimiento de las infracciones cometidas, esto es procurar el cumplimiento ambiental, y que esta situaci\u00f3n se mantenga. Y, por \u00faltimo, con relaci\u00f3n al criterio de\u00a0<strong>verificabilidad<\/strong>, para todas las acciones presentadas, el PdC no incorpor\u00f3 medios de verificaci\u00f3n id\u00f3neos y suficientes que permitan evaluar dicho cumplimiento.<\/p>\n<p style=\"font-weight: 400;\"><strong>Medidas Urgentes y Transitorias<\/strong><\/p>\n<p style=\"font-weight: 400;\">En el contexto del rechazo del Programa de Cumplimiento por las razones argumentadas anteriormente, el Superintendente del Medio Ambiente, Crist\u00f3bal De La Maza ha ordenado Medidas Urgentes y Transitorias (MUT) en contra del Vertedero Dicham, luego de revisar acciones que no cumplen la mitigaci\u00f3n de las infracciones detectadas, situaci\u00f3n que podr\u00eda generar un posible da\u00f1o inminente y grave para el medio ambiente y la salud de las personas.<\/p>\n<p style=\"font-weight: 400;\">Al respecto, Emanuel Ibarra, jefe (S) de la Divisi\u00f3n de Sanci\u00f3n y Cumplimiento de la SMA se\u00f1al\u00f3 que \u201cla Superintendencia ponderando toda la situaci\u00f3n decidi\u00f3 rechazar el Programa de Cumplimiento y seguir adelante con el procedimiento sancionatorio; sin embargo, como hab\u00eda una hip\u00f3tesis de riesgo ambiental que hab\u00eda que afectar, es que adem\u00e1s se adoptaron una serie de Medidas Urgentes y Transitorias que est\u00e1n destinadas principalmente a sellar una zanja del Vertedero, y monitorear, verificar y hacer an\u00e1lisis de calidad de las aguas del lugar, para apuntar a los principales problemas que estaba presentando este Vertedero con su mal funcionamiento\u201d, sostuvo.<\/p>\n<p style=\"font-weight: 400;\">Ibarra adem\u00e1s agreg\u00f3 que \u201cahora lo que corresponde es que el procedimiento sancionatorio siga adelante para dictar la resoluci\u00f3n final que corresponda, de acuerdo, a los antecedentes que se concluya en esta etapa de investigaci\u00f3n\u201d, indic\u00f3.<\/p>\n<p style=\"font-weight: 400;\">Entre las medidas se encuentran el sellado de la zanja N\u00b034, desarrollar monitoreos de aguas superficiales, construir pozos aguas abajo para verificar si existe escurrimiento de lixiviados y levantar un an\u00e1lisis de la calidad de las aguas presentes en los pozos.<\/p>\n<p style=\"font-weight: 400;\">Previo a la toma de muestras de las medidas detalladas anteriormente, el titular deber\u00e1 notificar con 5 d\u00edas de anticipaci\u00f3n a la Oficina Regional SMA de Los Lagos, para que el personal de la instituci\u00f3n se encuentre presente al momento de efectuarse el cumplimiento de las medidas.<\/p>\n<p style=\"font-weight: 400;\">Y en relaci\u00f3n con la forma de entrega de los antecedentes requeridos, \u00e9stos deber\u00e1n ser remitidos por correo electr\u00f3nico a la casilla\u00a0<a href=\"mailto:oficinadepartes@sma.gob.cl\">oficinadepartes@sma.gob.cl<\/a>, en horario de 09:00 a 13:00 horas, indicado el procedimiento sancionatorio y el n\u00famero de la presente resoluci\u00f3n.<\/p>\n<p style=\"font-weight: 400;\">Para mayor detalle, acceder a la resoluci\u00f3n sobre el rechazo del PdC, y de las MUT ordenadas al Vertedero de Dicham, en el Sistema Nacional de Informaci\u00f3n de Fiscalizaci\u00f3n Ambiental (SNIFA):\u00a0<a href=\"https:\/\/snifa.sma.gob.cl\/\" data-saferedirecturl=\"https:\/\/www.google.com\/url?q=https:\/\/snifa.sma.gob.cl\/&amp;source=gmail&amp;ust=1600346105235000&amp;usg=AFQjCNF576Hic3UFScNM1OGBQLyMAjrFZQ\">https:\/\/snifa.sma.gob.cl\/<\/a><\/p>\n","protected":false},"excerpt":{"rendered":"<p>En el contexto del procedimiento sancionatorio -iniciado en mayo de 2019- en contra del recinto, por incumplimientos a su Resoluci\u00f3n de Calificaci\u00f3n Ambiental (RCA), entre ellos un deficiente manejo de la disposici\u00f3n de residuos y por modificaciones al proyecto sin la evaluaci\u00f3n ambiental respectiva. Chonchi, 16 de septiembre de 2020.\u00a0La Superintendencia del Medio Ambiente (SMA) rechaz\u00f3 <a href=\"https:\/\/portal.sma.gob.cl\/index.php\/region-de-los-lagos-sma-rechaza-programa-de-cumplimiento-del-vertedero-dicham-y-ordena-medidas-urgentes-y-transitorias\/\">Leer m\u00e1s<\/a><\/p>\n","protected":false},"author":8,"featured_media":21569,"comment_status":"open","ping_status":"open","sticky":false,"template":"","format":"standard","meta":{"footnotes":""},"categories":[90,107],"tags":[],"class_list":["post-21571","post","type-post","status-publish","format-standard","has-post-thumbnail","hentry","category-comunicados-noticias","category-destacado"],"_links":{"self":[{"href":"https:\/\/portal.sma.gob.cl\/index.php\/wp-json\/wp\/v2\/posts\/21571","targetHints":{"allow":["GET"]}}],"collection":[{"href":"https:\/\/portal.sma.gob.cl\/index.php\/wp-json\/wp\/v2\/posts"}],"about":[{"href":"https:\/\/portal.sma.gob.cl\/index.php\/wp-json\/wp\/v2\/types\/post"}],"author":[{"embeddable":true,"href":"https:\/\/portal.sma.gob.cl\/index.php\/wp-json\/wp\/v2\/users\/8"}],"replies":[{"embeddable":true,"href":"https:\/\/portal.sma.gob.cl\/index.php\/wp-json\/wp\/v2\/comments?post=21571"}],"version-history":[{"count":1,"href":"https:\/\/portal.sma.gob.cl\/index.php\/wp-json\/wp\/v2\/posts\/21571\/revisions"}],"predecessor-version":[{"id":21572,"href":"https:\/\/portal.sma.gob.cl\/index.php\/wp-json\/wp\/v2\/posts\/21571\/revisions\/21572"}],"wp:featuredmedia":[{"embeddable":true,"href":"https:\/\/portal.sma.gob.cl\/index.php\/wp-json\/wp\/v2\/media\/21569"}],"wp:attachment":[{"href":"https:\/\/portal.sma.gob.cl\/index.php\/wp-json\/wp\/v2\/media?parent=21571"}],"wp:term":[{"taxonomy":"category","embeddable":true,"href":"https:\/\/portal.sma.gob.cl\/index.php\/wp-json\/wp\/v2\/categories?post=21571"},{"taxonomy":"post_tag","embeddable":true,"href":"https:\/\/portal.sma.gob.cl\/index.php\/wp-json\/wp\/v2\/tags?post=21571"}],"curies":[{"name":"wp","href":"https:\/\/api.w.org\/{rel}","templated":true}]}}