{"id":21609,"date":"2020-10-05T10:44:15","date_gmt":"2020-10-05T13:44:15","guid":{"rendered":"https:\/\/portal.sma.gob.cl\/?p=21609"},"modified":"2020-10-05T10:44:15","modified_gmt":"2020-10-05T13:44:15","slug":"los-lagos-sma-ordena-medidas-provisionales-procedimentales-a-vertedero-castro","status":"publish","type":"post","link":"https:\/\/portal.sma.gob.cl\/index.php\/los-lagos-sma-ordena-medidas-provisionales-procedimentales-a-vertedero-castro\/","title":{"rendered":"LOS LAGOS: SMA ordena medidas provisionales procedimentales a Vertedero Castro"},"content":{"rendered":"<p><strong>Medidas se sustentan debido a la deficiente operaci\u00f3n del vertedero, que produce malos olores, proliferaci\u00f3n de vectores, posible contaminaci\u00f3n de aguas subterr\u00e1neas y aguas superficiales, riesgo de deslizamiento y de incendio, y con ello afectaci\u00f3n de la salud de la poblaci\u00f3n cercana a dicha instalaci\u00f3n.<\/strong><\/p>\n<p><strong>Castro, 05 de octubre de 2020.-<\/strong> El Superintendente del Medio Ambiente, Crist\u00f3bal De La Maza, orden\u00f3 medidas provisionales procedimentales por 30 d\u00edas corridos contra la Municipalidad de Castro, respecto del <strong>Vertedero Castro<\/strong>, por mal manejo de residuos domiciliarios, lixiviados, sistema de biog\u00e1s, posible contaminaci\u00f3n de aguas subterr\u00e1neas y falta de construcci\u00f3n de canal perimetral de aguas lluvias.<\/p>\n<p>Las medidas -seg\u00fan explic\u00f3 el Superintendente De La Maza- se sustentan por un deficiente manejo operacional del recinto, lo que podr\u00eda generar un inminente riesgo al medio ambiente y a la salud de las personas. \u201cNo hay duda que hemos intensificado las fiscalizaciones a los sitios de disposici\u00f3n final de residuos, tanto residenciales como industriales y que ha sido parte de nuestra estrategia 2020, y los avances tecnol\u00f3gicos que estamos implementando nos permiten dar un paso significativo en este sector\u201d, puntualiz\u00f3.<\/p>\n<p>Las medidas se fundamentan, luego de una inspecci\u00f3n ambiental realizada en agosto de 2020, por personal de la oficina regional de la SMA en conjunto con la Seremi de Salud Los Lagos, en que se constat\u00f3 la deficiente operaci\u00f3n del vertedero, por la falta de cobertura diaria de los residuos, lo cual genera malos olores y gran cantidad de vectores, tanto al interior como en sus alrededores.<\/p>\n<p>Se constat\u00f3 tambi\u00e9n, el mal manejo de los lixiviados que se observan en el talud y en la base de la torta de residuos, que escurren por el canal de aguas lluvias hasta una piscina de lixiviados no impermeabilizada, lo que podr\u00eda afectar las aguas subterr\u00e1neas, situaci\u00f3n que hace que se genere un riesgo inminente al medio ambiente y a la salud de las personas.<\/p>\n<p>Cabe se\u00f1alar que la Unidad Fiscalizable \u201cVertedero Castro\u201d, ubicado en el sector de Punahuel, Comuna de Puerto Montt, Regi\u00f3n de Los Lagos- deber\u00e1 implementar cinco medidas que incluyen: manejo de residuos domiciliarios. Esto corresponde a la compactaci\u00f3n y cobertura diaria de los residuos dispuestos en el vertedero durante la jornada de trabajo, de manera de disminuir el ingreso de aguas lluvias al frente de trabajo.<\/p>\n<p>Respecto del manejo de lixiviados, el titular deber\u00e1 retirar los l\u00edquidos lixiviados mezclados con aguas lluvias que se encuentran al interior de la zanja de aguas lluvias y de la piscina de lixiviados no impermeabilizada, as\u00ed como de cualquier otro sector al interior del vertedero, para ser trasladados y dispuestos en lugar autorizado.<\/p>\n<p>Deber\u00e1 extraer los residuos y cualquier tipo de material al interior de las chimeneas de ventilaci\u00f3n; realizar un monitoreo de biog\u00e1s en las chimeneas de ventilaci\u00f3n e implementar un sistema que impida el ingreso de aguas lluvias al interior de las chimeneas de ventilaci\u00f3n de biog\u00e1s, sin interrumpir la adecuada evacuaci\u00f3n de los gases, lo que redunda en un buen manejo del biog\u00e1s.<\/p>\n<p>As\u00ed tambi\u00e9n, deber\u00e1 efectuar un monitoreo de aguas subterr\u00e1neas, que contempla la medici\u00f3n, muestreo y an\u00e1lisis de la calidad de \u00e9stas, en el pozo profundo del Comit\u00e9 de APR Putemun, respecto de los par\u00e1metros f\u00edsicos, qu\u00edmicos y bacteriol\u00f3gicas establecidos en la Norma Chilena para Agua Potable. Dicha acci\u00f3n deber\u00e1 ser ejecutada por medio de una Entidad T\u00e9cnica de Fiscalizaci\u00f3n Ambiental (ETFA), autorizada por la Superintendencia.<\/p>\n<p>Por \u00faltimo, deber\u00e1 limpiar y delimitar el canal perimetral de aguas lluvias, dando continuidad a la zanja en las zonas en que no existe, cumpliendo lo indicado en el Considerando N\u00b03 RCA N\u00b0453\/2009, y lo comprometido en el Programa de Cumplimiento (PDC).<\/p>\n<p>La Resoluci\u00f3n dispone que la I. Municipalidad de Castro debe presentar un Reporte de Cumplimiento Consolidado, incorporando estas acciones, dentro del plazo de 10 d\u00edas corridos, contados desde el vencimiento del plazo de estas medidas.<\/p>\n<p>Para mayor detalle, acceder a la formulaci\u00f3n de cargos en el Sistema Nacional de Informaci\u00f3n de Fiscalizaci\u00f3n Ambiental (SNIFA): <a href=\"https:\/\/snifa.sma.gob.cl\/MedidaProvisional\/Ficha\/223\">https:\/\/snifa.sma.gob.cl\/MedidaProvisional\/Ficha\/223<\/a><\/p>\n","protected":false},"excerpt":{"rendered":"<p>Medidas se sustentan debido a la deficiente operaci\u00f3n del vertedero, que produce malos olores, proliferaci\u00f3n de vectores, posible contaminaci\u00f3n de aguas subterr\u00e1neas y aguas superficiales, riesgo de deslizamiento y de incendio, y con ello afectaci\u00f3n de la salud de la poblaci\u00f3n cercana a dicha instalaci\u00f3n. Castro, 05 de octubre de 2020.- El Superintendente del Medio Ambiente, <a href=\"https:\/\/portal.sma.gob.cl\/index.php\/los-lagos-sma-ordena-medidas-provisionales-procedimentales-a-vertedero-castro\/\">Leer m\u00e1s<\/a><\/p>\n","protected":false},"author":8,"featured_media":21606,"comment_status":"open","ping_status":"open","sticky":false,"template":"","format":"standard","meta":{"footnotes":""},"categories":[90,107],"tags":[],"class_list":["post-21609","post","type-post","status-publish","format-standard","has-post-thumbnail","hentry","category-comunicados-noticias","category-destacado"],"_links":{"self":[{"href":"https:\/\/portal.sma.gob.cl\/index.php\/wp-json\/wp\/v2\/posts\/21609","targetHints":{"allow":["GET"]}}],"collection":[{"href":"https:\/\/portal.sma.gob.cl\/index.php\/wp-json\/wp\/v2\/posts"}],"about":[{"href":"https:\/\/portal.sma.gob.cl\/index.php\/wp-json\/wp\/v2\/types\/post"}],"author":[{"embeddable":true,"href":"https:\/\/portal.sma.gob.cl\/index.php\/wp-json\/wp\/v2\/users\/8"}],"replies":[{"embeddable":true,"href":"https:\/\/portal.sma.gob.cl\/index.php\/wp-json\/wp\/v2\/comments?post=21609"}],"version-history":[{"count":1,"href":"https:\/\/portal.sma.gob.cl\/index.php\/wp-json\/wp\/v2\/posts\/21609\/revisions"}],"predecessor-version":[{"id":21610,"href":"https:\/\/portal.sma.gob.cl\/index.php\/wp-json\/wp\/v2\/posts\/21609\/revisions\/21610"}],"wp:featuredmedia":[{"embeddable":true,"href":"https:\/\/portal.sma.gob.cl\/index.php\/wp-json\/wp\/v2\/media\/21606"}],"wp:attachment":[{"href":"https:\/\/portal.sma.gob.cl\/index.php\/wp-json\/wp\/v2\/media?parent=21609"}],"wp:term":[{"taxonomy":"category","embeddable":true,"href":"https:\/\/portal.sma.gob.cl\/index.php\/wp-json\/wp\/v2\/categories?post=21609"},{"taxonomy":"post_tag","embeddable":true,"href":"https:\/\/portal.sma.gob.cl\/index.php\/wp-json\/wp\/v2\/tags?post=21609"}],"curies":[{"name":"wp","href":"https:\/\/api.w.org\/{rel}","templated":true}]}}