{"id":21639,"date":"2020-10-13T13:11:53","date_gmt":"2020-10-13T16:11:53","guid":{"rendered":"https:\/\/portal.sma.gob.cl\/?p=21639"},"modified":"2020-10-13T13:11:53","modified_gmt":"2020-10-13T16:11:53","slug":"osorno-sma-formula-cargos-contra-6-titulares-por-incumplimiento-al-plan-de-descontaminacion-atmosferica","status":"publish","type":"post","link":"https:\/\/portal.sma.gob.cl\/index.php\/osorno-sma-formula-cargos-contra-6-titulares-por-incumplimiento-al-plan-de-descontaminacion-atmosferica\/","title":{"rendered":"Osorno: SMA formula cargos contra 6 titulares por incumplimiento al Plan de Descontaminaci\u00f3n Atmosf\u00e9rica"},"content":{"rendered":"<p><strong>Las infracciones fueron clasificadas como leves, y se sustentan porque los titulares de fuentes fijas (calderas) no contaban con las mediciones de material particulado (MP), informe que permite acreditar el cumplimiento ambiental de los l\u00edmites de emisi\u00f3n establecido en el Plan de Descontaminaci\u00f3n. Y en uno de los casos, por la comercializaci\u00f3n de venta de le\u00f1a h\u00fameda sobre el 25% regulado.<\/strong><\/p>\n<p><strong>Osorno, 13 octubre de 2020.\u00a0<\/strong>La Superintendencia del Medio Ambiente formul\u00f3 cargos contra 6 titulares de la ciudad de Osorno, cinco de ellas por no cumplir el Plan de Descontaminaci\u00f3n Atmosf\u00e9rica (PDA) de la zona y una, por comercializaci\u00f3n de le\u00f1a h\u00fameda. Esto luego de constatar en fiscalizaciones realizadas por funcionarios de la Secretaria Regional de Ministerio de Salud y de la Oficina Regional de Los Lagos de la SMA, que los establecimientos con calderas de potencia t\u00e9rmica nominal mayor o igual a 75 kWt no contaban con las mediciones discretas de Material Particulado (MP) que establece el D.S. N\u00b047\/2015.<\/p>\n<p>A los establecimientos que se les ha iniciado el respectivo proceso sancionatorio corresponden a las Comunidades de Copropietarios de los \u201cEdificios Los Libertadores\u201d; \u201cLlancacura\u201d; \u201cEmpleados P\u00fablicos y Periodistas\u201d; \u201cCordillera\u201d, \u201cSan Ram\u00f3n\u201d, y a la empresa \u201cCalor de Mely SPA\u201d.<\/p>\n<p>En el caso de los inmuebles, se levantaron cargos por no haber realizado la medici\u00f3n de sus emisiones de material particulado (MP), mediante un muestreo isocin\u00e9tico que permita acreditar el cumplimiento de los l\u00edmites de emisi\u00f3n establecidos en el art\u00edculo 41 del D.S. N\u00b047\/2015, respecto de las calderas a le\u00f1a y\/o petr\u00f3leo di\u00e9sel.<\/p>\n<p>Y en el caso de la empresa de comercio de le\u00f1a \u201cCalor de Mely SpA\u201d, la infracci\u00f3n se debe a la comercializaci\u00f3n de le\u00f1a h\u00fameda por parte del titular, con fecha 25 de agosto de 2020.<\/p>\n<p>Al respecto, Ivonne Mansilla, jefa de la Oficina Regional SMA de Los Lagos, afirm\u00f3 que \u201ccinco de estas formulaciones de cargos, est\u00e1n relacionados porque los edificios fiscalizados, no contaban con los informes isocin\u00e9ticos que permiten acreditar el cumplimiento de emisi\u00f3n regulados en la norma respectiva, no respetando el Plan de Descontaminaci\u00f3n Atmosf\u00e9rica. Y en el caso de la empresa Calor de Mely, se constat\u00f3 a ra\u00edz de una denuncia ciudadana, que se comercializ\u00f3 le\u00f1a h\u00fameda sobre el porcentaje establecido\u201d, indic\u00f3.<\/p>\n<p>Las infracciones detectadas para cada caso fueron clasificadas como leves, por lo que cada titular podr\u00eda ser objeto de una amonestaci\u00f3n por escrito o una multa de hasta 1.000 Unidades Tributarias Anuales (UTA).<\/p>\n<p>Los plazos para presentar un Programa de Cumplimiento por parte de los titulares infractores son de 15 d\u00edas h\u00e1biles y de 22 d\u00edas h\u00e1biles para presentar sus descargos, plazos ampliados de oficio y que comienzan a regir una vez realizadas las notificaciones a los titulares.<\/p>\n<p>\u201cLa Superintendencia del Medio Ambiente no busca aplicar multas, no es su objetivo, sin embargo, es necesario que las medidas establecidas en el Plan de Descontaminaci\u00f3n de Osorno se cumplan por todos, con mayor raz\u00f3n ahora que estamos sometidos a m\u00e1s factores de riesgo con la condici\u00f3n sanitaria que vive el pa\u00eds. Adem\u00e1s, se deben cumplir con los plazos fijados en el PDAO, referidos principalmente a los l\u00edmites de emisiones de material particulado\u201d, recalc\u00f3 Mansilla.<\/p>\n<p>Para mayor detalle, acceder a las formulaciones de cargos en el Sistema Nacional de Informaci\u00f3n de Fiscalizaci\u00f3n Ambiental <strong>(SNIFA)<\/strong>: <a href=\"https:\/\/snifa.sma.gob.cl\/\">https:\/\/snifa.sma.gob.cl\/<\/a><\/p>\n","protected":false},"excerpt":{"rendered":"<p>Las infracciones fueron clasificadas como leves, y se sustentan porque los titulares de fuentes fijas (calderas) no contaban con las mediciones de material particulado (MP), informe que permite acreditar el cumplimiento ambiental de los l\u00edmites de emisi\u00f3n establecido en el Plan de Descontaminaci\u00f3n. Y en uno de los casos, por la comercializaci\u00f3n de venta de le\u00f1a <a href=\"https:\/\/portal.sma.gob.cl\/index.php\/osorno-sma-formula-cargos-contra-6-titulares-por-incumplimiento-al-plan-de-descontaminacion-atmosferica\/\">Leer m\u00e1s<\/a><\/p>\n","protected":false},"author":3,"featured_media":21630,"comment_status":"open","ping_status":"open","sticky":false,"template":"","format":"standard","meta":{"footnotes":""},"categories":[90,107],"tags":[],"class_list":["post-21639","post","type-post","status-publish","format-standard","has-post-thumbnail","hentry","category-comunicados-noticias","category-destacado"],"_links":{"self":[{"href":"https:\/\/portal.sma.gob.cl\/index.php\/wp-json\/wp\/v2\/posts\/21639","targetHints":{"allow":["GET"]}}],"collection":[{"href":"https:\/\/portal.sma.gob.cl\/index.php\/wp-json\/wp\/v2\/posts"}],"about":[{"href":"https:\/\/portal.sma.gob.cl\/index.php\/wp-json\/wp\/v2\/types\/post"}],"author":[{"embeddable":true,"href":"https:\/\/portal.sma.gob.cl\/index.php\/wp-json\/wp\/v2\/users\/3"}],"replies":[{"embeddable":true,"href":"https:\/\/portal.sma.gob.cl\/index.php\/wp-json\/wp\/v2\/comments?post=21639"}],"version-history":[{"count":2,"href":"https:\/\/portal.sma.gob.cl\/index.php\/wp-json\/wp\/v2\/posts\/21639\/revisions"}],"predecessor-version":[{"id":21641,"href":"https:\/\/portal.sma.gob.cl\/index.php\/wp-json\/wp\/v2\/posts\/21639\/revisions\/21641"}],"wp:featuredmedia":[{"embeddable":true,"href":"https:\/\/portal.sma.gob.cl\/index.php\/wp-json\/wp\/v2\/media\/21630"}],"wp:attachment":[{"href":"https:\/\/portal.sma.gob.cl\/index.php\/wp-json\/wp\/v2\/media?parent=21639"}],"wp:term":[{"taxonomy":"category","embeddable":true,"href":"https:\/\/portal.sma.gob.cl\/index.php\/wp-json\/wp\/v2\/categories?post=21639"},{"taxonomy":"post_tag","embeddable":true,"href":"https:\/\/portal.sma.gob.cl\/index.php\/wp-json\/wp\/v2\/tags?post=21639"}],"curies":[{"name":"wp","href":"https:\/\/api.w.org\/{rel}","templated":true}]}}