{"id":21758,"date":"2020-11-05T15:52:17","date_gmt":"2020-11-05T18:52:17","guid":{"rendered":"https:\/\/portal.sma.gob.cl\/?p=21758"},"modified":"2020-11-05T15:52:17","modified_gmt":"2020-11-05T18:52:17","slug":"sma-formula-5-cargos-contra-la-empresa-eletrans-ii-s-a","status":"publish","type":"post","link":"https:\/\/portal.sma.gob.cl\/index.php\/sma-formula-5-cargos-contra-la-empresa-eletrans-ii-s-a\/","title":{"rendered":"SMA formula 5 cargos contra la empresa Eletrans II S.A."},"content":{"rendered":"<p><strong>Cuatro de las infracciones fueron clasificadas como graves y una leve toda vez que es posible determinar la existencia de un riesgo para la salud y calidad de vida de las personas cuyas viviendas se emplazan a los pies del Cerro Sombrero y que podr\u00edan verse nuevamente sometidas a escorrent\u00eda superficial y de sedimentaci\u00f3n.<\/strong><\/p>\n<p><strong>Santiago, 5 de noviembre de 2020.-<\/strong>\u00a0La Superintendencia del Medio Ambiente (SMA) formul\u00f3 5 cargos contra la empresa Eletrans II S.A., titular del proyecto\u00a0<strong>\u201cL\u00ednea de Transmisi\u00f3n Lo Aguirre \u2013 Alto Melipilla y Alto Melipilla &#8211; Rapel\u201d\u00a0<\/strong>(RCA N\u00b01542\/2018\u201d) debido que en el contexto de la construcci\u00f3n del proyecto de l\u00ednea de transmisi\u00f3n se han verificado procesos erosivos en caminos de acceso a las torres, aleda\u00f1os a cauces, y en el sector de emplazamiento de \u00e9stas, lo cual podr\u00eda generar\u00a0deslizamiento en masa de sedimentos y agua desde el Cerro Sombrero afectando los conjuntos habitacionales <strong>del sector Lomas de Manso, Los Jazmines y Valles de Melipilla<\/strong>, ubicados aguas abajo en eventos de precipitaciones como las registradas en junio pasado.<\/p>\n<p>Al respecto, el Superintendente del Medio Ambiente, Crist\u00f3bal De La Maza sostuvo que \u201cesta formulaci\u00f3n de cargos se sustenta porque a trav\u00e9s de las actividades de fiscalizaci\u00f3n se pudo constatar que la activaci\u00f3n de focos erosivos en los caminos de acceso a la Torre 3 y 3B y en la zona de emplazamiento de \u00e9stas, constituyen un posible riesgo de deslizamiento de lodo frente a eventuales precipitaciones como las ocurridas durante el mes de junio de este a\u00f1o\u201d, indic\u00f3 la autoridad.<\/p>\n<p>El primer cargo, alude a que el proyecto gener\u00f3 focos de activaci\u00f3n erosiva en los caminos de acceso y en sectores de emplazamiento de obras, a ra\u00edz de que en los accesos a las Torres 3 y 3B, no se ejecutaron obras de estabilizaci\u00f3n de laderas y taludes; mientras que, en el sector de emplazamiento de estas, no se realiz\u00f3 una adecuaci\u00f3n de la pendiente de corte.<\/p>\n<p>El titular no implement\u00f3 la barrera o pantalla vegetal en la calle sur del conjunto habitacional Lomas de Manso ni realiz\u00f3 el estudio t\u00e9cnico para dise\u00f1arla. Adem\u00e1s, de no realizar la Medida de Perturbaci\u00f3n Controlada en los sectores de emplazamiento de las estructuras Torre 25N del tramo Aguirre-Alto Melipilla, y de las Torres 44 y 45 del tramo Alto Melipilla-Rapel.<\/p>\n<p>A ello se suma, que la compa\u00f1\u00eda no present\u00f3\u00a0a la autoridad sanitaria\u00a0El Programa de Compensaci\u00f3n de Emisiones para los contaminantes<em>\u00a0<\/em>MP10 y NOx, encontr\u00e1ndose vencidos los plazos comprometidos.<\/p>\n<p>El cargo leve, en tanto, se sustenta por la omisi\u00f3n de avisar a la Superintendencia del Medio Ambiente de la generaci\u00f3n de procesos erosivos en sectores de emplazamiento de las obras de la empresa y del movimiento de remoci\u00f3n en masa que afect\u00f3 a los conjuntos habitacionales Los Jazmines y Valles de Melipilla.<\/p>\n<p>Sobre las infracciones graves, la Ley Org\u00e1nica de la Superintendencia del Medio Ambiente (LOSMA) dispone que el titular podr\u00e1 ser objeto de revocaci\u00f3n de la RCA, clausura, o multa de hasta 5 mil Unidades Tributarias Anuales (UTA). En tanto, para las infracciones leves, la empresa podr\u00e1 ser objeto de amonestaci\u00f3n por escrito o multa de una hasta 1.000 Unidades Tributarias Anuales (UTA).<\/p>\n<p>Tras la notificaci\u00f3n de esta formulaci\u00f3n de cargos, la empresa Eletrans II S.A., tendr\u00e1 un plazo de 10 d\u00edas h\u00e1biles para presentar un Programa de Cumplimiento (PdC) y de 15 d\u00edas h\u00e1biles para formular sus Descargos.<\/p>\n<p>Para mayor detalle, acceder a la formulaci\u00f3n de cargos en el Sistema Nacional de Informaci\u00f3n de Fiscalizaci\u00f3n Ambiental (SNIFA):\u00a0<a href=\"https:\/\/snifa.sma.gob.cl\/Sancionatorio\/Ficha\/2332\">https:\/\/snifa.sma.gob.cl\/Sancionatorio\/Ficha\/2332<\/a><\/p>\n<p><strong>Antecedentes de la investigaci\u00f3n<\/strong><\/p>\n<p>Este caso se origina por diversas denuncias en contra de la empresa tras no cumplir con el\u00a0Plan de Medidas de Mitigaci\u00f3n, Reparaci\u00f3n y Compensaci\u00f3n\u00a0que comprometi\u00f3 en su RCA, en las cuales se informa al ente fiscalizador que, producto de la construcci\u00f3n del proyecto de transmisi\u00f3n de energ\u00eda, la empresa intervino quebradas, suelos, flora y fauna en el Cerro El Sombrero.<\/p>\n<p>Frente a lo anterior, el Superintendente De La Maza en agosto pasado orden\u00f3\u00a0medidas provisionales pre procedimentales, a trav\u00e9s de las cuales se orden\u00f3 a la empresa implementar acciones de mitigaci\u00f3n orientadas a detener aluviones y sedimentos que escurrieron a viviendas del sector, y que est\u00e1n localizadas debajo del proyecto.<\/p>\n<p>Estas medidas han sido fiscalizadas en dos ocasiones durante este a\u00f1o para verificar la ocurrencia de proceso erosivos en el sector de la Subestaci\u00f3n El\u00e9ctrica Melipilla y de sus estructuras aleda\u00f1as, y donde se constat\u00f3 \u2013cerca del conjunto habitacional Valles de Melipilla\u2013 presencia de zanjas que, en algunos casos, a\u00fan manten\u00edan aguas apozadas. Por otra parte, en el sector del Lomas de Manso, se observ\u00f3 que no se hab\u00eda implementado el cerco perimetral de \u00e1rboles cuya finalidad es minimizar el impacto visual generado por las estructuras del proyecto.<\/p>\n<p>Junto con lo anterior, la SMA tambi\u00e9n realiz\u00f3 un requerimiento de informaci\u00f3n a la empresa y seguimiento ambiental vinculado a los hechos denunciados. Adem\u00e1s, se desarroll\u00f3 un an\u00e1lisis geoespacial del sector donde se emplaza la Subestaci\u00f3n El\u00e9ctrica y sus estructuras aleda\u00f1as para determinar el flujo del escurrimiento superficial de agua en el Cerro Sombrero y \u00e1rea de inter\u00e9s, de modo de caracterizar las pendientes de la zona de emplazamiento de la Subestaci\u00f3n El\u00e9ctrica.<\/p>\n<p><strong>Informaci\u00f3n del proyecto<\/strong><\/p>\n<p>El proyecto aprobado consiste en la construcci\u00f3n y explotaci\u00f3n de una nueva l\u00ednea de transmisi\u00f3n el\u00e9ctrica de alta tensi\u00f3n compuesta por las siguientes obras: Empalme a Nueva L\u00ednea 2&#215;220 kV Lo Aguirre \u2013 Alto Melipilla, con un circuito tendido, a la Subestaci\u00f3n Lo Aguirre (existente); Nueva L\u00ednea 2&#215;220 kV Lo Aguirre \u2013 Alto Melipilla, con un circuito tendido (Tramo Norte); Empalme de la Nueva L\u00ednea 1&#215;220 kV Alto Melipilla \u2013 Rapel, a la Subestaci\u00f3n Rapel (existente); Nueva L\u00ednea 1&#215;220 KV Alto Melipilla \u2013 Rapel (Tramo sur); Subestaci\u00f3n El\u00e9ctrica denominada Alto Melipilla Troncal; y Seccionamiento de la l\u00ednea 2&#215;220 kV Cerro Navia \u2013 Rapel (existente), denominado Tap-Off.<\/p>\n<p>La operaci\u00f3n de dicho proyecto pretende mejorar el servicio p\u00fablico de transporte de energ\u00eda el\u00e9ctrica por el sistema de transmisi\u00f3n troncal del Sistema Interconectado Central (\u201cSIC\u201d), descongestionando y permitiendo tener un respaldo frente a fallas o mantenimientos para el transporte de energ\u00eda el\u00e9ctrica que se inyecta en la Subestaci\u00f3n Rapel o la Subestaci\u00f3n lo Aguirre al SIC, desde donde se distribuye a los diferentes centros de consumo que se localizan desde Taltal, en la regi\u00f3n de Antofagasta, hasta Chait\u00e9n en la regi\u00f3n de Los Lagos.<\/p>\n","protected":false},"excerpt":{"rendered":"<p>Cuatro de las infracciones fueron clasificadas como graves y una leve toda vez que es posible determinar la existencia de un riesgo para la salud y calidad de vida de las personas cuyas viviendas se emplazan a los pies del Cerro Sombrero y que podr\u00edan verse nuevamente sometidas a escorrent\u00eda superficial y de sedimentaci\u00f3n. Santiago, 5 <a href=\"https:\/\/portal.sma.gob.cl\/index.php\/sma-formula-5-cargos-contra-la-empresa-eletrans-ii-s-a\/\">Leer m\u00e1s<\/a><\/p>\n","protected":false},"author":8,"featured_media":21755,"comment_status":"open","ping_status":"open","sticky":false,"template":"","format":"standard","meta":{"footnotes":""},"categories":[90,107],"tags":[],"class_list":["post-21758","post","type-post","status-publish","format-standard","has-post-thumbnail","hentry","category-comunicados-noticias","category-destacado"],"_links":{"self":[{"href":"https:\/\/portal.sma.gob.cl\/index.php\/wp-json\/wp\/v2\/posts\/21758","targetHints":{"allow":["GET"]}}],"collection":[{"href":"https:\/\/portal.sma.gob.cl\/index.php\/wp-json\/wp\/v2\/posts"}],"about":[{"href":"https:\/\/portal.sma.gob.cl\/index.php\/wp-json\/wp\/v2\/types\/post"}],"author":[{"embeddable":true,"href":"https:\/\/portal.sma.gob.cl\/index.php\/wp-json\/wp\/v2\/users\/8"}],"replies":[{"embeddable":true,"href":"https:\/\/portal.sma.gob.cl\/index.php\/wp-json\/wp\/v2\/comments?post=21758"}],"version-history":[{"count":2,"href":"https:\/\/portal.sma.gob.cl\/index.php\/wp-json\/wp\/v2\/posts\/21758\/revisions"}],"predecessor-version":[{"id":21760,"href":"https:\/\/portal.sma.gob.cl\/index.php\/wp-json\/wp\/v2\/posts\/21758\/revisions\/21760"}],"wp:featuredmedia":[{"embeddable":true,"href":"https:\/\/portal.sma.gob.cl\/index.php\/wp-json\/wp\/v2\/media\/21755"}],"wp:attachment":[{"href":"https:\/\/portal.sma.gob.cl\/index.php\/wp-json\/wp\/v2\/media?parent=21758"}],"wp:term":[{"taxonomy":"category","embeddable":true,"href":"https:\/\/portal.sma.gob.cl\/index.php\/wp-json\/wp\/v2\/categories?post=21758"},{"taxonomy":"post_tag","embeddable":true,"href":"https:\/\/portal.sma.gob.cl\/index.php\/wp-json\/wp\/v2\/tags?post=21758"}],"curies":[{"name":"wp","href":"https:\/\/api.w.org\/{rel}","templated":true}]}}