{"id":21816,"date":"2020-11-12T16:01:41","date_gmt":"2020-11-12T19:01:41","guid":{"rendered":"https:\/\/portal.sma.gob.cl\/?p=21816"},"modified":"2020-11-12T16:01:41","modified_gmt":"2020-11-12T19:01:41","slug":"sma-ordena-medidas-provisionales-pre-procedimentales-a-sociedad-exportadora-huber-ltda","status":"publish","type":"post","link":"https:\/\/portal.sma.gob.cl\/index.php\/sma-ordena-medidas-provisionales-pre-procedimentales-a-sociedad-exportadora-huber-ltda\/","title":{"rendered":"SMA Ordena Medidas Provisionales Pre Procedimentales a Sociedad Exportadora Huber Ltda."},"content":{"rendered":"<p><strong>Medidas recaen sobre la actividad productiva del Fundo Las Mercedes, predio dedicado a la producci\u00f3n agr\u00edcola de frutas, debido a diversas denuncias realizadas por la Junta de Vecinos R-20 Lautaro a la Superintendencia del Medio Ambiente, por ruidos nocturnos producto del uso de maquinarias m\u00f3viles para las labores de fumigaci\u00f3n.<\/strong><\/p>\n<p><strong>Chill\u00e1n, 12 de noviembre de 2020.-<\/strong> La Superintendencia del Medio Ambiente (SMA), orden\u00f3 medidas provisionales pre procedimentales a <strong>Sociedad Exportadora Huber Ltda.<\/strong>, por un plazo de 15 d\u00edas a contar de la notificaci\u00f3n a la empresa, con el objeto de detener la utilizaci\u00f3n de toda maquinaria generadora de ruido en horario nocturno definido en el D.S. N\u00b038\/2011 del Ministerio del Medio Ambiente el que establece que entre las 21:00 y las 07:00 horas, no se puede realizar cualquier actividad que requiera el predio para la producci\u00f3n de sus cultivos u otras actividades que genere ruidos molestos.<\/p>\n<p>Cabe destacar que estas medidas no impiden la realizaci\u00f3n de actividades agr\u00edcolas en horario nocturno, as\u00ed como tampoco la utilizaci\u00f3n de equipos ruidosos en horario diurno, por lo que resultar\u00eda perfectamente compatible con el uso de, por ejemplo, pulverizadores manuales durante la noche y maquinaria motorizada durante el d\u00eda. No obstante, lo anterior, la actividad deber\u00e1 igualmente respetar los l\u00edmites de emisi\u00f3n de ruido que fija el D.S. N\u00b038\/2011 MMA.<\/p>\n<p>Cristian Lineros, Jefe Regional de la SMA en \u00d1uble, se\u00f1al\u00f3 que \u201cfueron varias las fiscalizaciones realizadas por funcionarios de la Superintendencia del Medio Ambiente &#8211; todas ellas en horario nocturno y toque de queda &#8211; en coordinaci\u00f3n con los denunciados. Los resultados de esas inspecciones dieron cuenta de valores de 62, 64, 57 y 58 decibeles, superando los l\u00edmites m\u00e1ximos referenciales de la norma, establecidos en 50 decibeles\u201d.<\/p>\n<p>A\u00f1adi\u00f3 que esta medida de paralizaci\u00f3n de toda maquinaria generadora de ruido en horario nocturno es parte de las competencias que tiene la Superintendencia del Medio Ambiente para ajustarse a la normativa ambiental y con ello, mejorar la calidad de vida de los vecinos afectados.<\/p>\n<p>\u201cDurante estos \u00faltimos meses, se realizaron diversas gestiones con el titular del proyecto como cartas de advertencias, fiscalizaciones y visitas a la instalaci\u00f3n para alertar de los alcances de la Instituci\u00f3n en materia de sanciones por ruidos molestos denunciados. Sin embargo, no tuvimos la respuesta esperada por lo que ordenamos estas medidas que esperamos logren el objetivo de correcci\u00f3n y apego a la norma\u201d, puntualiz\u00f3 Lineros.<\/p>\n<p>Esta resoluci\u00f3n oficiada a la empresa deber\u00e1 ser verificada mediante la presentaci\u00f3n de documentos que acrediten la indicaci\u00f3n realizada formalmente por la Superintendencia, pudiendo acompa\u00f1arse registros fotogr\u00e1ficos georreferenciados con horario; respaldo de od\u00f3metros instalados en las mismas, siempre y cuando guarden horarios de funcionamiento; o cualquier documentaci\u00f3n que permita confirmar su detenci\u00f3n en el horario indicado.<\/p>\n<p>Estos antecedentes deber\u00e1n ser acompa\u00f1ados, junto a una carta conductora, dentro de un periodo de los 15 d\u00edas h\u00e1biles de vigencia de la medida ordenada.<\/p>\n<p>Para mayor detalle, acceder a la formulaci\u00f3n de cargos en el Sistema Nacional de Informaci\u00f3n de Fiscalizaci\u00f3n Ambiental (SNIFA): <a href=\"https:\/\/snifa.sma.gob.cl\/MedidaProvisional\/Ficha\/229\">https:\/\/snifa.sma.gob.cl\/MedidaProvisional\/Ficha\/229<\/a><\/p>\n<p>&nbsp;<\/p>\n","protected":false},"excerpt":{"rendered":"<p>Medidas recaen sobre la actividad productiva del Fundo Las Mercedes, predio dedicado a la producci\u00f3n agr\u00edcola de frutas, debido a diversas denuncias realizadas por la Junta de Vecinos R-20 Lautaro a la Superintendencia del Medio Ambiente, por ruidos nocturnos producto del uso de maquinarias m\u00f3viles para las labores de fumigaci\u00f3n. Chill\u00e1n, 12 de noviembre de 2020.- <a href=\"https:\/\/portal.sma.gob.cl\/index.php\/sma-ordena-medidas-provisionales-pre-procedimentales-a-sociedad-exportadora-huber-ltda\/\">Leer m\u00e1s<\/a><\/p>\n","protected":false},"author":3,"featured_media":21815,"comment_status":"open","ping_status":"open","sticky":false,"template":"","format":"standard","meta":{"footnotes":""},"categories":[90,107],"tags":[],"class_list":["post-21816","post","type-post","status-publish","format-standard","has-post-thumbnail","hentry","category-comunicados-noticias","category-destacado"],"_links":{"self":[{"href":"https:\/\/portal.sma.gob.cl\/index.php\/wp-json\/wp\/v2\/posts\/21816","targetHints":{"allow":["GET"]}}],"collection":[{"href":"https:\/\/portal.sma.gob.cl\/index.php\/wp-json\/wp\/v2\/posts"}],"about":[{"href":"https:\/\/portal.sma.gob.cl\/index.php\/wp-json\/wp\/v2\/types\/post"}],"author":[{"embeddable":true,"href":"https:\/\/portal.sma.gob.cl\/index.php\/wp-json\/wp\/v2\/users\/3"}],"replies":[{"embeddable":true,"href":"https:\/\/portal.sma.gob.cl\/index.php\/wp-json\/wp\/v2\/comments?post=21816"}],"version-history":[{"count":1,"href":"https:\/\/portal.sma.gob.cl\/index.php\/wp-json\/wp\/v2\/posts\/21816\/revisions"}],"predecessor-version":[{"id":21817,"href":"https:\/\/portal.sma.gob.cl\/index.php\/wp-json\/wp\/v2\/posts\/21816\/revisions\/21817"}],"wp:featuredmedia":[{"embeddable":true,"href":"https:\/\/portal.sma.gob.cl\/index.php\/wp-json\/wp\/v2\/media\/21815"}],"wp:attachment":[{"href":"https:\/\/portal.sma.gob.cl\/index.php\/wp-json\/wp\/v2\/media?parent=21816"}],"wp:term":[{"taxonomy":"category","embeddable":true,"href":"https:\/\/portal.sma.gob.cl\/index.php\/wp-json\/wp\/v2\/categories?post=21816"},{"taxonomy":"post_tag","embeddable":true,"href":"https:\/\/portal.sma.gob.cl\/index.php\/wp-json\/wp\/v2\/tags?post=21816"}],"curies":[{"name":"wp","href":"https:\/\/api.w.org\/{rel}","templated":true}]}}