{"id":21894,"date":"2020-11-27T16:50:38","date_gmt":"2020-11-27T19:50:38","guid":{"rendered":"https:\/\/portal.sma.gob.cl\/?p=21894"},"modified":"2020-11-27T16:50:38","modified_gmt":"2020-11-27T19:50:38","slug":"sma-firmo-convenio-de-colaboracion-con-municipalidad-de-iquique","status":"publish","type":"post","link":"https:\/\/portal.sma.gob.cl\/index.php\/sma-firmo-convenio-de-colaboracion-con-municipalidad-de-iquique\/","title":{"rendered":"SMA firm\u00f3 Convenio de Colaboraci\u00f3n con Municipalidad de Iquique"},"content":{"rendered":"<p><strong>El acuerdo busca que el municipio pueda desarrollar acciones de fiscalizaci\u00f3n en materia de ruidos, siguiendo las capacitaciones y metodolog\u00edas que entrega la Superintendencia del Medio Ambiente.<\/strong><\/p>\n<p><strong>Iquique, 27 de noviembre de 2020.<\/strong> La Superintendencia del Medio Ambiente (SMA) suscribi\u00f3 un convenio de colaboraci\u00f3n en fiscalizaci\u00f3n de ruidos con la Municipalidad de Iquique. A la ceremonia asistieron, en representaci\u00f3n de la SMA, el jefe regional de Tarapac\u00e1, Ariel Pliscoff, junto al Jefe de Fiscalizaci\u00f3n, Rub\u00e9n Verdugo; el Alcalde de Iquique, Mauricio Soria; y la Seremi de Medio Ambiente de la Regi\u00f3n, Moyra Rojas.<\/p>\n<p>El acuerdo busca que la Municipalidad de Iquique colabore activamente con la Superintendencia en la realizaci\u00f3n de actividades de fiscalizaci\u00f3n a la Norma de Emisi\u00f3n de Ruidos, del Decreto Supremo N\u00b038 de 2011, del Ministerio del Medio Ambiente. De esta manera, el municipio complementa su rol fiscalizador en materias reguladas espec\u00edficamente por sus ordenanzas.<\/p>\n<p>Entre las materias que se abordan en el documento, se encuentran acciones de capacitaci\u00f3n que la Superintendencia entregar\u00e1 a funcionarios municipales respecto del sentido y alcance de la Norma de Emisi\u00f3n, de las metodolog\u00edas aplicables a \u00e9stas, el uso de equipos y la realizaci\u00f3n de zonificaci\u00f3n, entre otros.<\/p>\n<p>El convenio tendr\u00e1 una duraci\u00f3n de cuatro a\u00f1os, contados desde la fecha de entrada en vigor de la resoluci\u00f3n que lo aprueba y se renovar\u00e1 por per\u00edodos de dos a\u00f1os, autom\u00e1tica y sucesivamente.<\/p>\n","protected":false},"excerpt":{"rendered":"<p>El acuerdo busca que el municipio pueda desarrollar acciones de fiscalizaci\u00f3n en materia de ruidos, siguiendo las capacitaciones y metodolog\u00edas que entrega la Superintendencia del Medio Ambiente. Iquique, 27 de noviembre de 2020. La Superintendencia del Medio Ambiente (SMA) suscribi\u00f3 un convenio de colaboraci\u00f3n en fiscalizaci\u00f3n de ruidos con la Municipalidad de Iquique. A la ceremonia <a href=\"https:\/\/portal.sma.gob.cl\/index.php\/sma-firmo-convenio-de-colaboracion-con-municipalidad-de-iquique\/\">Leer m\u00e1s<\/a><\/p>\n","protected":false},"author":3,"featured_media":21893,"comment_status":"open","ping_status":"open","sticky":false,"template":"","format":"standard","meta":{"footnotes":""},"categories":[94],"tags":[],"class_list":["post-21894","post","type-post","status-publish","format-standard","has-post-thumbnail","hentry","category-notas-noticias"],"_links":{"self":[{"href":"https:\/\/portal.sma.gob.cl\/index.php\/wp-json\/wp\/v2\/posts\/21894","targetHints":{"allow":["GET"]}}],"collection":[{"href":"https:\/\/portal.sma.gob.cl\/index.php\/wp-json\/wp\/v2\/posts"}],"about":[{"href":"https:\/\/portal.sma.gob.cl\/index.php\/wp-json\/wp\/v2\/types\/post"}],"author":[{"embeddable":true,"href":"https:\/\/portal.sma.gob.cl\/index.php\/wp-json\/wp\/v2\/users\/3"}],"replies":[{"embeddable":true,"href":"https:\/\/portal.sma.gob.cl\/index.php\/wp-json\/wp\/v2\/comments?post=21894"}],"version-history":[{"count":1,"href":"https:\/\/portal.sma.gob.cl\/index.php\/wp-json\/wp\/v2\/posts\/21894\/revisions"}],"predecessor-version":[{"id":21895,"href":"https:\/\/portal.sma.gob.cl\/index.php\/wp-json\/wp\/v2\/posts\/21894\/revisions\/21895"}],"wp:featuredmedia":[{"embeddable":true,"href":"https:\/\/portal.sma.gob.cl\/index.php\/wp-json\/wp\/v2\/media\/21893"}],"wp:attachment":[{"href":"https:\/\/portal.sma.gob.cl\/index.php\/wp-json\/wp\/v2\/media?parent=21894"}],"wp:term":[{"taxonomy":"category","embeddable":true,"href":"https:\/\/portal.sma.gob.cl\/index.php\/wp-json\/wp\/v2\/categories?post=21894"},{"taxonomy":"post_tag","embeddable":true,"href":"https:\/\/portal.sma.gob.cl\/index.php\/wp-json\/wp\/v2\/tags?post=21894"}],"curies":[{"name":"wp","href":"https:\/\/api.w.org\/{rel}","templated":true}]}}