{"id":21897,"date":"2020-11-30T16:00:45","date_gmt":"2020-11-30T19:00:45","guid":{"rendered":"https:\/\/portal.sma.gob.cl\/?p=21897"},"modified":"2021-03-29T11:45:00","modified_gmt":"2021-03-29T14:45:00","slug":"sma-firma-convenio-con-municipalidad-de-san-pedro-de-la-paz","status":"publish","type":"post","link":"https:\/\/portal.sma.gob.cl\/index.php\/sma-firma-convenio-con-municipalidad-de-san-pedro-de-la-paz\/","title":{"rendered":"SMA Firma Convenio con Municipalidad de San Pedro de La Paz"},"content":{"rendered":"<p><strong>El acuerdo permite que la casa edilicia pueda desarrollar acciones de fiscalizaci\u00f3n en materia de ruidos, siguiendo las capacitaciones y metodolog\u00edas que entrega la Superintendencia.<\/strong><\/p>\n<p><strong>San Pedro de La Paz, 30 de noviembre de 2020.<\/strong> La Superintendencia del Medio Ambiente (SMA) suscribi\u00f3 un convenio de colaboraci\u00f3n de fiscalizaci\u00f3n ambiental con la Municipalidad de San Pedro de La Paz. A la ceremonia asisti\u00f3 el Superintendente, Crist\u00f3bal De la Maza, el Jefe Regional de la SMA en Biob\u00edo, Juan Pablo Granzow, el alcalde de dicha comuna, Audito Retamal y el director de Medio Ambiente de dicha municipalidad, V\u00edctor Hugo Montalba.<\/p>\n<p>El convenio de colaboraci\u00f3n busca que la Municipalidad de San Pedro de la Paz colabore en la realizaci\u00f3n de actividades de fiscalizaci\u00f3n a la Norma de Emisi\u00f3n de Ruidos, del Decreto Supremo N\u00b038 de 2011, del Ministerio del Medio Ambiente. La municipalidad complementa as\u00ed su rol fiscalizador en materias reguladas espec\u00edficamente por sus ordenanzas.<\/p>\n<p>Entre las materias que se abordan en el documento, est\u00e1n acciones de capacitaci\u00f3n que la Superintendencia del Medio Ambiente entregar\u00e1 a funcionarios municipales directrices respecto del sentido y alcance de la Norma de Emisi\u00f3n, de las metodolog\u00edas aplicables a \u00e9stas, el uso de equipos y la realizaci\u00f3n de zonificaci\u00f3n, entre otros. Adem\u00e1s, podr\u00e1 recibir denuncias relativas a ruidos molestos y velar porque las presentaciones cumplan con todos los requisitos legales establecidas en la Ley Org\u00e1nica de la SMA.<\/p>\n<p>El convenio tendr\u00e1 una duraci\u00f3n de cuatro a\u00f1os, contados desde la fecha de entrada en vigor de la resoluci\u00f3n que lo aprueba y se renovar\u00e1 por per\u00edodos de dos a\u00f1os, autom\u00e1tica y sucesivamente.<\/p>\n","protected":false},"excerpt":{"rendered":"<p>El acuerdo permite que la casa edilicia pueda desarrollar acciones de fiscalizaci\u00f3n en materia de ruidos, siguiendo las capacitaciones y metodolog\u00edas que entrega la Superintendencia. San Pedro de La Paz, 30 de noviembre de 2020. La Superintendencia del Medio Ambiente (SMA) suscribi\u00f3 un convenio de colaboraci\u00f3n de fiscalizaci\u00f3n ambiental con la Municipalidad de San Pedro de <a href=\"https:\/\/portal.sma.gob.cl\/index.php\/sma-firma-convenio-con-municipalidad-de-san-pedro-de-la-paz\/\">Leer m\u00e1s<\/a><\/p>\n","protected":false},"author":9,"featured_media":21900,"comment_status":"open","ping_status":"open","sticky":false,"template":"","format":"standard","meta":{"footnotes":""},"categories":[107,94],"tags":[170],"class_list":["post-21897","post","type-post","status-publish","format-standard","has-post-thumbnail","hentry","category-destacado","category-notas-noticias","tag-biobio"],"_links":{"self":[{"href":"https:\/\/portal.sma.gob.cl\/index.php\/wp-json\/wp\/v2\/posts\/21897","targetHints":{"allow":["GET"]}}],"collection":[{"href":"https:\/\/portal.sma.gob.cl\/index.php\/wp-json\/wp\/v2\/posts"}],"about":[{"href":"https:\/\/portal.sma.gob.cl\/index.php\/wp-json\/wp\/v2\/types\/post"}],"author":[{"embeddable":true,"href":"https:\/\/portal.sma.gob.cl\/index.php\/wp-json\/wp\/v2\/users\/9"}],"replies":[{"embeddable":true,"href":"https:\/\/portal.sma.gob.cl\/index.php\/wp-json\/wp\/v2\/comments?post=21897"}],"version-history":[{"count":3,"href":"https:\/\/portal.sma.gob.cl\/index.php\/wp-json\/wp\/v2\/posts\/21897\/revisions"}],"predecessor-version":[{"id":22406,"href":"https:\/\/portal.sma.gob.cl\/index.php\/wp-json\/wp\/v2\/posts\/21897\/revisions\/22406"}],"wp:featuredmedia":[{"embeddable":true,"href":"https:\/\/portal.sma.gob.cl\/index.php\/wp-json\/wp\/v2\/media\/21900"}],"wp:attachment":[{"href":"https:\/\/portal.sma.gob.cl\/index.php\/wp-json\/wp\/v2\/media?parent=21897"}],"wp:term":[{"taxonomy":"category","embeddable":true,"href":"https:\/\/portal.sma.gob.cl\/index.php\/wp-json\/wp\/v2\/categories?post=21897"},{"taxonomy":"post_tag","embeddable":true,"href":"https:\/\/portal.sma.gob.cl\/index.php\/wp-json\/wp\/v2\/tags?post=21897"}],"curies":[{"name":"wp","href":"https:\/\/api.w.org\/{rel}","templated":true}]}}