{"id":21904,"date":"2020-12-04T16:19:07","date_gmt":"2020-12-04T19:19:07","guid":{"rendered":"https:\/\/portal.sma.gob.cl\/?p=21904"},"modified":"2020-12-04T16:20:56","modified_gmt":"2020-12-04T19:20:56","slug":"superintendencia-del-medio-ambiente-firmo-convenio-con-municipalidad-de-tierra-amarilla","status":"publish","type":"post","link":"https:\/\/portal.sma.gob.cl\/index.php\/superintendencia-del-medio-ambiente-firmo-convenio-con-municipalidad-de-tierra-amarilla\/","title":{"rendered":"Superintendencia del Medio Ambiente Firm\u00f3 Convenio con Municipalidad de Tierra Amarilla"},"content":{"rendered":"<p style=\"text-align: justify;\"><strong>El acuerdo permite que el municipio desarrolle acciones de fiscalizaci\u00f3n en materia de ruidos, fortaleciendo el rol el trabajo colaborativo entre ambas instituciones a trav\u00e9s de capacitaciones y metodolog\u00edas que entrega la Superintendencia.<\/strong><\/p>\n<p style=\"text-align: justify;\"><strong>Tierra Amarilla, 03 de diciembre de 2020.<\/strong>\u00a0La Superintendencia del Medio Ambiente (SMA) suscribi\u00f3 un convenio de colaboraci\u00f3n de fiscalizaci\u00f3n ambiental en materia de ruidos con la Municipalidad de Tierra Amarilla. En la actividad, particip\u00f3 el Superintendente, Crist\u00f3bal De la Maza, el Jefe Regional de la SMA en Atacama, Felipe S\u00e1nchez, el Alcalde (S) de dicha comuna, Crist\u00f3bal Z\u00fa\u00f1iga y Wilfredo Vargas, encargado de Medio Ambiente de la municipalidad.<\/p>\n<p style=\"text-align: justify;\">El convenio de colaboraci\u00f3n busca que la Municipalidad de Tierra Amarilla colabore en la realizaci\u00f3n de actividades de fiscalizaci\u00f3n a la Norma de Emisi\u00f3n de Ruidos, del Decreto Supremo N\u00b038 de 2011, del Ministerio del Medio Ambiente. La municipalidad complementa as\u00ed su rol fiscalizador en materias reguladas espec\u00edficamente por sus Ordenanzas.<\/p>\n<p style=\"text-align: justify;\">Entre las materias que se abordan en el documento, se encuentran capacitaciones que la Superintendencia del Medio Ambiente entregar\u00e1 a funcionarios municipales sobre directrices respecto del sentido y alcance de la Norma de Emisi\u00f3n, de las metodolog\u00edas aplicables a \u00e9stas, el uso de equipos y la realizaci\u00f3n de zonificaci\u00f3n, entre otros. Adem\u00e1s, podr\u00e1 recibir denuncias relativas a ruidos molestos y velar porque las presentaciones cumplan con todos los requisitos legales establecidas en la Ley Org\u00e1nica de la SMA.<\/p>\n<p style=\"text-align: justify;\">Tras la firma del convenio el Superintendente sostuvo: \u201cNosotros vamos a fiscalizar el 100% de las instalaciones relevantes y buscar finalmente a trav\u00e9s de los incumplimientos de \u00e9stas empresas mejorar la calidad ambiental de los vecinos. El acceso a la justicia medioambiental es un derecho de todos los ciudadanos y nosotros como superintendencia, nuestra labor es hacer valer ese derecho\u201d.<\/p>\n<p style=\"text-align: justify;\">Por su parte, el alcalde (S) Z\u00fa\u00f1iga coment\u00f3: \u201cEs un d\u00eda hist\u00f3rico para la comunidad por la firma de este convenio con la Superintendencia del Medio Ambiente, lo cual nos permitir\u00e1 ser parte del equipo fiscalizador para darle mayor sustento a las denuncias que realicemos y mayor celeridad a los casos\u201d.<\/p>\n<p style=\"text-align: justify;\">El convenio tendr\u00e1 una duraci\u00f3n de cuatro a\u00f1os, contados desde la fecha de entrada en vigor de la resoluci\u00f3n que lo aprueba y se renovar\u00e1 por per\u00edodos de dos a\u00f1os, autom\u00e1tica y sucesivamente.<\/p>\n","protected":false},"excerpt":{"rendered":"<p>El acuerdo permite que el municipio desarrolle acciones de fiscalizaci\u00f3n en materia de ruidos, fortaleciendo el rol el trabajo colaborativo entre ambas instituciones a trav\u00e9s de capacitaciones y metodolog\u00edas que entrega la Superintendencia. Tierra Amarilla, 03 de diciembre de 2020.\u00a0La Superintendencia del Medio Ambiente (SMA) suscribi\u00f3 un convenio de colaboraci\u00f3n de fiscalizaci\u00f3n ambiental en materia de <a href=\"https:\/\/portal.sma.gob.cl\/index.php\/superintendencia-del-medio-ambiente-firmo-convenio-con-municipalidad-de-tierra-amarilla\/\">Leer m\u00e1s<\/a><\/p>\n","protected":false},"author":3,"featured_media":21906,"comment_status":"open","ping_status":"open","sticky":false,"template":"","format":"standard","meta":{"footnotes":""},"categories":[107,94],"tags":[],"class_list":["post-21904","post","type-post","status-publish","format-standard","has-post-thumbnail","hentry","category-destacado","category-notas-noticias"],"_links":{"self":[{"href":"https:\/\/portal.sma.gob.cl\/index.php\/wp-json\/wp\/v2\/posts\/21904","targetHints":{"allow":["GET"]}}],"collection":[{"href":"https:\/\/portal.sma.gob.cl\/index.php\/wp-json\/wp\/v2\/posts"}],"about":[{"href":"https:\/\/portal.sma.gob.cl\/index.php\/wp-json\/wp\/v2\/types\/post"}],"author":[{"embeddable":true,"href":"https:\/\/portal.sma.gob.cl\/index.php\/wp-json\/wp\/v2\/users\/3"}],"replies":[{"embeddable":true,"href":"https:\/\/portal.sma.gob.cl\/index.php\/wp-json\/wp\/v2\/comments?post=21904"}],"version-history":[{"count":1,"href":"https:\/\/portal.sma.gob.cl\/index.php\/wp-json\/wp\/v2\/posts\/21904\/revisions"}],"predecessor-version":[{"id":21905,"href":"https:\/\/portal.sma.gob.cl\/index.php\/wp-json\/wp\/v2\/posts\/21904\/revisions\/21905"}],"wp:featuredmedia":[{"embeddable":true,"href":"https:\/\/portal.sma.gob.cl\/index.php\/wp-json\/wp\/v2\/media\/21906"}],"wp:attachment":[{"href":"https:\/\/portal.sma.gob.cl\/index.php\/wp-json\/wp\/v2\/media?parent=21904"}],"wp:term":[{"taxonomy":"category","embeddable":true,"href":"https:\/\/portal.sma.gob.cl\/index.php\/wp-json\/wp\/v2\/categories?post=21904"},{"taxonomy":"post_tag","embeddable":true,"href":"https:\/\/portal.sma.gob.cl\/index.php\/wp-json\/wp\/v2\/tags?post=21904"}],"curies":[{"name":"wp","href":"https:\/\/api.w.org\/{rel}","templated":true}]}}