{"id":21916,"date":"2020-12-10T14:56:21","date_gmt":"2020-12-10T17:56:21","guid":{"rendered":"https:\/\/portal.sma.gob.cl\/?p=21916"},"modified":"2020-12-10T14:56:21","modified_gmt":"2020-12-10T17:56:21","slug":"superintendente-de-la-maza-declaro-tierra-amarilla-como-zona-prioritaria-de-fiscalizacion-ambiental","status":"publish","type":"post","link":"https:\/\/portal.sma.gob.cl\/index.php\/superintendente-de-la-maza-declaro-tierra-amarilla-como-zona-prioritaria-de-fiscalizacion-ambiental\/","title":{"rendered":"Superintendente De La Maza Declar\u00f3 Tierra Amarilla como Zona Prioritaria de Fiscalizaci\u00f3n Ambiental"},"content":{"rendered":"<p><strong>Tras visita oficial a la Regi\u00f3n de Atacama, recorriendo las comunas de Huasco y Caldera, en conjunto con el Jefe Regional de la instituci\u00f3n, Felipe S\u00e1nchez la m\u00e1xima autoridad de la Superintendencia del Medio Ambiente (SMA) realiz\u00f3 visitas a diversos titulares, adem\u00e1s de firmar un convenio de Ruido con uno de los Municipios.<\/strong><\/p>\n<p><strong>Atacama, 07 de diciembre de 2020.-<\/strong> El Superintendente del Medio Ambiente, Crist\u00f3bal De La Maza, realiz\u00f3 una visita oficial a la Regi\u00f3n de Atacama, en la que pudo recorrer distintas Unidades Fiscalizables en la zona y declarar <strong>Tierra Amarilla como<\/strong> <strong>Zona Prioritaria de Fiscalizaci\u00f3n Ambiental. <\/strong><\/p>\n<p>El recorrido contempl\u00f3 diversas actividades protocolares que comenzaron con una reuni\u00f3n programada con el Intendente de Atacama, Patricio Urquieta, para abordar casos relevantes de la zona y algunas inspecciones a proyectos que preocupan a los ciudadanos de la regi\u00f3n.<\/p>\n<p>Al d\u00eda siguiente, De La Maza visit\u00f3 la Planta de Pellets de CAP, sujeta a un Programa de Cumplimiento \u2013en el marco de un proceso sancionatorio- y a acciones que se desprenden del Plan de Prevenci\u00f3n Atmosf\u00e9rico para la localidad de Huasco y su zona circundante (PPDA D.S. 38\/2017 del Ministerio del Medio Ambiente), que establece una serie de medidas para las principales fuentes de emisi\u00f3n identificadas en la zona.<\/p>\n<p>Posteriormente, la autoridad recorri\u00f3 las instalaciones de Compa\u00f1\u00eda Minera del Pac\u00edfico, acompa\u00f1ado por el Gerente General de la empresa, Felipe Carvajal y ejecutivos de la empresa.<\/p>\n<p>En la oportunidad, se reuni\u00f3 con integrantes del Consejo de Recuperaci\u00f3n Ambiental y Social (CRAS) de Huasco.<\/p>\n<p>La agenda continu\u00f3 por la tarde con la inspecci\u00f3n al Complejo Termoel\u00e9ctrico Guacolda de AES Gener en Huasco, instalaci\u00f3n que cuenta con Resoluci\u00f3n de Calificaci\u00f3n Ambiental (RCA) y que tambi\u00e9n est\u00e1 afecta al PPDA de la comuna.<\/p>\n<p>Al d\u00eda siguiente, se trasladaron a Caldera para conocer la Planta Desalinizadora que se construye en la comuna y que proveer\u00e1 agua a Cha\u00f1aral, Caldera y otras ciudades, la que se prev\u00e9 estar\u00e1 operando full el 2021.<\/p>\n<p>\u201cEsta es una planta moderna que permite el proceso de desalinizaci\u00f3n de manera muy eficiente y costo efectivo. Lo anterior, no s\u00f3lo dar\u00e1 un alivio a la cuenca del R\u00edo Copiap\u00f3, que actualmente se encuentra sobre exigida, sino que tambi\u00e9n permitir\u00e1 mejorar el impacto ambiental de la actividad en torno al recurso h\u00eddrico\u201d, indic\u00f3 el superintendente.<\/p>\n<p>A\u00f1adi\u00f3 que una de sus principales obligaciones como Instituci\u00f3n es fiscalizar este tipo de instalaciones, de manera que tanto en su proceso de construcci\u00f3n como en el de la operaci\u00f3n, no generen otro tipo de impactos que puedan afectar el medio ambiente y a la ciudadan\u00eda que vive en torno a proyectos como \u00e9ste.<\/p>\n<p>En la misma localidad, se reuni\u00f3 con la ONG Atacama Limpia. Su presidenta, Cecilia Mart\u00ednez, entreg\u00f3 una minuta al Superintendente en la que detalla las principales demandas de la organizaci\u00f3n en temas ambientales de la zona, las que esperan sean abordadas en el marco fiscalizador que realiza la SMA.<\/p>\n<p>Tras realizar un recorrido junto al alcalde (S) Crist\u00f3bal Z\u00fa\u00f1iga, el Superintendente indic\u00f3 que, a partir de la firma del convenio, el municipio de Tierra Amarilla se suma a la Red Nacional de Fiscalizaci\u00f3n Ambiental que coordina la SMA.<\/p>\n","protected":false},"excerpt":{"rendered":"<p>Tras visita oficial a la Regi\u00f3n de Atacama, recorriendo las comunas de Huasco y Caldera, en conjunto con el Jefe Regional de la instituci\u00f3n, Felipe S\u00e1nchez la m\u00e1xima autoridad de la Superintendencia del Medio Ambiente (SMA) realiz\u00f3 visitas a diversos titulares, adem\u00e1s de firmar un convenio de Ruido con uno de los Municipios. Atacama, 07 de <a href=\"https:\/\/portal.sma.gob.cl\/index.php\/superintendente-de-la-maza-declaro-tierra-amarilla-como-zona-prioritaria-de-fiscalizacion-ambiental\/\">Leer m\u00e1s<\/a><\/p>\n","protected":false},"author":3,"featured_media":21912,"comment_status":"open","ping_status":"open","sticky":false,"template":"","format":"standard","meta":{"footnotes":""},"categories":[107,94],"tags":[],"class_list":["post-21916","post","type-post","status-publish","format-standard","has-post-thumbnail","hentry","category-destacado","category-notas-noticias"],"_links":{"self":[{"href":"https:\/\/portal.sma.gob.cl\/index.php\/wp-json\/wp\/v2\/posts\/21916","targetHints":{"allow":["GET"]}}],"collection":[{"href":"https:\/\/portal.sma.gob.cl\/index.php\/wp-json\/wp\/v2\/posts"}],"about":[{"href":"https:\/\/portal.sma.gob.cl\/index.php\/wp-json\/wp\/v2\/types\/post"}],"author":[{"embeddable":true,"href":"https:\/\/portal.sma.gob.cl\/index.php\/wp-json\/wp\/v2\/users\/3"}],"replies":[{"embeddable":true,"href":"https:\/\/portal.sma.gob.cl\/index.php\/wp-json\/wp\/v2\/comments?post=21916"}],"version-history":[{"count":1,"href":"https:\/\/portal.sma.gob.cl\/index.php\/wp-json\/wp\/v2\/posts\/21916\/revisions"}],"predecessor-version":[{"id":21917,"href":"https:\/\/portal.sma.gob.cl\/index.php\/wp-json\/wp\/v2\/posts\/21916\/revisions\/21917"}],"wp:featuredmedia":[{"embeddable":true,"href":"https:\/\/portal.sma.gob.cl\/index.php\/wp-json\/wp\/v2\/media\/21912"}],"wp:attachment":[{"href":"https:\/\/portal.sma.gob.cl\/index.php\/wp-json\/wp\/v2\/media?parent=21916"}],"wp:term":[{"taxonomy":"category","embeddable":true,"href":"https:\/\/portal.sma.gob.cl\/index.php\/wp-json\/wp\/v2\/categories?post=21916"},{"taxonomy":"post_tag","embeddable":true,"href":"https:\/\/portal.sma.gob.cl\/index.php\/wp-json\/wp\/v2\/tags?post=21916"}],"curies":[{"name":"wp","href":"https:\/\/api.w.org\/{rel}","templated":true}]}}