{"id":22017,"date":"2020-12-21T11:25:24","date_gmt":"2020-12-21T14:25:24","guid":{"rendered":"https:\/\/portal.sma.gob.cl\/?p=22017"},"modified":"2020-12-21T11:26:46","modified_gmt":"2020-12-21T14:26:46","slug":"region-del-maule-destaca-la-fiscalizacion-del-primer-ano-de-las-medidas-del-nuevo-plan-de-descontaminacion-del-valle-central-de-curico","status":"publish","type":"post","link":"https:\/\/portal.sma.gob.cl\/index.php\/region-del-maule-destaca-la-fiscalizacion-del-primer-ano-de-las-medidas-del-nuevo-plan-de-descontaminacion-del-valle-central-de-curico\/","title":{"rendered":"Regi\u00f3n del Maule destaca la fiscalizaci\u00f3n del primer a\u00f1o de las medidas del nuevo Plan de Descontaminaci\u00f3n del Valle Central de Curic\u00f3"},"content":{"rendered":"<p style=\"text-align: justify;\"><strong>La Jefa Regional del Maule, Mariela Valenzuela Hube, hace un an\u00e1lisis de los principales focos de fiscalizaci\u00f3n en su zona. Este a\u00f1o debut\u00f3 el PDA del Valle Central de la Provincia de Curic\u00f3, lo que implic\u00f3 que se fiscalizara por primera vez a fuentes fijas como calderas y panader\u00edas. Si bien las denuncias en la zona se mantuvieron similares en n\u00famero a 2019, s\u00ed se produjo un aumento respecto a ruidos provenientes de talleres e industrias en zonas urbanas, y en iniverno, se agregaron las molestias asociadas a dispositivos antiheladas en \u00e1reas rurales.<\/strong><\/p>\n<p style=\"text-align: justify;\"><strong>-\u00bfQu\u00e9 evaluaci\u00f3n hace de 2020 para la SMA en su Regi\u00f3n?<\/strong><\/p>\n<p style=\"text-align: justify;\">R: El a\u00f1o 2020 fue muy intenso, toda vez que sumamos a la fiscalizaci\u00f3n de instrumentos de car\u00e1cter ambiental uno nuevo, como lo fue el <a href=\"https:\/\/ppda.mma.gob.cl\/maule\/plan-para-el-valle-central-de-la-provincia-de-curico\/\" target=\"_blank\" rel=\"noopener\">Plan de Descontaminaci\u00f3n Atmosf\u00e9rica del Valle Central de Curic\u00f3,<\/a> que se public\u00f3 en diciembre de 2019, por lo que este fue el primer a\u00f1o en que se aplicaron las medidas. Este rige para las comunas de Curic\u00f3, Teno, Rauco, Romeral, Sagrada Familia y Molina.<\/p>\n<p style=\"text-align: justify;\">Sin duda, signific\u00f3 un gran desaf\u00edo, especialmente en el per\u00edodo de Gesti\u00f3n de Episodios Cr\u00edticos (GEC), que aplic\u00f3 por primera vez entre abril y agosto. Adem\u00e1s, este a\u00f1o Curic\u00f3 en el invierno tuvo per\u00edodos con cuarentena, por lo que no fue f\u00e1cil llegar a la zona.<\/p>\n<p style=\"text-align: justify;\"><strong>-\u00bfQu\u00e9 medidas fiscaliza la SMA en este nuevo Plan de Descontaminaci\u00f3n?<\/strong><\/p>\n<p style=\"text-align: justify;\">R: Fiscalizamos la venta de le\u00f1a, y principalmente dos de las medidas en episodios GEC de pre-emergencia y emergencia. Una es que efectivamente las panader\u00edas con hornos a le\u00f1a apaguen sus unidades, y segundo, que las calderas industriales y residenciales de edificios, de ciertas caracter\u00edsticas definidas en PDA, est\u00e9n apagadas en esos episodios. Todo lo que es fiscalizaci\u00f3n del uso de le\u00f1a en casas lo ve la Seremi de Salud. Y por supuesto, hay otras medidas que son de largo plazo y que las ven distintas instituciones, como el recambio de calefactores a le\u00f1a y los subsidios para acondicionamiento t\u00e9rmico de viviendas.<\/p>\n<p style=\"text-align: justify;\"><strong>-Adem\u00e1s de este Plan de Descontaminaci\u00f3n, \u00bfqu\u00e9 \u00e1reas son las que m\u00e1s fiscaliza en su zona y por qu\u00e9?<\/strong><\/p>\n<p style=\"text-align: justify;\">R:La Regi\u00f3n del Maule tiene gran presencia de agroindustrias, por lo que siempre nos enfocamos fuertemente en este segmento, pero tambi\u00e9n tenemos una tipolog\u00eda de unidades fiscalizables que son las de saneamiento ambiental, donde est\u00e1n los rellenos sanitarios y las plantas de tratamiento de aguas servidas y de residuos industriales l\u00edquidos, los que en general, producen impactos en el medio ambiente y en algunos casos, presentan denuncias por parte de los vecinos, por lo que las debemos atender con celeridad. Tambi\u00e9n fiscalizamos diferentes proyectos de generaci\u00f3n el\u00e9ctrica.<\/p>\n<p style=\"text-align: justify;\">No obstante, quisiera destacar la comuna de Teno, que se caracteriza por ser altamente industrializada, donde existen varias unidades fiscalizables que requieren de nuestra dedicaci\u00f3n. No obstante, en el resto del territorio, cada comuna tiene proyectos de distinta envergadura que tambi\u00e9n tenemos que atender, y se priorizan dentro del a\u00f1o.<\/p>\n<h2 style=\"text-align: justify;\"><strong>Aumentan denuncias por dispositivos anti heladas de la agricultura<\/strong><\/h2>\n<p style=\"text-align: justify;\"><strong>-\u00bfC\u00f3mo ha percibido las denuncias de la ciudadan\u00eda en su zona?<\/strong><\/p>\n<p style=\"text-align: justify;\">R: Las personas cada vez est\u00e1n m\u00e1s preocupadas y conscientes por los temas ambientales, lo que redunda en que denuncian o se acercan m\u00e1s a las autoridades para buscar apoyo en sus demandas. Tambi\u00e9n las redes sociales han aportado en que la ciudadan\u00eda maneje m\u00e1s informaci\u00f3n de los temas contingentes desde un punto de vista ambiental. En ese sentido, quisiera destacar que, si bien hay muchas denuncias formales, tambi\u00e9n actuamos peri\u00f3dicamente por Oficio, ya sea por informaciones que nos llegan por redes sociales o por llamados de la autoridad. En estos \u00faltimos casos, hemos visto, por ejemplo, mortandad de peces e impactos de empresas en cauces superficiales<\/p>\n<blockquote>\n<p style=\"text-align: justify;\">\u201cEn el caso de los dispositivos para el control de heladas, este a\u00f1o tuvimos varias denuncias, ya que fue un invierno m\u00e1s fr\u00edo y la agroindustria las ha instalado m\u00e1s intensivamente, ya que los pueden costear por los buenos precios de frutos como la cereza en mercados internacionales. Tambi\u00e9n las personas ahora est\u00e1n m\u00e1s informadas, y saben que es a la SMA donde deben venir a denunciar estos casos\u201d<\/p>\n<\/blockquote>\n<p style=\"text-align: justify;\"><strong>-\u00bfExisten m\u00e1s denuncias al a\u00f1o?<\/strong><\/p>\n<p style=\"text-align: justify;\">R: Cada a\u00f1o hay un incremento sostenido en las denuncias y tambi\u00e9n la necesidad de actuaciones de oficio, ya que la ciudadan\u00eda va conociendo m\u00e1s nuestra instituci\u00f3n y cu\u00e1les son sus competencias.<\/p>\n<p style=\"text-align: justify;\">Las cifras en 2020 no aumentaron significativamente respecto a 2019, no obstante, s\u00ed hubo un cambio en los temas denunciados. Este a\u00f1o baj\u00f3 mucho, por ejemplo, la denuncia de ruidos de locales nocturnos como pubs y discoteques, que no funcionan por el toque de queda, pero han aumentado otras denuncias de ruidos de fuentes fijas, porque la gente este a\u00f1o estuvo m\u00e1s en sus casas y, por ende, los percibi\u00f3 m\u00e1s, como es el caso de ruidos de f\u00e1bricas y talleres.<\/p>\n<p style=\"text-align: justify;\"><strong>-\u00bfQu\u00e9 temas son los m\u00e1s denunciados?<\/strong><\/p>\n<p style=\"text-align: justify;\">R: Aproximadamente el 50% de las denuncias que recibimos son por ruidos de fuentes fijas y tienen diferentes or\u00edgenes: pubs, discotecas, panader\u00edas, gimnasios, aserraderos, plantas chancadoras, construcciones, frigor\u00edficos y dispositivos antiheladas. En el caso de estos \u00faltimos, este a\u00f1o tuvimos varias denuncias, ya que fue un invierno m\u00e1s fr\u00edo y la agroindustria las ha instalado m\u00e1s intensivamente, ya que los pueden costear por los buenos precios de frutos como la cereza en mercados internacionales.<\/p>\n<h2 style=\"text-align: justify;\"><strong>Una SMA m\u00e1s cercana a la comunidad<\/strong><\/h2>\n<p style=\"text-align: justify;\"><strong>-\u00bfC\u00f3mo se relacion\u00f3 la Oficina del Maule con las empresas reguladas este a\u00f1o?<\/strong><\/p>\n<p style=\"text-align: justify;\">R: Debido a la imposibilidad de hacer talleres de asistencia al cumplimiento presenciales, los realizamos v\u00eda web. Esto fue muy importante, ya que permite a las personas asistir sin necesidad de trasladarse a la capital regional, y, adem\u00e1s, conectarnos con muchas m\u00e1s personas simult\u00e1neamente. Este a\u00f1o hicimos actividades exitosas con la Universidad Cat\u00f3lica del Maule y la de Talca. Pudimos acercar as\u00ed la Superintendencia a la comunidad universitaria, ya sea a los profesores, alumnos, administrativos y a la ciudadan\u00eda, que pudo participar de estos encuentros y mostrar su campo de acci\u00f3n.<\/p>\n","protected":false},"excerpt":{"rendered":"<p>La Jefa Regional del Maule, Mariela Valenzuela Hube, hace un an\u00e1lisis de los principales focos de fiscalizaci\u00f3n en su zona. Este a\u00f1o debut\u00f3 el PDA del Valle Central de la Provincia de Curic\u00f3, lo que implic\u00f3 que se fiscalizara por primera vez a fuentes fijas como calderas y panader\u00edas. Si bien las denuncias en la zona <a href=\"https:\/\/portal.sma.gob.cl\/index.php\/region-del-maule-destaca-la-fiscalizacion-del-primer-ano-de-las-medidas-del-nuevo-plan-de-descontaminacion-del-valle-central-de-curico\/\">Leer m\u00e1s<\/a><\/p>\n","protected":false},"author":3,"featured_media":22019,"comment_status":"open","ping_status":"open","sticky":false,"template":"","format":"standard","meta":{"footnotes":""},"categories":[94],"tags":[],"class_list":["post-22017","post","type-post","status-publish","format-standard","has-post-thumbnail","hentry","category-notas-noticias"],"_links":{"self":[{"href":"https:\/\/portal.sma.gob.cl\/index.php\/wp-json\/wp\/v2\/posts\/22017","targetHints":{"allow":["GET"]}}],"collection":[{"href":"https:\/\/portal.sma.gob.cl\/index.php\/wp-json\/wp\/v2\/posts"}],"about":[{"href":"https:\/\/portal.sma.gob.cl\/index.php\/wp-json\/wp\/v2\/types\/post"}],"author":[{"embeddable":true,"href":"https:\/\/portal.sma.gob.cl\/index.php\/wp-json\/wp\/v2\/users\/3"}],"replies":[{"embeddable":true,"href":"https:\/\/portal.sma.gob.cl\/index.php\/wp-json\/wp\/v2\/comments?post=22017"}],"version-history":[{"count":2,"href":"https:\/\/portal.sma.gob.cl\/index.php\/wp-json\/wp\/v2\/posts\/22017\/revisions"}],"predecessor-version":[{"id":22020,"href":"https:\/\/portal.sma.gob.cl\/index.php\/wp-json\/wp\/v2\/posts\/22017\/revisions\/22020"}],"wp:featuredmedia":[{"embeddable":true,"href":"https:\/\/portal.sma.gob.cl\/index.php\/wp-json\/wp\/v2\/media\/22019"}],"wp:attachment":[{"href":"https:\/\/portal.sma.gob.cl\/index.php\/wp-json\/wp\/v2\/media?parent=22017"}],"wp:term":[{"taxonomy":"category","embeddable":true,"href":"https:\/\/portal.sma.gob.cl\/index.php\/wp-json\/wp\/v2\/categories?post=22017"},{"taxonomy":"post_tag","embeddable":true,"href":"https:\/\/portal.sma.gob.cl\/index.php\/wp-json\/wp\/v2\/tags?post=22017"}],"curies":[{"name":"wp","href":"https:\/\/api.w.org\/{rel}","templated":true}]}}