{"id":22023,"date":"2020-12-23T09:10:54","date_gmt":"2020-12-23T12:10:54","guid":{"rendered":"https:\/\/portal.sma.gob.cl\/?p=22023"},"modified":"2021-03-02T15:06:42","modified_gmt":"2021-03-02T18:06:42","slug":"sma-intensifica-fiscalizacion-y-pide-monitoreo-en-linea-de-21-parametros-a-planta-de-celulosa-arauco-de-valdivia","status":"publish","type":"post","link":"https:\/\/portal.sma.gob.cl\/index.php\/sma-intensifica-fiscalizacion-y-pide-monitoreo-en-linea-de-21-parametros-a-planta-de-celulosa-arauco-de-valdivia\/","title":{"rendered":"SMA Intensifica Fiscalizaci\u00f3n y Pide Monitoreo en L\u00ednea de 21 Par\u00e1metros a Planta de Celulosa Arauco de Valdivia"},"content":{"rendered":"<p><strong>La Superintendencia orden\u00f3 un monitoreo en l\u00ednea de sus residuos l\u00edquidos, as\u00ed como un seguimiento intensivo de 21 variables ambientales del R\u00edo Cruces de Valdivia. La investigaci\u00f3n se abri\u00f3 en el marco del fen\u00f3meno del desprendimiento del luchecillo que se est\u00e1 observando en dicho humedal desde octubre a la fecha.<\/strong><\/p>\n<p><strong>\u00a0<\/strong><strong>Valdivia, 23 de diciembre de 2020. <\/strong>La Superintendencia del Medio Ambiente (SMA), en el marco de sus facultades legales, decidi\u00f3 intensificar la fiscalizaci\u00f3n sobre la planta de Celulosa Arauco (Celco) Valdivia, ubicada en la comuna de Mariquina, Regi\u00f3n de Los R\u00edos, considerando el fen\u00f3meno de desprendimiento de luchecillo en el R\u00edo Cruces, que se observa en la zona desde el a\u00f1o pasado. Esto, a trav\u00e9s de un proceso de investigaci\u00f3n de oficio, incluyendo una revisi\u00f3n de la descarga de los Residuos L\u00edquidos (Riles) que efect\u00faa el Proyecto Planta Valdivia y Pulpa Textil, de Celco al R\u00edo Cruces, que es tributario del Santuario de la Naturaleza Carlos Anwandter.<\/p>\n<p>En este proceso, la SMA, trav\u00e9s de un Requerimiento de Informaci\u00f3n, solicit\u00f3 a dicha empresa, en primer lugar, establecer un sistema de conexi\u00f3n en l\u00ednea con los sistemas de esta Superintendencia, y transmitir a este organismo el registro del monitoreo del efluente de la Planta Celco-Valdivia y monitoreo de la calidad de agua del R\u00edo Cruces.<\/p>\n<p>En segundo lugar, se le pidi\u00f3 informar -v\u00eda reporte electr\u00f3nico- el monitoreo del efluente de la Planta Celco-Valdivia y el monitoreo de la calidad de agua del R\u00edo Cruces.<\/p>\n<p>Para el monitoreo del efluente se solicitaron 21 par\u00e1metros, entre ellos, el caudal de descarga, el Ph, temperatura, conductividad el\u00e9ctrica, cloratos, cloruro, aluminio total, nitr\u00f3geno total, entre otros.<\/p>\n<p>El plazo para que la planta Valdivia de Celulosa Arauco se conecte en l\u00ednea con la SMA no podr\u00e1 exceder las 2 semanas, y de forma provisoria, deber\u00e1 entregar los registros horarios una vez al d\u00eda y por al menos 6 meses a trav\u00e9s de sistemas dispuestos por la Superintendencia, los cuales ya se han comenzado a realizar.<\/p>\n<p>A la vez, se solicita un Monitoreo de calidad de aguas en el r\u00edo Cruces, con actividades semanales durante 2 meses, a cargo de una Entidad T\u00e9cnica de Fiscalizaci\u00f3n Ambiental (ETFA) autorizada por la Superintendencia.<\/p>\n<p>\u201cLa SMA dentro del proceso de investigaci\u00f3n que est\u00e1 llevando a cabo respecto a los permisos ambientales que le corresponde cumplir a Celco, ha emitido una resoluci\u00f3n que busca establecer un control en tiempo real y en l\u00ednea, de 21 par\u00e1metros qu\u00edmico-f\u00edsicos respecto a las descargas de la empresa\u201d, afirm\u00f3 Eduardo Rodr\u00edguez, jefe de la Oficina Regional de la Entidad Ambiental.<\/p>\n<p>A\u00f1adi\u00f3 que la misma resoluci\u00f3n, establece un r\u00e9gimen mucho m\u00e1s estricto respecto del cuerpo de agua, en este caso, del R\u00edo Cruces, en que deber\u00e1n tomar muestras peri\u00f3dicas con un laboratorio autorizado. Se trata de un r\u00e9gimen de fiscalizaci\u00f3n permanente que busca generar informaci\u00f3n en tiempo real y en l\u00ednea para adoptar decisiones oportunas\u201d.<\/p>\n<div class=\"wp-playlist wp-video-playlist wp-playlist-light\">\n\t\t<video controls=\"controls\" preload=\"none\" width=\"1078\"\n\t\t height=\"809\"\t><\/video>\n\t<div class=\"wp-playlist-next\"><\/div>\n\t<div class=\"wp-playlist-prev\"><\/div>\n\t<noscript>\n\t<ol>\n\t\t<li><a data-rel=\"iLightbox[postimages]\" data-title=\"Luchecillo\" data-caption=\"\" href='https:\/\/portal.sma.gob.cl\/wp-content\/uploads\/2020\/12\/Luchecillo.m4v'>Luchecillo<\/a><\/li>\t<\/ol>\n\t<\/noscript>\n\t<script type=\"application\/json\" class=\"wp-playlist-script\">{\"type\":\"video\",\"tracklist\":true,\"tracknumbers\":true,\"images\":true,\"artists\":true,\"tracks\":[{\"src\":\"https:\/\/portal.sma.gob.cl\/wp-content\/uploads\/2020\/12\/Luchecillo.m4v\",\"type\":\"video\/mp4\",\"title\":\"Luchecillo\",\"caption\":\"\",\"description\":\"\",\"meta\":{\"length_formatted\":\"0:02\"},\"dimensions\":{\"original\":{\"width\":1440,\"height\":1080},\"resized\":{\"width\":1078,\"height\":809}},\"image\":{\"src\":\"https:\/\/portal.sma.gob.cl\/wp-includes\/images\/media\/video.svg\",\"width\":48,\"height\":64},\"thumb\":{\"src\":\"https:\/\/portal.sma.gob.cl\/wp-includes\/images\/media\/video.svg\",\"width\":48,\"height\":64}}]}<\/script>\n<\/div>\n\t\n<p><strong>Trabajo en conjunto con CONAF en el R\u00edo Cruces<\/strong><\/p>\n<p>En forma paralela a la fiscalizaci\u00f3n a Celco, durante las \u00faltimas dos semanas la Oficina Regional de Los R\u00edos ha realizado capacitaciones transmitiendo Rector\u00eda T\u00e9cnica a CONAF para el uso de una sonda multipar\u00e1metro, de las mismas caracter\u00edsticas que ocupa la SMA para sus fiscalizaciones.<\/p>\n<p>Esta herramienta que fue adquirida por la Corporaci\u00f3n a trav\u00e9s de un aporte del Tratado Intergubernamental Ramsar, no s\u00f3lo permitir\u00e1 intensificar el monitoreo de la calidad de aguas del Santuario de la Naturaleza, sino que tambi\u00e9n proporciona un marco para la conservaci\u00f3n y el uso racional de los humedales y sus recursos.<\/p>\n<p>El jueves 17 de diciembre, en la segunda jornada de capacitaci\u00f3n, identificaron puntos de inter\u00e9s para an\u00e1lisis de columna de agua con equipo multipar\u00e1metro, como tambi\u00e9n observaci\u00f3n sobre estado del luchecillo, que es el principal alimento de los cisnes de cuello negro y otras aves que habitan la zona. En la actividad se abarc\u00f3 un 50% de la extensi\u00f3n del Santuario, definiendo un total de 9 puntos de inter\u00e9s, mientras que el resto de los puntos ser\u00e1n definidos mediante cartograf\u00eda.<\/p>\n<p>\u201cEste es un ejercicio de coordinaci\u00f3n peri\u00f3dica que est\u00e1 realizando la SMA y CONAF, en busca de identificar amenazas y revisar la calidad de las aguas\u201d, explic\u00f3 el Jefe Regional de Los R\u00edos, Eduardo Rodr\u00edguez.<\/p>\n","protected":false},"excerpt":{"rendered":"<p>La Superintendencia orden\u00f3 un monitoreo en l\u00ednea de sus residuos l\u00edquidos, as\u00ed como un seguimiento intensivo de 21 variables ambientales del R\u00edo Cruces de Valdivia. La investigaci\u00f3n se abri\u00f3 en el marco del fen\u00f3meno del desprendimiento del luchecillo que se est\u00e1 observando en dicho humedal desde octubre a la fecha. \u00a0Valdivia, 23 de diciembre de 2020. <a href=\"https:\/\/portal.sma.gob.cl\/index.php\/sma-intensifica-fiscalizacion-y-pide-monitoreo-en-linea-de-21-parametros-a-planta-de-celulosa-arauco-de-valdivia\/\">Leer m\u00e1s<\/a><\/p>\n","protected":false},"author":9,"featured_media":22025,"comment_status":"open","ping_status":"open","sticky":false,"template":"","format":"standard","meta":{"footnotes":""},"categories":[90,107],"tags":[162],"class_list":["post-22023","post","type-post","status-publish","format-standard","has-post-thumbnail","hentry","category-comunicados-noticias","category-destacado","tag-los-rios"],"_links":{"self":[{"href":"https:\/\/portal.sma.gob.cl\/index.php\/wp-json\/wp\/v2\/posts\/22023","targetHints":{"allow":["GET"]}}],"collection":[{"href":"https:\/\/portal.sma.gob.cl\/index.php\/wp-json\/wp\/v2\/posts"}],"about":[{"href":"https:\/\/portal.sma.gob.cl\/index.php\/wp-json\/wp\/v2\/types\/post"}],"author":[{"embeddable":true,"href":"https:\/\/portal.sma.gob.cl\/index.php\/wp-json\/wp\/v2\/users\/9"}],"replies":[{"embeddable":true,"href":"https:\/\/portal.sma.gob.cl\/index.php\/wp-json\/wp\/v2\/comments?post=22023"}],"version-history":[{"count":10,"href":"https:\/\/portal.sma.gob.cl\/index.php\/wp-json\/wp\/v2\/posts\/22023\/revisions"}],"predecessor-version":[{"id":22328,"href":"https:\/\/portal.sma.gob.cl\/index.php\/wp-json\/wp\/v2\/posts\/22023\/revisions\/22328"}],"wp:featuredmedia":[{"embeddable":true,"href":"https:\/\/portal.sma.gob.cl\/index.php\/wp-json\/wp\/v2\/media\/22025"}],"wp:attachment":[{"href":"https:\/\/portal.sma.gob.cl\/index.php\/wp-json\/wp\/v2\/media?parent=22023"}],"wp:term":[{"taxonomy":"category","embeddable":true,"href":"https:\/\/portal.sma.gob.cl\/index.php\/wp-json\/wp\/v2\/categories?post=22023"},{"taxonomy":"post_tag","embeddable":true,"href":"https:\/\/portal.sma.gob.cl\/index.php\/wp-json\/wp\/v2\/tags?post=22023"}],"curies":[{"name":"wp","href":"https:\/\/api.w.org\/{rel}","templated":true}]}}