{"id":22059,"date":"2020-12-23T12:03:57","date_gmt":"2020-12-23T15:03:57","guid":{"rendered":"https:\/\/portal.sma.gob.cl\/?p=22059"},"modified":"2021-03-02T15:05:16","modified_gmt":"2021-03-02T18:05:16","slug":"de-bahia-exploradores-a-playa-sur-sma-lidera-fiscalizacion-tras-denuncias-por-basura-salmonera","status":"publish","type":"post","link":"https:\/\/portal.sma.gob.cl\/index.php\/de-bahia-exploradores-a-playa-sur-sma-lidera-fiscalizacion-tras-denuncias-por-basura-salmonera\/","title":{"rendered":"De Bah\u00eda Exploradores a Playa Sur: SMA Lidera Fiscalizaci\u00f3n tras Denuncias por Basura Salmonera"},"content":{"rendered":"<p><strong>Profesionales de la Oficina Regional de Ays\u00e9n, junto a Sernapesca y la Seremi de Medio Ambiente de la zona, realizaron un recorrido entre Bah\u00eda Exploradores y la playa sur del Parque Nacional Laguna San Rafael, para atender denuncias sobre basura de la industria salmonera y de pesca artesanal que se encuentra dispersa en costas del sector.<\/strong><\/p>\n<p><strong>Coyhaique, 23 de diciembre de 2020.<\/strong> La Oficina Regional de Ays\u00e9n de la Superintendencia de Medio Ambiente (SMA) recibi\u00f3, en las \u00faltimas semanas, distintas denuncias de operadores tur\u00edsticos que realizan viajes hacia el Parque Nacional Laguna San Rafael, respecto al avistamiento de residuos en playas de la zona. Tambi\u00e9n recibi\u00f3 denuncias de buzos mariscadores respecto del mismo tema, en islas y bah\u00edas ubicadas en el Archipi\u00e9lago de las Guaitecas.<\/p>\n<p>Por esta raz\u00f3n, se cre\u00f3 un grupo de trabajo junto a Sernapesca y la Seremi de Medio Ambiente de Ays\u00e9n y se viaj\u00f3 a la zona con el objetivo de realizar un catastro de los residuos presentes en las playas y costas de ese sector. Este catastro consisti\u00f3 en una inspecci\u00f3n de las playas de orientaci\u00f3n norte y noroeste, identificando el tipo de residuos seg\u00fan su tama\u00f1o, naturaleza, posici\u00f3n y origen, entre otras caracter\u00edsticas.<\/p>\n<p>Se realiz\u00f3 un recorrido de casi 200 kil\u00f3metros desde bah\u00eda Exploradores hasta la playa sur de Laguna San Rafael, focalizando el registro en playas que act\u00faan como sumideros naturales, ya que reciben residuos flotantes producto de las corrientes y vientos predominantes. Los lugares visitados fueron caleta Huillines, caleta Guala, Paso Sisquelan, Golfo Elefantes, Laguna San Rafael, Isla Leonor y costas intermedias.<\/p>\n<p>En la inspecci\u00f3n se observ\u00f3 una variada y abundante fauna, compuesta por colonias de cormoranes, patos liles, patos gualas, focas leopardo y hacia el Istmo de Ofqui una importante colonia de elefantes marinos.<\/p>\n<p>Tambi\u00e9n se pudieron constatar actividades asociadas a la acuicultura en la primera parte del recorrido, en el sector de Bah\u00eda Exploradores y Caleta Huillines.<\/p>\n<p>El jefe de la Oficina Regional de Ays\u00e9n, Oscar Leal, coment\u00f3 que en el recorrido se<em> \u201cconstat\u00f3 la existencia de pasillos y flotadores en sectores altos de algunas playas y roquer\u00edos, adem\u00e1s de una limpieza reciente de los residuos pl\u00e1sticos mayores y que eran parte de las denuncias iniciales, tales como boyas, flotadores y tuber\u00edas\u201d.<\/em><\/p>\n<p>El jefe regional, se\u00f1al\u00f3 como una situaci\u00f3n relevante el constatar una gran cantidad de restos de cabos y envases pl\u00e1sticos de diverso origen junto a plumavit en trozos y granulado en perlas individuales. <em>\u201cEste tipo de material se encuentra presente en la l\u00ednea de altas mareas de la totalidad de las playas, tanto en el exterior como al interior del Parque Nacional Laguna San Rafael y podr\u00eda eventualmente incorporarse a la cadena alimenticia de la abundante fauna observada causando efectos a\u00fan no cuantificados\u201d,<\/em> indic\u00f3.<\/p>\n<p>El Servicio Nacional de Pesca y Acuicultura identific\u00f3 los centros aleda\u00f1os a las playas afectadas, los cuales pertenecen a la misma empresa, y que ser\u00e1 notificada por el ente fiscalizador. \u201cUna vez que notifiquemos a la empresa, esta tendr\u00e1 un plazo de 10 d\u00edas para retirar todos los desechos que contaminan las diferentes playas del Parque Nacional Laguna San Rafael. La Ley establece que los centros de cultivo se deben hacer cargo de mantener las playas aleda\u00f1as libres de contaminaci\u00f3n, y como Servicio vamos a velar porque as\u00ed sea. Invitamos a la comunidad a denunciar si detectan desechos acu\u00edcolas en las playas, llamando al 800 320 032\u201d, explic\u00f3 el Director Regional de Sernapesca Ays\u00e9n, Cristian Hudson.<\/p>\n<p>Finalmente, la Seremi de Medio Ambiente de la Regi\u00f3n de Ays\u00e9n, M\u00f3nica Sald\u00eda, destac\u00f3 que desde la cartera est\u00e1n muy atentos a este tipo de denuncias pues causan un impacto importante al medio ambiente. <em>\u201cNosotros como Seremi estamos muy pendientes de la conservaci\u00f3n de nuestro patrimonio natural, ya que es fundamental mantener nuestro capital natural y cultural. Nuestra regi\u00f3n se identifica por tener caracter\u00edsticas geogr\u00e1ficas y ecol\u00f3gicas excepcionales. Los servicios ecosist\u00e9micos que nos rodean y nos proveen las \u00e1reas de conservaci\u00f3n demuestran trabajar e invertir en la conservaci\u00f3n de la biodiversidad tiene impactos positivos en el bienestar de la poblaci\u00f3n\u201d,<\/em> puntualiz\u00f3 Sald\u00eda.<\/p>\n<p>&nbsp;<\/p>\n<p><img decoding=\"async\" class=\"alignnone size-medium wp-image-22061\" src=\"https:\/\/portal.sma.gob.cl\/wp-content\/uploads\/2020\/12\/WhatsApp-Image-2020-12-18-at-4.22.21-PM-300x169.jpeg\" alt=\"\" width=\"300\" height=\"169\" srcset=\"https:\/\/portal.sma.gob.cl\/wp-content\/uploads\/2020\/12\/WhatsApp-Image-2020-12-18-at-4.22.21-PM-200x113.jpeg 200w, https:\/\/portal.sma.gob.cl\/wp-content\/uploads\/2020\/12\/WhatsApp-Image-2020-12-18-at-4.22.21-PM-300x169.jpeg 300w, https:\/\/portal.sma.gob.cl\/wp-content\/uploads\/2020\/12\/WhatsApp-Image-2020-12-18-at-4.22.21-PM-400x225.jpeg 400w, https:\/\/portal.sma.gob.cl\/wp-content\/uploads\/2020\/12\/WhatsApp-Image-2020-12-18-at-4.22.21-PM-600x338.jpeg 600w, https:\/\/portal.sma.gob.cl\/wp-content\/uploads\/2020\/12\/WhatsApp-Image-2020-12-18-at-4.22.21-PM-768x432.jpeg 768w, https:\/\/portal.sma.gob.cl\/wp-content\/uploads\/2020\/12\/WhatsApp-Image-2020-12-18-at-4.22.21-PM-800x450.jpeg 800w, https:\/\/portal.sma.gob.cl\/wp-content\/uploads\/2020\/12\/WhatsApp-Image-2020-12-18-at-4.22.21-PM-1024x576.jpeg 1024w, https:\/\/portal.sma.gob.cl\/wp-content\/uploads\/2020\/12\/WhatsApp-Image-2020-12-18-at-4.22.21-PM-1200x675.jpeg 1200w, https:\/\/portal.sma.gob.cl\/wp-content\/uploads\/2020\/12\/WhatsApp-Image-2020-12-18-at-4.22.21-PM.jpeg 1280w\" sizes=\"(max-width: 300px) 100vw, 300px\" \/> <img decoding=\"async\" class=\"alignnone size-medium wp-image-22064\" src=\"https:\/\/portal.sma.gob.cl\/wp-content\/uploads\/2020\/12\/WhatsApp-Image-2020-12-18-at-4.26.45-PM-300x169.jpeg\" alt=\"\" width=\"300\" height=\"169\" srcset=\"https:\/\/portal.sma.gob.cl\/wp-content\/uploads\/2020\/12\/WhatsApp-Image-2020-12-18-at-4.26.45-PM-200x113.jpeg 200w, https:\/\/portal.sma.gob.cl\/wp-content\/uploads\/2020\/12\/WhatsApp-Image-2020-12-18-at-4.26.45-PM-300x169.jpeg 300w, https:\/\/portal.sma.gob.cl\/wp-content\/uploads\/2020\/12\/WhatsApp-Image-2020-12-18-at-4.26.45-PM-400x225.jpeg 400w, https:\/\/portal.sma.gob.cl\/wp-content\/uploads\/2020\/12\/WhatsApp-Image-2020-12-18-at-4.26.45-PM-600x338.jpeg 600w, https:\/\/portal.sma.gob.cl\/wp-content\/uploads\/2020\/12\/WhatsApp-Image-2020-12-18-at-4.26.45-PM-768x432.jpeg 768w, https:\/\/portal.sma.gob.cl\/wp-content\/uploads\/2020\/12\/WhatsApp-Image-2020-12-18-at-4.26.45-PM-800x450.jpeg 800w, https:\/\/portal.sma.gob.cl\/wp-content\/uploads\/2020\/12\/WhatsApp-Image-2020-12-18-at-4.26.45-PM-1024x576.jpeg 1024w, https:\/\/portal.sma.gob.cl\/wp-content\/uploads\/2020\/12\/WhatsApp-Image-2020-12-18-at-4.26.45-PM-1200x675.jpeg 1200w, https:\/\/portal.sma.gob.cl\/wp-content\/uploads\/2020\/12\/WhatsApp-Image-2020-12-18-at-4.26.45-PM.jpeg 1280w\" sizes=\"(max-width: 300px) 100vw, 300px\" \/><img decoding=\"async\" class=\"alignnone size-medium wp-image-22062\" src=\"https:\/\/portal.sma.gob.cl\/wp-content\/uploads\/2020\/12\/WhatsApp-Image-2020-12-18-at-4.23.25-PM-300x169.jpeg\" alt=\"\" width=\"300\" height=\"169\" srcset=\"https:\/\/portal.sma.gob.cl\/wp-content\/uploads\/2020\/12\/WhatsApp-Image-2020-12-18-at-4.23.25-PM-200x113.jpeg 200w, https:\/\/portal.sma.gob.cl\/wp-content\/uploads\/2020\/12\/WhatsApp-Image-2020-12-18-at-4.23.25-PM-300x169.jpeg 300w, https:\/\/portal.sma.gob.cl\/wp-content\/uploads\/2020\/12\/WhatsApp-Image-2020-12-18-at-4.23.25-PM-400x225.jpeg 400w, https:\/\/portal.sma.gob.cl\/wp-content\/uploads\/2020\/12\/WhatsApp-Image-2020-12-18-at-4.23.25-PM-600x338.jpeg 600w, https:\/\/portal.sma.gob.cl\/wp-content\/uploads\/2020\/12\/WhatsApp-Image-2020-12-18-at-4.23.25-PM-768x432.jpeg 768w, https:\/\/portal.sma.gob.cl\/wp-content\/uploads\/2020\/12\/WhatsApp-Image-2020-12-18-at-4.23.25-PM-800x450.jpeg 800w, https:\/\/portal.sma.gob.cl\/wp-content\/uploads\/2020\/12\/WhatsApp-Image-2020-12-18-at-4.23.25-PM-1024x576.jpeg 1024w, https:\/\/portal.sma.gob.cl\/wp-content\/uploads\/2020\/12\/WhatsApp-Image-2020-12-18-at-4.23.25-PM-1200x675.jpeg 1200w, https:\/\/portal.sma.gob.cl\/wp-content\/uploads\/2020\/12\/WhatsApp-Image-2020-12-18-at-4.23.25-PM.jpeg 1280w\" sizes=\"(max-width: 300px) 100vw, 300px\" \/><\/p>\n","protected":false},"excerpt":{"rendered":"<p>Profesionales de la Oficina Regional de Ays\u00e9n, junto a Sernapesca y la Seremi de Medio Ambiente de la zona, realizaron un recorrido entre Bah\u00eda Exploradores y la playa sur del Parque Nacional Laguna San Rafael, para atender denuncias sobre basura de la industria salmonera y de pesca artesanal que se encuentra dispersa en costas del sector. <a href=\"https:\/\/portal.sma.gob.cl\/index.php\/de-bahia-exploradores-a-playa-sur-sma-lidera-fiscalizacion-tras-denuncias-por-basura-salmonera\/\">Leer m\u00e1s<\/a><\/p>\n","protected":false},"author":9,"featured_media":22063,"comment_status":"open","ping_status":"open","sticky":false,"template":"","format":"standard","meta":{"footnotes":""},"categories":[90,94],"tags":[174],"class_list":["post-22059","post","type-post","status-publish","format-standard","has-post-thumbnail","hentry","category-comunicados-noticias","category-notas-noticias","tag-aysen"],"_links":{"self":[{"href":"https:\/\/portal.sma.gob.cl\/index.php\/wp-json\/wp\/v2\/posts\/22059","targetHints":{"allow":["GET"]}}],"collection":[{"href":"https:\/\/portal.sma.gob.cl\/index.php\/wp-json\/wp\/v2\/posts"}],"about":[{"href":"https:\/\/portal.sma.gob.cl\/index.php\/wp-json\/wp\/v2\/types\/post"}],"author":[{"embeddable":true,"href":"https:\/\/portal.sma.gob.cl\/index.php\/wp-json\/wp\/v2\/users\/9"}],"replies":[{"embeddable":true,"href":"https:\/\/portal.sma.gob.cl\/index.php\/wp-json\/wp\/v2\/comments?post=22059"}],"version-history":[{"count":7,"href":"https:\/\/portal.sma.gob.cl\/index.php\/wp-json\/wp\/v2\/posts\/22059\/revisions"}],"predecessor-version":[{"id":22327,"href":"https:\/\/portal.sma.gob.cl\/index.php\/wp-json\/wp\/v2\/posts\/22059\/revisions\/22327"}],"wp:featuredmedia":[{"embeddable":true,"href":"https:\/\/portal.sma.gob.cl\/index.php\/wp-json\/wp\/v2\/media\/22063"}],"wp:attachment":[{"href":"https:\/\/portal.sma.gob.cl\/index.php\/wp-json\/wp\/v2\/media?parent=22059"}],"wp:term":[{"taxonomy":"category","embeddable":true,"href":"https:\/\/portal.sma.gob.cl\/index.php\/wp-json\/wp\/v2\/categories?post=22059"},{"taxonomy":"post_tag","embeddable":true,"href":"https:\/\/portal.sma.gob.cl\/index.php\/wp-json\/wp\/v2\/tags?post=22059"}],"curies":[{"name":"wp","href":"https:\/\/api.w.org\/{rel}","templated":true}]}}