{"id":22072,"date":"2020-12-28T13:11:07","date_gmt":"2020-12-28T16:11:07","guid":{"rendered":"https:\/\/portal.sma.gob.cl\/?p=22072"},"modified":"2021-03-02T15:02:16","modified_gmt":"2021-03-02T18:02:16","slug":"sma-dicta-medidas-provisionales-contra-municipalidad-de-rio-negro-tras-incendio-de-relleno-sanitario","status":"publish","type":"post","link":"https:\/\/portal.sma.gob.cl\/index.php\/sma-dicta-medidas-provisionales-contra-municipalidad-de-rio-negro-tras-incendio-de-relleno-sanitario\/","title":{"rendered":"SMA Dicta Medidas Provisionales Contra Municipalidad de R\u00edo Negro tras Incendio de Relleno Sanitario"},"content":{"rendered":"<p><strong>La Superintendencia orden\u00f3 6 medidas para dar una pronta y correcta respuesta al manejo de residuos tras el incendio que comenz\u00f3 el 5 de diciembre. Entre ellos, se encuentra el traslado del frente de trabajo, instalar un cortafuego perimetral y cubrir la totalidad de la masa de residuos expuestos, junto a monitoreos de variables ambientales.<\/strong><\/p>\n<p><strong>Osorno, 21 de diciembre de 2020.<\/strong> La Superintendencia del Medio Ambiente (SMA) dict\u00f3 medidas provisionales pre procedimentales contra la Municipalidad de R\u00edo Negro, titular del \u201cVertedero R\u00edo Negro\u201d, ubicado en calle Pedro Aguirre Cerda S\/N, comuna de R\u00edo Negro, Provincia de Osorno, Regi\u00f3n de Los Lagos, que cuenta con RCA N\u00b0486\/2010.<\/p>\n<p>Esta medida se tom\u00f3 luego de realizar inspecciones ambientales, tras el incendio que afect\u00f3 a esa instalaci\u00f3n, y que comenz\u00f3 el d\u00eda 5 de diciembre pasado, donde se pudo observar que la masa de residuos, tanto los residuos removidos como los no removidos, se encontraban sin material de cobertura, no exist\u00edan suficientes chimeneas de biog\u00e1s, entre otros hechos.<\/p>\n<p>La inexistencia de cobertura de los residuos genera un incremento de manera exponencial al riesgo de incendios, que junto al no control de biog\u00e1s puede producir emisiones de malos olores y su permanencia al interior de la masa de residuos, lo cual, ante un peque\u00f1o incendio, hace que \u00e9ste se propague internamente.<\/p>\n<p>Ante estos hechos, la SMA ordena al titular del vertedero a tomar 6 medidas que permitan dar una pronta y correcta respuesta a la situaci\u00f3n. La primera es que el titular de manera inmediata deber\u00e1 realizar el traslado del frente de trabajo a un sector alejado de los actuales focos de ignici\u00f3n, para que se pueda trabajar en el control de dichos focos, as\u00ed como tambi\u00e9n impedir que la disposici\u00f3n de residuos nuevos constituya carga combustible adicional para el incendio.<\/p>\n<p>En segundo lugar, deber\u00e1 crear, en un plazo de 5 d\u00edas h\u00e1biles, un cronograma de acciones que ejecutar\u00e1 para el control de los amagos de incendio y para dar continuidad a la operaci\u00f3n de disposici\u00f3n de residuos.<\/p>\n<p>En tercer lugar, el titular deber\u00e1 instalar un cortafuego perimetral, consistente en el escarpe de una franja de terreno de un ancho de 5 metros, esto seg\u00fan su permiso ambiental para que, ante la eventualidad de ocurrencias futuras de incendios, estos sean controlados al interior del predio. \u00a0Adem\u00e1s, deber\u00e1 perfilar y cubrir la totalidad de la masa de residuos afectada por el incendio, as\u00ed como efectuar una correcta disposici\u00f3n de los residuos de la comuna de R\u00edo Negro. En quinto lugar, deber\u00e1 desarrollar y presentar un documento de \u201cPlan de contingencia ambiental para el vertedero,\u201d el cual debe contener entre otros aspectos, la emergencia por incendio, seg\u00fan lo se\u00f1alado en la RCA N\u00b0486 de 2010. Para estas medidas tiene un plazo de 15 d\u00edas h\u00e1biles.<\/p>\n<p>Finalmente, y como sexta medida, deber\u00e1 realizar el monitoreo de calidad de agua superficial del estero que se encuentra en el sector Norte del vertedero con un muestreo aguas arriba y aguas debajo de la instalaci\u00f3n, y deber\u00e1n ejecutarse por medio de una Entidad T\u00e9cnica de Fiscalizaci\u00f3n Ambiental autorizada por esta Superintendencia. Los resultados deber\u00e1n ser entregados a la SMA en tanto sean recibidos por la entidad acreditada.<\/p>\n","protected":false},"excerpt":{"rendered":"<p>La Superintendencia orden\u00f3 6 medidas para dar una pronta y correcta respuesta al manejo de residuos tras el incendio que comenz\u00f3 el 5 de diciembre. Entre ellos, se encuentra el traslado del frente de trabajo, instalar un cortafuego perimetral y cubrir la totalidad de la masa de residuos expuestos, junto a monitoreos de variables ambientales. Osorno, <a href=\"https:\/\/portal.sma.gob.cl\/index.php\/sma-dicta-medidas-provisionales-contra-municipalidad-de-rio-negro-tras-incendio-de-relleno-sanitario\/\">Leer m\u00e1s<\/a><\/p>\n","protected":false},"author":9,"featured_media":22074,"comment_status":"open","ping_status":"open","sticky":false,"template":"","format":"standard","meta":{"footnotes":""},"categories":[107,94],"tags":[175],"class_list":["post-22072","post","type-post","status-publish","format-standard","has-post-thumbnail","hentry","category-destacado","category-notas-noticias","tag-los-lagos"],"_links":{"self":[{"href":"https:\/\/portal.sma.gob.cl\/index.php\/wp-json\/wp\/v2\/posts\/22072","targetHints":{"allow":["GET"]}}],"collection":[{"href":"https:\/\/portal.sma.gob.cl\/index.php\/wp-json\/wp\/v2\/posts"}],"about":[{"href":"https:\/\/portal.sma.gob.cl\/index.php\/wp-json\/wp\/v2\/types\/post"}],"author":[{"embeddable":true,"href":"https:\/\/portal.sma.gob.cl\/index.php\/wp-json\/wp\/v2\/users\/9"}],"replies":[{"embeddable":true,"href":"https:\/\/portal.sma.gob.cl\/index.php\/wp-json\/wp\/v2\/comments?post=22072"}],"version-history":[{"count":2,"href":"https:\/\/portal.sma.gob.cl\/index.php\/wp-json\/wp\/v2\/posts\/22072\/revisions"}],"predecessor-version":[{"id":22324,"href":"https:\/\/portal.sma.gob.cl\/index.php\/wp-json\/wp\/v2\/posts\/22072\/revisions\/22324"}],"wp:featuredmedia":[{"embeddable":true,"href":"https:\/\/portal.sma.gob.cl\/index.php\/wp-json\/wp\/v2\/media\/22074"}],"wp:attachment":[{"href":"https:\/\/portal.sma.gob.cl\/index.php\/wp-json\/wp\/v2\/media?parent=22072"}],"wp:term":[{"taxonomy":"category","embeddable":true,"href":"https:\/\/portal.sma.gob.cl\/index.php\/wp-json\/wp\/v2\/categories?post=22072"},{"taxonomy":"post_tag","embeddable":true,"href":"https:\/\/portal.sma.gob.cl\/index.php\/wp-json\/wp\/v2\/tags?post=22072"}],"curies":[{"name":"wp","href":"https:\/\/api.w.org\/{rel}","templated":true}]}}