{"id":22196,"date":"2021-01-08T15:42:14","date_gmt":"2021-01-08T18:42:14","guid":{"rendered":"https:\/\/portal.sma.gob.cl\/?p=22196"},"modified":"2021-01-08T15:42:14","modified_gmt":"2021-01-08T18:42:14","slug":"superintendencia-del-medio-ambiente-formulo-cargo-grave-a-compania-minera-zaldivar","status":"publish","type":"post","link":"https:\/\/portal.sma.gob.cl\/index.php\/superintendencia-del-medio-ambiente-formulo-cargo-grave-a-compania-minera-zaldivar\/","title":{"rendered":"Superintendencia del Medio Ambiente Formul\u00f3 Cargo Grave a Compa\u00f1\u00eda Minera Zald\u00edvar"},"content":{"rendered":"<p><strong>Lo anterior tras constatar que el proyecto minero no ha implementado medidas frente a la existencia de filtraciones desde su tranque de relaves, constatadas a partir de los monitoreos realizados por la empresa en los pozos existentes para detectar posibles infiltraciones de soluciones al subsuelo, hecho por el cual se determina la imputaci\u00f3n del cargo a la empresa.<\/strong><\/p>\n<p><strong>Antofagasta<\/strong><strong>, 08 de enero de 2021.-<\/strong>\u00a0La Superintendencia del Medio Ambiente formul\u00f3 cargo grave contra <strong>Compa\u00f1\u00eda Minera Zald\u00edvar SpA<\/strong>., titular de la unidad fiscalizable del mismo nombre, &#8211; ubicada en la comuna de Antofagasta &#8211; por no implementar medidas frente a infiltraciones producidas desde el Tranque de Relaves, de la cual dan cuenta los monitoreos realizados en los pozos SX-1 y MR-1, desde el a\u00f1o 2011 a la fecha.<\/p>\n<p>Cabe destacar que el proyecto original ha sido modificado sucesivamente por 10 Resoluciones de Calificaci\u00f3n Ambiental (RCA) desde marzo de 2000 y marzo de 2017, correspondiendo aquellas asociadas como normativa infringida en la Formulaci\u00f3n de Cargos, la RCA N\u00b047\/2010 que aprob\u00f3 el proyecto \u201cModificaciones Faena Minera Zald\u00edvar\u201d y la RCA N\u00b0146\/2016 que aprob\u00f3 el proyecto \u201cAmpliaci\u00f3n de Dep\u00f3sito de Relaves\u201d.<\/p>\n<p>Los principales hallazgos ambientales detectados a partir del an\u00e1lisis de los Informes de Fiscalizaci\u00f3n Ambiental (IFA) y conforme a los antecedentes obtenidos en las tres inspecciones ambientales realizadas en abril y agosto de 2015 y abril de 2018, por Direcci\u00f3n General de Aguas (DGA), el Servicio Nacional de Geolog\u00eda y Miner\u00eda (SERNAGEOMIN) y la SMA, permitieron identificar que aument\u00f3 el nivel fre\u00e1tico &#8211; superficie de los puntos donde la presi\u00f3n del agua subterr\u00e1nea es igual a la presi\u00f3n atmosf\u00e9rica &#8211; medido en los pozos y que se ha mantenido desde el a\u00f1o 2008 a la fecha para el pozo MR-1 y desde el a\u00f1o 2011 a la fecha para el SX-1.<\/p>\n<p>Ambas fechas correspondientes al dato m\u00e1s antiguo con el que se cuenta de los respectivos pozos, el que da cuenta de la ocurrencia de infiltraciones desde algunas de las infraestructuras del proyecto.<\/p>\n<p>Seg\u00fan explic\u00f3 el Superintendente del Medio Ambiente, Crist\u00f3bal De La Maza, \u201cel cargo formulado a Compa\u00f1\u00eda Minera Zald\u00edvar se basa en que a la fecha no consta ning\u00fan antecedente que permita afirmar que la empresa haya implementado el <strong>Plan de Vigilancia o la Barrera de Control de Infiltraciones<\/strong>, informada el a\u00f1o 2018. Tampoco se ha podido identificar en nuestro Sistema de Seguimiento Ambiental (SSA), la presentaci\u00f3n del Informe Anual que d\u00e9 cuenta de la evoluci\u00f3n y variaci\u00f3n de las aguas subterr\u00e1neas, ni de los informes trimestrales sobre niveles piezom\u00e9tricos y calidad de las aguas subterr\u00e1neas que incluyan los pozos de monitoreo, ni de la implementaci\u00f3n de la referida barrera de control de infiltraciones\u201d, indic\u00f3 la autoridad ambiental.<\/p>\n<p><strong>Minera Zald\u00edvar<\/strong>, cuyo objetivo es la recuperaci\u00f3n de cobre de un mineral mixto de \u00f3xido\/ sulfuro, fue aprobada en su proyecto original denominado <strong>\u201cProyecto Zald\u00edvar\u201d<\/strong> por medio de la Resoluci\u00f3n Exenta N\u00b0 574, de 08 de octubre de 1993, RCA N\u00b0 574\/1993, de la Comisi\u00f3n Regional del Medio Ambiente (COREMA) de la Regi\u00f3n de Antofagasta, que contempl\u00f3 como sus principales instalaciones una mina operativa a rajo abierto, plantas de chancado primario, secundario y terciario, una planta concentradora de finos, botaderos, un dep\u00f3sito de relaves, y, para la producci\u00f3n de c\u00e1todos de cobre, una l\u00ednea de procesamiento que consta de una pila de lixiviaci\u00f3n din\u00e1mica, pila de lixiviaci\u00f3n de minerales de baja ley, pila de ripios, una planta de extracci\u00f3n por solvente (SX) y una planta de electro-obtenci\u00f3n (EW).<\/p>\n<p>En este caso y debido al cargo grave, <strong>Compa\u00f1\u00eda Minera SpA<\/strong>, podr\u00e1 ser objeto de una clausura o multa de hasta 5.000 Unidades Tributarias Anuales (UTA).<\/p>\n<p>De conformidad con lo dispuesto en el inciso primero de los art\u00edculos 42 y 49 de la LOSMA, el titular tendr\u00e1 un plazo de 10 d\u00edas h\u00e1biles para presentar un <strong>Programa de Cumplimiento<\/strong> y de 15 d\u00edas h\u00e1biles para formular sus <strong>Descargos<\/strong>, ambos plazos contados desde la notificaci\u00f3n del presente acto administrativo.<\/p>\n<p>Para mayor detalle, acceder a la formulaci\u00f3n de cargos en el Sistema Nacional de Informaci\u00f3n de Fiscalizaci\u00f3n Ambiental (SNIFA): <a href=\"https:\/\/snifa.sma.gob.cl\/Sancionatorio\/Ficha\/2385\">https:\/\/snifa.sma.gob.cl\/Sancionatorio\/Ficha\/2385<\/a><\/p>\n","protected":false},"excerpt":{"rendered":"<p>Lo anterior tras constatar que el proyecto minero no ha implementado medidas frente a la existencia de filtraciones desde su tranque de relaves, constatadas a partir de los monitoreos realizados por la empresa en los pozos existentes para detectar posibles infiltraciones de soluciones al subsuelo, hecho por el cual se determina la imputaci\u00f3n del cargo a <a href=\"https:\/\/portal.sma.gob.cl\/index.php\/superintendencia-del-medio-ambiente-formulo-cargo-grave-a-compania-minera-zaldivar\/\">Leer m\u00e1s<\/a><\/p>\n","protected":false},"author":3,"featured_media":22194,"comment_status":"open","ping_status":"open","sticky":false,"template":"","format":"standard","meta":{"footnotes":""},"categories":[90,107],"tags":[],"class_list":["post-22196","post","type-post","status-publish","format-standard","has-post-thumbnail","hentry","category-comunicados-noticias","category-destacado"],"_links":{"self":[{"href":"https:\/\/portal.sma.gob.cl\/index.php\/wp-json\/wp\/v2\/posts\/22196","targetHints":{"allow":["GET"]}}],"collection":[{"href":"https:\/\/portal.sma.gob.cl\/index.php\/wp-json\/wp\/v2\/posts"}],"about":[{"href":"https:\/\/portal.sma.gob.cl\/index.php\/wp-json\/wp\/v2\/types\/post"}],"author":[{"embeddable":true,"href":"https:\/\/portal.sma.gob.cl\/index.php\/wp-json\/wp\/v2\/users\/3"}],"replies":[{"embeddable":true,"href":"https:\/\/portal.sma.gob.cl\/index.php\/wp-json\/wp\/v2\/comments?post=22196"}],"version-history":[{"count":1,"href":"https:\/\/portal.sma.gob.cl\/index.php\/wp-json\/wp\/v2\/posts\/22196\/revisions"}],"predecessor-version":[{"id":22197,"href":"https:\/\/portal.sma.gob.cl\/index.php\/wp-json\/wp\/v2\/posts\/22196\/revisions\/22197"}],"wp:featuredmedia":[{"embeddable":true,"href":"https:\/\/portal.sma.gob.cl\/index.php\/wp-json\/wp\/v2\/media\/22194"}],"wp:attachment":[{"href":"https:\/\/portal.sma.gob.cl\/index.php\/wp-json\/wp\/v2\/media?parent=22196"}],"wp:term":[{"taxonomy":"category","embeddable":true,"href":"https:\/\/portal.sma.gob.cl\/index.php\/wp-json\/wp\/v2\/categories?post=22196"},{"taxonomy":"post_tag","embeddable":true,"href":"https:\/\/portal.sma.gob.cl\/index.php\/wp-json\/wp\/v2\/tags?post=22196"}],"curies":[{"name":"wp","href":"https:\/\/api.w.org\/{rel}","templated":true}]}}