{"id":22262,"date":"2021-01-29T18:37:59","date_gmt":"2021-01-29T21:37:59","guid":{"rendered":"https:\/\/portal.sma.gob.cl\/?p=22262"},"modified":"2021-01-29T18:44:35","modified_gmt":"2021-01-29T21:44:35","slug":"sma-ordeno-medidas-provisionales-pre-procedimentales-a-eletrans-ii-s-a","status":"publish","type":"post","link":"https:\/\/portal.sma.gob.cl\/index.php\/sma-ordeno-medidas-provisionales-pre-procedimentales-a-eletrans-ii-s-a\/","title":{"rendered":"SMA Orden\u00f3 Medidas Provisionales Pre-Procedimentales a Eletrans II S.A."},"content":{"rendered":"<p><strong>Tras una serie de denuncias ciudadanas recibidas por la SMA producto de la utilizaci\u00f3n permanente de helic\u00f3pteros durante la etapa de construcci\u00f3n del proyecto el\u00e9ctrico en el sector de Culipr\u00e1n- comuna de Melipilla-, las medidas se instruyeron para minimizar el riesgo a la salud y a la calidad de vida de los habitantes de dicho sector. <\/strong><\/p>\n<p><strong>Santiago, 29 de enero de 2021.- <\/strong>La Superintendencia del Medio orden\u00f3 Medidas Provisionales de car\u00e1cter pre-procedimental (MPP) que deber\u00e1n ejecutarse en un plazo de 15 d\u00edas h\u00e1biles, a <strong>Eletrans II S.A<\/strong>., por el proyecto <strong>\u201cL\u00ednea de Transmisi\u00f3n Lo Aguirre &#8211; Alto Melipilla y Alto Melipilla &#8211; Rapel&#8221;, <\/strong>debido a la utilizaci\u00f3n permanente de helic\u00f3pteros en su etapa de construcci\u00f3n, lo que estar\u00eda generando riesgo a la salud y calidad de vida de los habitantes del sector.<\/p>\n<p>El proyecto se emplaza en la Regi\u00f3n Metropolitana (comunas de Pudahuel, Curacav\u00ed, Melipilla y San Pedro) y en la Regi\u00f3n del Libertador Bernardo O\u2019Higgins (comuna de Litueche) y, consiste en la construcci\u00f3n y explotaci\u00f3n de una nueva l\u00ednea de transmisi\u00f3n el\u00e9ctrica de alta tensi\u00f3n (LAT) que considera la construcci\u00f3n de 365 estructuras para sus tramos norte y sur, 169 para el tramo norte del proyecto y 196 para el tramo sur, adem\u00e1s de 7 adicionales que corresponden al Tap Off, (conexi\u00f3n simple desde una l\u00ednea el\u00e9ctrica para retiro o suministro de energ\u00eda) por lo que en total se contabilizan 372 estructuras, de las cuales 201 se emplazar\u00e1n en la comuna de Melipilla.<\/p>\n<p>Seg\u00fan explic\u00f3 el Superintendente del Medio Ambiente, Crist\u00f3bal De La Maza, \u201clas medidas que hemos instruido tienen por objeto brindar seguridad y control al problema que presenta el proyecto en relaci\u00f3n a la utilizaci\u00f3n permanente de helic\u00f3pteros en la etapa de construcci\u00f3n en el sector de Culipr\u00e1n, puesto que su Resoluci\u00f3n de Calificaci\u00f3n Ambiental (RCA) se\u00f1ala que el m\u00e9todo alternativo de construcci\u00f3n mediante el apoyo de helic\u00f3ptero, corresponder\u00eda a una actividad \u201c<strong>espor\u00e1dica\u201d y en ning\u00fan caso, una actividad continua y permanente<\/strong>, como ha sido constado por las actividades de fiscalizaci\u00f3n y requerimientos de informaci\u00f3n a la empresa.\u201d<\/p>\n<p>\u201cLo anterior, -contin\u00faa De La Maza -, constituye un grave incumplimiento al permiso ambiental del titular, por lo que estas medidas resultan proporcionales en atenci\u00f3n al riesgo que conlleva para la salud de la poblaci\u00f3n expuesta, el sobrevuelo continuo de helic\u00f3pteros, as\u00ed como la exposici\u00f3n a material particulado y ruidos derivados de dicha actividad.\u201d<\/p>\n<p>Las medidas ordenadas por la SMA dicen relaci\u00f3n con <strong>la reducci\u00f3n del n\u00famero de vuelos realizados diariamente, as\u00ed como de los horarios en que \u00e9stos se realizan<\/strong>, a trav\u00e9s de la ejecuci\u00f3n de un m\u00e1ximo de 8 vuelos diarios entre las 08:00 y las 18:00 horas.<\/p>\n<p>El medio de verificaci\u00f3n para esto es un reporte semanal dirigido a la casilla <a href=\"mailto:oficinadepartes@sma.gob.cl\">oficinadepartes@sma.gob.cl<\/a>, que deber\u00e1 contener: Registro de vuelos efectivamente realizados, N\u00b0 de vuelos por torre, horarios, actividades asociadas a cada vuelo, tipo y cantidad de materiales, insumos y personas transportados por cada vuelo, patentes de cada aeronave involucrada en las labores de construcci\u00f3n, entre otros requerimientos.<\/p>\n<p>Tambi\u00e9n el titular deber\u00e1 entregar<strong> Programaci\u00f3n Consolidada de vuelos restantes en el sector de Culipr\u00e1n y Remitir la programaci\u00f3n semanal de vuelos para el tramo de torres emplazadas en el sector de Culipr\u00e1n, comuna de Melipilla. <\/strong>Dicha programaci\u00f3n deber\u00e1 contener N\u00b0 de vuelos por torre, actividades asociadas a cada vuelo (excavaci\u00f3n, hormigonado, montaje, tendido, etc.), tipo y cantidad de materiales, insumos y personas a trasladar.<\/p>\n<p>Para ambas medidas el plazo de ejecuci\u00f3n ser\u00e1 de 2 d\u00edas h\u00e1biles contados desde la notificaci\u00f3n de esta resoluci\u00f3n y el medio de verificaci\u00f3n, el registro con programaci\u00f3n semanal que deber\u00e1 remitirse a la casilla oficinadepartes@sma.gob.cl.<\/p>\n<p>Asimismo, <strong>Presentar un Plan Actualizado de Vuelos de Helic\u00f3pteros<\/strong>, que contemple la modificaci\u00f3n de la ruta con el objetivo de evitar el sobrevuelo en lugares poblados y as\u00ed mitigar los efectos ambientales de dicha operaci\u00f3n. En caso de que no sea posible modificar la ruta, la empresa deber\u00e1 fundamentar t\u00e9cnicamente las razones de dicho impedimento.<\/p>\n<p>El plazo de ejecuci\u00f3n para esta medida ser\u00e1 de 3 d\u00edas h\u00e1biles desde la notificaci\u00f3n de la resoluci\u00f3n y el medio de verificaci\u00f3n, el ingreso del plan mediante correo electr\u00f3nico dirigido a la casilla oficinadepartes@sma.gob.cl.<\/p>\n<p>Por \u00faltimo, el titular deber\u00e1 <strong>Remitir un registro semanal de acciones de humectaci\u00f3n por frente de trabajo<\/strong>, indicando: m\u00e9todo de humectaci\u00f3n empleado (cami\u00f3n aljibe, manual u otro), N\u00b0 de acciones de humectaci\u00f3n al d\u00eda por frente de trabajo, litros de agua empleados para la humectaci\u00f3n: en torres, en zonas de izaje utilizadas (El Molino, Octavio) y de aterrizaje habilitadas en el sector de Culipr\u00e1n.<\/p>\n<p>En cuanto a los medios de verificaci\u00f3n, ser\u00e1 el registro de acciones con sus respectivos verificadores (boletas, facturas, registros de camiones utilizados, entre otros), el que deber\u00e1 remitirse a la casilla oficinadepartes@sma.gob.cl.<\/p>\n<p>Por \u00faltimo, el titular deber\u00e1 presentar un Reporte Consolidado de Cumplimiento de las medidas, dentro de los 05 d\u00edas h\u00e1biles siguientes contados desde el vencimiento del plazo de las MPP.<\/p>\n<p>Para mayor detalle, acceder a la formulaci\u00f3n de cargos en el Sistema Nacional de Informaci\u00f3n de Fiscalizaci\u00f3n Ambiental (SNIFA):<\/p>\n<p><a href=\"https:\/\/snifa.sma.gob.cl\/Sancionatorio\/Ficha\/2332\">https:\/\/snifa.sma.gob.cl\/Sancionatorio\/Ficha\/2332<\/a><\/p>\n","protected":false},"excerpt":{"rendered":"<p>Tras una serie de denuncias ciudadanas recibidas por la SMA producto de la utilizaci\u00f3n permanente de helic\u00f3pteros durante la etapa de construcci\u00f3n del proyecto el\u00e9ctrico en el sector de Culipr\u00e1n- comuna de Melipilla-, las medidas se instruyeron para minimizar el riesgo a la salud y a la calidad de vida de los habitantes de dicho sector. <a href=\"https:\/\/portal.sma.gob.cl\/index.php\/sma-ordeno-medidas-provisionales-pre-procedimentales-a-eletrans-ii-s-a\/\">Leer m\u00e1s<\/a><\/p>\n","protected":false},"author":3,"featured_media":22261,"comment_status":"open","ping_status":"open","sticky":false,"template":"","format":"standard","meta":{"footnotes":""},"categories":[90,107],"tags":[],"class_list":["post-22262","post","type-post","status-publish","format-standard","has-post-thumbnail","hentry","category-comunicados-noticias","category-destacado"],"_links":{"self":[{"href":"https:\/\/portal.sma.gob.cl\/index.php\/wp-json\/wp\/v2\/posts\/22262","targetHints":{"allow":["GET"]}}],"collection":[{"href":"https:\/\/portal.sma.gob.cl\/index.php\/wp-json\/wp\/v2\/posts"}],"about":[{"href":"https:\/\/portal.sma.gob.cl\/index.php\/wp-json\/wp\/v2\/types\/post"}],"author":[{"embeddable":true,"href":"https:\/\/portal.sma.gob.cl\/index.php\/wp-json\/wp\/v2\/users\/3"}],"replies":[{"embeddable":true,"href":"https:\/\/portal.sma.gob.cl\/index.php\/wp-json\/wp\/v2\/comments?post=22262"}],"version-history":[{"count":2,"href":"https:\/\/portal.sma.gob.cl\/index.php\/wp-json\/wp\/v2\/posts\/22262\/revisions"}],"predecessor-version":[{"id":22264,"href":"https:\/\/portal.sma.gob.cl\/index.php\/wp-json\/wp\/v2\/posts\/22262\/revisions\/22264"}],"wp:featuredmedia":[{"embeddable":true,"href":"https:\/\/portal.sma.gob.cl\/index.php\/wp-json\/wp\/v2\/media\/22261"}],"wp:attachment":[{"href":"https:\/\/portal.sma.gob.cl\/index.php\/wp-json\/wp\/v2\/media?parent=22262"}],"wp:term":[{"taxonomy":"category","embeddable":true,"href":"https:\/\/portal.sma.gob.cl\/index.php\/wp-json\/wp\/v2\/categories?post=22262"},{"taxonomy":"post_tag","embeddable":true,"href":"https:\/\/portal.sma.gob.cl\/index.php\/wp-json\/wp\/v2\/tags?post=22262"}],"curies":[{"name":"wp","href":"https:\/\/api.w.org\/{rel}","templated":true}]}}