{"id":22285,"date":"2021-02-16T16:54:21","date_gmt":"2021-02-16T19:54:21","guid":{"rendered":"https:\/\/portal.sma.gob.cl\/?p=22285"},"modified":"2021-03-02T14:56:26","modified_gmt":"2021-03-02T17:56:26","slug":"puerto-varas-tercer-tribunal-ambiental-autoriza-detencion-de-obras-de-proyecto-alto-maullin-solicitada-por-la-sma","status":"publish","type":"post","link":"https:\/\/portal.sma.gob.cl\/index.php\/puerto-varas-tercer-tribunal-ambiental-autoriza-detencion-de-obras-de-proyecto-alto-maullin-solicitada-por-la-sma\/","title":{"rendered":"Puerto Varas: Tercer Tribunal Ambiental Autoriza Detenci\u00f3n de Obras de Proyecto Alto Maull\u00edn Solicitada por la SMA"},"content":{"rendered":"<p><strong>Se trata de al menos 21 parcelas ubicadas en un \u00e1rea colocada bajo protecci\u00f3n oficial que tras fiscalizaciones en terreno de la Superintendencia del Medio Ambiente se pudo constatar la construcci\u00f3n de caminos interiores e instalaciones el\u00e9ctricas, que han provocado no s\u00f3lo tala de bosque nativo en zonas de alta pendiente, sino tambi\u00e9n posibles deslizamientos hacia la ribera del r\u00edo Maull\u00edn.<\/strong><\/p>\n<p><strong>Puerto Varas, 16 de febrero de 2021.\u00a0<\/strong>La Superintendencia del Medio Ambiente solicit\u00f3 al Ilustre Tercer Tribunal Ambiental la autorizaci\u00f3n para dictar la detenci\u00f3n de obras del loteo \u201cAlto Maull\u00edn\u201d, de propiedad de la sociedad Alto Maull\u00edn SpA, por un plazo de 15 d\u00edas h\u00e1biles.<\/p>\n<p>Esta medida, se pidi\u00f3 con fines exclusivamente cautelares, considerando el riesgo para el medioambiente de las actividades llevadas a cabo por la empresa, toda vez que el proyecto no ha sido sometido al Sistema de Evaluaci\u00f3n de Impacto Ambiental y que, adem\u00e1s, se ubica dentro del Sitio Prioritario \u201cR\u00edo Maull\u00edn\u201d.<\/p>\n<p>Cabe se\u00f1alar que la SMA ha recibido 11 denuncias, entre ellas una de la Seremi de Medio Ambiente y otra de CONAF, ambas de la Regi\u00f3n de Los Lagos. Por tal raz\u00f3n se realizaron inspecciones en terreno, constatando que existe un 50% de avance en las obras, seg\u00fan lo se\u00f1alado por el propio representante legal de la empresa, estim\u00e1ndose que \u00e9stas concluir\u00e1n a fines de 2021, y hasta el momento no se han concretado ventas.<\/p>\n<p>El Loteo \u201cAlto Maull\u00edn\u201d se ubica a 5 kil\u00f3metros de la ciudad de Puerto Varas y a 2 del centro de Llanquihue, y sumar\u00e1n hasta 87 parcelas, cada una de 5.000 metros cuadrados, con agua y electrificaci\u00f3n subterr\u00e1nea, caminos interiores asfaltados y \u00e1reas comunes como plazas, jardines y un mirador.<\/p>\n<p>Luego de analizar la informaci\u00f3n recabada en terreno y con la denuncia de CONAF respecto a la tala ilegal de bosque nativo, se pudo verificar que la empresa est\u00e1 realizando obras para habilitar un camino de 12 metros de ancho, con una extensi\u00f3n de 1.200 metros.<\/p>\n<p>A la fecha, se han construido aproximadamente 200 metros de ese camino con el uso de maquinaria pesada. Esto ha conllevado la corta de bosque nativo en sectores con una pendiente superior a 45\u00b0, generando una zona de alta fragilidad, con peligro de deslizamiento como resultado de la remoci\u00f3n total de la cobertura vegetal existente. Dichas obras se ejecutan en la parte baja del proyecto, a unos 45 metros de altura respecto del r\u00edo Maull\u00edn, en una extensi\u00f3n de 12 hect\u00e1reas.<\/p>\n<p>\u201cLa paralizaci\u00f3n de obras es una medida adecuada para gestionar riesgo causado por el actuar de la empresa, que no cuenta con una Resoluci\u00f3n de Calificaci\u00f3n Ambiental para realizar sus obras. En ese caso, hemos podido verificar que, con las obras desarrolladas hasta ahora, se ha afectado a especies nativas como ling\u00fce, avellano, ulmo, canelo y ciruelillo. Adem\u00e1s, del total de parcelas que contempla el proyecto, al menos 21 de ellas se ubican dentro del Sitio Prioritario R\u00edo Maull\u00edn, pr\u00f3ximo a ser decretado Santuario de la Naturaleza, por lo cual se configura una situaci\u00f3n de riesgo ambiental\u201d, sostiene el Fiscal de la SMA, Emanuel Ibarra.<\/p>\n<p>Es importante se\u00f1alar que, debido a la envergadura del proyecto, como la eventual instalaci\u00f3n de viviendas y el paso de veh\u00edculos por el lugar, podr\u00eda existir una p\u00e9rdida definitiva del h\u00e1bitat de las especies de flora y fauna que habitan en el Sitio Prioritario R\u00edo Maull\u00edn.<\/p>\n<p>Adicionalmente, en noviembre de 2019, el Consejo de Ministros para la Sustentabilidad aprob\u00f3 la creaci\u00f3n de Santuario de la Naturaleza \u201cHumedales del r\u00edo Maull\u00edn\u201d, el cual est\u00e1 constituido por el complejo de humedales formado por el r\u00edo Maull\u00edn, siendo uno de los m\u00e1s relevantes en nuestro pa\u00eds. Su valor para la conservaci\u00f3n de la biodiversidad acu\u00e1tica es muy alto y reconocido a nivel nacional e internacional, siendo uno de los pocos sistemas de humedales que conforman un corredor biol\u00f3gico acu\u00e1tico entre ecosistemas andinos lacustres y el Oc\u00e9ano Pac\u00edfico.<\/p>\n<p>Por su parte, Klaus Kosiel, Seremi de Medio Ambiente de la Regi\u00f3n de Los Lagos, indic\u00f3 que la medida de detenci\u00f3n aprobada por el Tercer Tribunal Ambiental de Valdivia da cuenta de las falencias del proyecto inmobiliario que han afectado y generado un posible da\u00f1o al sitio prioritario y santuario de la naturaleza R\u00edo Maull\u00edn.<\/p>\n<p>Agreg\u00f3 que situaciones de este tipo no deben seguir ocurriendo de ninguna manera y esta empresa deber\u00e1 hacerse cargo de las acciones cometidas. \u201cAsimismo, es una se\u00f1al clara que el cuidado del patrimonio ambiental debe estar siempre sobre los intereses particulares de cualquier tipo\u201d, concluy\u00f3.<\/p>\n","protected":false},"excerpt":{"rendered":"<p>Se trata de al menos 21 parcelas ubicadas en un \u00e1rea colocada bajo protecci\u00f3n oficial que tras fiscalizaciones en terreno de la Superintendencia del Medio Ambiente se pudo constatar la construcci\u00f3n de caminos interiores e instalaciones el\u00e9ctricas, que han provocado no s\u00f3lo tala de bosque nativo en zonas de alta pendiente, sino tambi\u00e9n posibles deslizamientos hacia <a href=\"https:\/\/portal.sma.gob.cl\/index.php\/puerto-varas-tercer-tribunal-ambiental-autoriza-detencion-de-obras-de-proyecto-alto-maullin-solicitada-por-la-sma\/\">Leer m\u00e1s<\/a><\/p>\n","protected":false},"author":3,"featured_media":22287,"comment_status":"open","ping_status":"open","sticky":false,"template":"","format":"standard","meta":{"footnotes":""},"categories":[90,107],"tags":[],"class_list":["post-22285","post","type-post","status-publish","format-standard","has-post-thumbnail","hentry","category-comunicados-noticias","category-destacado"],"_links":{"self":[{"href":"https:\/\/portal.sma.gob.cl\/index.php\/wp-json\/wp\/v2\/posts\/22285","targetHints":{"allow":["GET"]}}],"collection":[{"href":"https:\/\/portal.sma.gob.cl\/index.php\/wp-json\/wp\/v2\/posts"}],"about":[{"href":"https:\/\/portal.sma.gob.cl\/index.php\/wp-json\/wp\/v2\/types\/post"}],"author":[{"embeddable":true,"href":"https:\/\/portal.sma.gob.cl\/index.php\/wp-json\/wp\/v2\/users\/3"}],"replies":[{"embeddable":true,"href":"https:\/\/portal.sma.gob.cl\/index.php\/wp-json\/wp\/v2\/comments?post=22285"}],"version-history":[{"count":6,"href":"https:\/\/portal.sma.gob.cl\/index.php\/wp-json\/wp\/v2\/posts\/22285\/revisions"}],"predecessor-version":[{"id":22321,"href":"https:\/\/portal.sma.gob.cl\/index.php\/wp-json\/wp\/v2\/posts\/22285\/revisions\/22321"}],"wp:featuredmedia":[{"embeddable":true,"href":"https:\/\/portal.sma.gob.cl\/index.php\/wp-json\/wp\/v2\/media\/22287"}],"wp:attachment":[{"href":"https:\/\/portal.sma.gob.cl\/index.php\/wp-json\/wp\/v2\/media?parent=22285"}],"wp:term":[{"taxonomy":"category","embeddable":true,"href":"https:\/\/portal.sma.gob.cl\/index.php\/wp-json\/wp\/v2\/categories?post=22285"},{"taxonomy":"post_tag","embeddable":true,"href":"https:\/\/portal.sma.gob.cl\/index.php\/wp-json\/wp\/v2\/tags?post=22285"}],"curies":[{"name":"wp","href":"https:\/\/api.w.org\/{rel}","templated":true}]}}