{"id":22467,"date":"2021-04-09T20:02:19","date_gmt":"2021-04-10T00:02:19","guid":{"rendered":"https:\/\/portal.sma.gob.cl\/?p=22467"},"modified":"2021-04-09T20:05:17","modified_gmt":"2021-04-10T00:05:17","slug":"convenio-de-colaboracion-sma-y-sernapesca-acuerdan-compartir-informacion-que-facilite-fiscalizacion","status":"publish","type":"post","link":"https:\/\/portal.sma.gob.cl\/index.php\/convenio-de-colaboracion-sma-y-sernapesca-acuerdan-compartir-informacion-que-facilite-fiscalizacion\/","title":{"rendered":"Convenio de Colaboraci\u00f3n: SMA y SERNAPESCA Acuerdan Compartir Informaci\u00f3n que Facilite Fiscalizaci\u00f3n"},"content":{"rendered":"<p style=\"text-align: justify;\"><strong>Santiago, 09 de abril de 2021.-<\/strong>\u00a0Un convenio de colaboraci\u00f3n que permitir\u00e1 la interconexi\u00f3n de los sistemas inform\u00e1ticos de ambas instituciones, firmaron este viernes el Superintendente del Medio Ambiente, Crist\u00f3bal De La Maza, y la Directora Nacional (S) de Sernapesca Jessica Fuentes Olmos. La iniciativa se enmarca en las acciones ejecutadas por la Red Nacional de Fiscalizaci\u00f3n Ambiental (RENFA).<\/p>\n<p style=\"text-align: justify;\">El objetivo de este acuerdo es facilitar el intercambio de informaci\u00f3n relevante para complementar las actividades de fiscalizaci\u00f3n, as\u00ed como los procedimientos sancionatorios iniciados. De este modo, se mejora la eficiencia de los procedimientos, evitando duplicidad de acciones, y se cumple con el principio de cooperaci\u00f3n entre ambas entidades p\u00fablicas.<\/p>\n<p style=\"text-align: justify;\">Para ello, se realizar\u00e1n reuniones bilaterales donde se identifiquen las plataformas y sistemas existentes que permitan una interconexi\u00f3n expedita, as\u00ed como la informaci\u00f3n de inter\u00e9s para cada organismo. Se entregar\u00e1 acceso a determinadas plataformas internas, con perfiles espec\u00edficos para cada usuario, definidos seg\u00fan las necesidades anteriormente identificadas.<\/p>\n<p style=\"text-align: justify;\">El Superintendente del Medio Ambiente, Crist\u00f3bal De La Maza, se\u00f1al\u00f3 que \u201cpara la SMA este es un importante avance para fortalecer nuestro rol fiscalizador en gesti\u00f3n ambiental. Con la informaci\u00f3n a la accederemos a trav\u00e9s de los sistemas de Sernapesca, podremos priorizar de mejor forma nuestras actividades de fiscalizaci\u00f3n y tambi\u00e9n detectar con mucha mayor oportunidad, potenciales infracciones a la legislaci\u00f3n ambiental de nuestra competencia\u201d.<\/p>\n<p style=\"text-align: justify;\"><em>\u201cEsperamos-continu\u00f3 De La Maza- que este sea un primer paso en fortalecer la vigilancia sobre el sector de la acuicultura que se ha visto afectada en el \u00faltimo tiempo\u201d.<\/em><\/p>\n<p style=\"text-align: justify;\">En tanto, para la Directora Nacional de Sernapesca, este nuevo paso en el trabajo conjunto que se realiza con la Superintendencia del Medio Ambiente, es tambi\u00e9n fruto de la excelente relaci\u00f3n de colaboraci\u00f3n que existe entre ambas instituciones tanto a trav\u00e9s de la Red de Fiscalizaci\u00f3n Ambiental (RENFA), como en la Red de Fiscalizaci\u00f3n para la Sustentabilidad Pesquera, SUSTENTA.<\/p>\n<p style=\"text-align: justify;\"><em>\u201cLa experiencia ha demostrado que tenemos muchos \u00e1mbitos de acci\u00f3n conjunto con la Superintendencia. Esperamos que este convenio de interconexi\u00f3n contribuya a un flujo a\u00fan m\u00e1s expedito de la informaci\u00f3n, y que nos permita contar de manera oportuna con toda la informaci\u00f3n disponible para la toma de decisiones, en lo relativo a incumplimientos en materia ambiental\u201d,<\/em> se\u00f1al\u00f3 la autoridad.<\/p>\n","protected":false},"excerpt":{"rendered":"<p>Santiago, 09 de abril de 2021.-\u00a0Un convenio de colaboraci\u00f3n que permitir\u00e1 la interconexi\u00f3n de los sistemas inform\u00e1ticos de ambas instituciones, firmaron este viernes el Superintendente del Medio Ambiente, Crist\u00f3bal De La Maza, y la Directora Nacional (S) de Sernapesca Jessica Fuentes Olmos. La iniciativa se enmarca en las acciones ejecutadas por la Red Nacional de Fiscalizaci\u00f3n <a href=\"https:\/\/portal.sma.gob.cl\/index.php\/convenio-de-colaboracion-sma-y-sernapesca-acuerdan-compartir-informacion-que-facilite-fiscalizacion\/\">Leer m\u00e1s<\/a><\/p>\n","protected":false},"author":3,"featured_media":22469,"comment_status":"open","ping_status":"open","sticky":false,"template":"","format":"standard","meta":{"footnotes":""},"categories":[90,107],"tags":[],"class_list":["post-22467","post","type-post","status-publish","format-standard","has-post-thumbnail","hentry","category-comunicados-noticias","category-destacado"],"_links":{"self":[{"href":"https:\/\/portal.sma.gob.cl\/index.php\/wp-json\/wp\/v2\/posts\/22467","targetHints":{"allow":["GET"]}}],"collection":[{"href":"https:\/\/portal.sma.gob.cl\/index.php\/wp-json\/wp\/v2\/posts"}],"about":[{"href":"https:\/\/portal.sma.gob.cl\/index.php\/wp-json\/wp\/v2\/types\/post"}],"author":[{"embeddable":true,"href":"https:\/\/portal.sma.gob.cl\/index.php\/wp-json\/wp\/v2\/users\/3"}],"replies":[{"embeddable":true,"href":"https:\/\/portal.sma.gob.cl\/index.php\/wp-json\/wp\/v2\/comments?post=22467"}],"version-history":[{"count":2,"href":"https:\/\/portal.sma.gob.cl\/index.php\/wp-json\/wp\/v2\/posts\/22467\/revisions"}],"predecessor-version":[{"id":22470,"href":"https:\/\/portal.sma.gob.cl\/index.php\/wp-json\/wp\/v2\/posts\/22467\/revisions\/22470"}],"wp:featuredmedia":[{"embeddable":true,"href":"https:\/\/portal.sma.gob.cl\/index.php\/wp-json\/wp\/v2\/media\/22469"}],"wp:attachment":[{"href":"https:\/\/portal.sma.gob.cl\/index.php\/wp-json\/wp\/v2\/media?parent=22467"}],"wp:term":[{"taxonomy":"category","embeddable":true,"href":"https:\/\/portal.sma.gob.cl\/index.php\/wp-json\/wp\/v2\/categories?post=22467"},{"taxonomy":"post_tag","embeddable":true,"href":"https:\/\/portal.sma.gob.cl\/index.php\/wp-json\/wp\/v2\/tags?post=22467"}],"curies":[{"name":"wp","href":"https:\/\/api.w.org\/{rel}","templated":true}]}}