{"id":22500,"date":"2021-04-16T10:06:27","date_gmt":"2021-04-16T14:06:27","guid":{"rendered":"https:\/\/portal.sma.gob.cl\/?p=22500"},"modified":"2021-04-16T10:06:27","modified_gmt":"2021-04-16T14:06:27","slug":"sma-formulo-cargos-a-alto-maullin-spa-por-elusion-afectacion-a-vegetacion-y-suelos","status":"publish","type":"post","link":"https:\/\/portal.sma.gob.cl\/index.php\/sma-formulo-cargos-a-alto-maullin-spa-por-elusion-afectacion-a-vegetacion-y-suelos\/","title":{"rendered":"SMA Formul\u00f3 Cargos a Alto Maull\u00edn SpA por Elusi\u00f3n, Afectaci\u00f3n a Vegetaci\u00f3n y Suelos"},"content":{"rendered":"<p><strong>Se trata de un proyecto inmobiliario que est\u00e1 ejecut\u00e1ndose al margen del Sistema de Evaluaci\u00f3n de Impacto Ambiental (SEIA), espec\u00edficamente en un \u00e1rea colocada bajo protecci\u00f3n oficial y que tras fiscalizaciones se han constatado efectos en la vegetaci\u00f3n por medio de talas no autorizada, adem\u00e1s de exponer parte del suelo a procesos erosivos y una fuerte pendiente.<\/strong><\/p>\n<p><strong>\u00a0<\/strong><strong>Los Lagos, 16 de abril de 2021.-<\/strong> La Superintendencia del Medio Ambiente (SMA) formul\u00f3 cargos -grav\u00edsimo y grave- contra la empresa <strong>\u201cAlto Maull\u00edn SpA\u201d<\/strong>, titular del proyecto inmobiliario <strong>\u201cLoteo Alto Maull\u00edn\u201d<\/strong>, que contempla 87 parcelas, en una superficie total de 50,3 hect\u00e1reas, ubicado en el sector L\u00ednea Nueva s\/n km. 0,58, comuna de Llanquihue, Regi\u00f3n de Los Lagos.<\/p>\n<p>El cargo <strong>grav\u00edsimo<\/strong> se imput\u00f3 por ejecutar las obras en un \u00e1rea colocada bajo protecci\u00f3n oficial con afectaci\u00f3n de suelo por procesos erosivos y fuerte pendiente, as\u00ed como por tala de vegetaci\u00f3n no autorizada, al margen del <strong>Sistema de Evaluaci\u00f3n de Impacto Ambiental<\/strong> (SEIA).<\/p>\n<p>El segundo cargo, en tanto, clasificado como <strong>grave<\/strong>, es por no cumplir la <strong>Medida Provisional Pre Procedimental<\/strong> de detenci\u00f3n de funcionamiento del <strong>\u201cLoteo Alto Maull\u00edn\u201d<\/strong>, instruida por la SMA en febrero de 2021 y autorizada por el Tercer Tribunal Ambiental.<\/p>\n<p>El proceso sancionatorio iniciado por la Superintendencia del Medio Ambiente es el resultado de reiteradas denuncias por parte de diversas organizaciones, quienes emplazaron a la empresa por operar al margen de la normativa ambiental, incluso sin contar con su RCA, hechos que fueron constatados por funcionarios de esta Superintendencia tras diversas inspecciones de la entidad.<\/p>\n<p>Al respecto, Crist\u00f3bal De La Maza, Superintendente del Medio Ambiente, indic\u00f3 que \u201cesta formulaci\u00f3n de cargos se relaciona directamente con la afectaci\u00f3n y protecci\u00f3n que debe tener un sitio prioritario para la conservaci\u00f3n como lo es el \u201cR\u00edo Maull\u00edn\u201d, lugar donde se emplaza el <strong>Humedal Maull\u00edn<\/strong>, declarado <strong>Santuario de la Naturaleza.<\/strong> All\u00ed se conservan especies de fauna y avifauna asociadas a estos ecosistemas, as\u00ed como vegetaci\u00f3n ribere\u00f1a presente en el curso del r\u00edo y sus alrededores.<\/p>\n<p>En ese sentido, continu\u00f3 De La Maza, este objeto de protecci\u00f3n ya ha sido afectado por las obras de construcci\u00f3n del loteo, por lo que es altamente probable que la intervenci\u00f3n y modificaci\u00f3n del entorno con instalaci\u00f3n de infraestructura para uso residencial y de equipamiento que implica este proyecto inmobiliario, pudiera ser susceptible de afectar el \u00e1rea colocada bajo protecci\u00f3n oficial por su magnitud y duraci\u00f3n, se\u00f1al\u00f3.<\/p>\n<p>Cabe destacar que el que no haya sido sometido al SEIA, infringe una obligaci\u00f3n prioritaria por encontrarse dentro del <strong>Sitio Prioritario para la Conservaci\u00f3n de la Naturaleza del R\u00edo Maull\u00edn<\/strong>, que tiene car\u00e1cter de \u00e1rea bajo protecci\u00f3n oficial desde el a\u00f1o 2002 y que el 2019 fuera aprobado como Santuario de la Naturaleza en el contexto del \u201cPlan Nacional de Protecci\u00f3n de Humedales\u201d.<\/p>\n<p>Es importante recordar que, en febrero del presente a\u00f1o, tras la solicitud efectuada por la Superintendencia del Medio Ambiente, el Tercer Tribunal Ambiental autoriz\u00f3 la detenci\u00f3n de Obras del Proyecto Alto Maull\u00edn, por un plazo de 15 d\u00edas h\u00e1biles, considerando el riesgo para el medioambiente de las actividades llevadas a cabo por la empresa en el lugar, medida que no se cumpli\u00f3 por parte del titular.<\/p>\n<p>Respecto de las infracciones <strong>Grav\u00edsimas<\/strong>, el titular podr\u00e1 ser objeto de Clausura, o Multa de hasta 10.000 Unidades Tributarias Anuales (UTA). Asimismo, en relaci\u00f3n con el cargo <strong>Grave<\/strong>, la empresa podr\u00eda arriesgar tambi\u00e9n Clausura, o Multa de hasta 5.000 mil UTA.<\/p>\n<p><strong>Alto Maull\u00edn SpA<\/strong>., tendr\u00e1 un plazo de 10 d\u00edas h\u00e1biles para presentar un <strong>Programa de Cumplimiento<\/strong> y de 15 d\u00edas h\u00e1biles para formular sus <strong>Descargos<\/strong>, ambos plazos contados desde la notificaci\u00f3n al titular.<\/p>\n<p>Para mayor detalle, acceder a las formulaciones de cargos en el Sistema Nacional de Informaci\u00f3n de Fiscalizaci\u00f3n Ambiental (SNIFA):<\/p>\n<p><a href=\"https:\/\/snifa.sma.gob.cl\/Sancionatorio\/Ficha\/2546\">https:\/\/snifa.sma.gob.cl\/Sancionatorio\/Ficha\/2546<\/a><\/p>\n","protected":false},"excerpt":{"rendered":"<p>Se trata de un proyecto inmobiliario que est\u00e1 ejecut\u00e1ndose al margen del Sistema de Evaluaci\u00f3n de Impacto Ambiental (SEIA), espec\u00edficamente en un \u00e1rea colocada bajo protecci\u00f3n oficial y que tras fiscalizaciones se han constatado efectos en la vegetaci\u00f3n por medio de talas no autorizada, adem\u00e1s de exponer parte del suelo a procesos erosivos y una fuerte <a href=\"https:\/\/portal.sma.gob.cl\/index.php\/sma-formulo-cargos-a-alto-maullin-spa-por-elusion-afectacion-a-vegetacion-y-suelos\/\">Leer m\u00e1s<\/a><\/p>\n","protected":false},"author":3,"featured_media":22498,"comment_status":"open","ping_status":"open","sticky":false,"template":"","format":"standard","meta":{"footnotes":""},"categories":[90,107],"tags":[],"class_list":["post-22500","post","type-post","status-publish","format-standard","has-post-thumbnail","hentry","category-comunicados-noticias","category-destacado"],"_links":{"self":[{"href":"https:\/\/portal.sma.gob.cl\/index.php\/wp-json\/wp\/v2\/posts\/22500","targetHints":{"allow":["GET"]}}],"collection":[{"href":"https:\/\/portal.sma.gob.cl\/index.php\/wp-json\/wp\/v2\/posts"}],"about":[{"href":"https:\/\/portal.sma.gob.cl\/index.php\/wp-json\/wp\/v2\/types\/post"}],"author":[{"embeddable":true,"href":"https:\/\/portal.sma.gob.cl\/index.php\/wp-json\/wp\/v2\/users\/3"}],"replies":[{"embeddable":true,"href":"https:\/\/portal.sma.gob.cl\/index.php\/wp-json\/wp\/v2\/comments?post=22500"}],"version-history":[{"count":1,"href":"https:\/\/portal.sma.gob.cl\/index.php\/wp-json\/wp\/v2\/posts\/22500\/revisions"}],"predecessor-version":[{"id":22501,"href":"https:\/\/portal.sma.gob.cl\/index.php\/wp-json\/wp\/v2\/posts\/22500\/revisions\/22501"}],"wp:featuredmedia":[{"embeddable":true,"href":"https:\/\/portal.sma.gob.cl\/index.php\/wp-json\/wp\/v2\/media\/22498"}],"wp:attachment":[{"href":"https:\/\/portal.sma.gob.cl\/index.php\/wp-json\/wp\/v2\/media?parent=22500"}],"wp:term":[{"taxonomy":"category","embeddable":true,"href":"https:\/\/portal.sma.gob.cl\/index.php\/wp-json\/wp\/v2\/categories?post=22500"},{"taxonomy":"post_tag","embeddable":true,"href":"https:\/\/portal.sma.gob.cl\/index.php\/wp-json\/wp\/v2\/tags?post=22500"}],"curies":[{"name":"wp","href":"https:\/\/api.w.org\/{rel}","templated":true}]}}