{"id":22529,"date":"2021-04-26T15:24:45","date_gmt":"2021-04-26T19:24:45","guid":{"rendered":"https:\/\/portal.sma.gob.cl\/?p=22529"},"modified":"2021-04-26T16:52:32","modified_gmt":"2021-04-26T20:52:32","slug":"lanzan-periodo-de-gestion-de-episodios-criticos-gec-2021-en-la-region-metropolitana","status":"publish","type":"post","link":"https:\/\/portal.sma.gob.cl\/index.php\/lanzan-periodo-de-gestion-de-episodios-criticos-gec-2021-en-la-region-metropolitana\/","title":{"rendered":"Lanzan Per\u00edodo de Gesti\u00f3n de Episodios Cr\u00edticos (GEC) 2021 en la Regi\u00f3n Metropolitana"},"content":{"rendered":"<p><strong>El tradicional per\u00edodo GEC -que rige entre 1 de mayo y 31 de agosto de cada a\u00f1o- busca mejorar los niveles de Calidad del Aire en la regi\u00f3n. El a\u00f1o 2020 fue el mejor en la historia de esta medici\u00f3n.<\/strong><\/p>\n<p><strong>Santiago, 26 de abril de 2021.-<\/strong> Con la presencia del Intendente de la Regi\u00f3n Metropolitana de Santiago, <strong>Felipe Guevara,<\/strong> el Superintendente del Medio Ambiente, <strong>Crist\u00f3bal De La Maza<\/strong>, y los Seremis <strong>Juan Fern\u00e1ndez<\/strong> (s) (Medio Ambiente RM), <strong>Omar C\u00e1cere<\/strong>s (s) (Salud RM), <strong>Eddy Rold\u00e1n<\/strong> (Transportes RM) y <strong>Jos\u00e9 Pedro Guilisasti<\/strong> (Agricultura RM), se realiz\u00f3 este lunes -en el acceso Pedro de Valdivia del Parque Metropolitano- el lanzamiento de la Gesti\u00f3n de Episodios Cr\u00edticos (GEC) 2021 de la Regi\u00f3n Metropolitana.<\/p>\n<p>La Gesti\u00f3n de Episodios Cr\u00edticos -que rige del 1 de mayo al 31 de agosto- forma parte del <strong>Plan de Prevenci\u00f3n y Descontaminaci\u00f3n Atmosf\u00e9rica (PPDA)<\/strong> para la Regi\u00f3n Metropolitana de Santiago, cuyo objetivo es dar cumplimiento a las Normas Primarias de Calidad Ambiental de Aire vigentes, asociadas a los contaminantes Material Particulado Respirable MP10, Material Particulado Fino Respirable MP2,5, Ozono (O3), Mon\u00f3xido de Carbono (CO).<\/p>\n<p>Cabe recordar que las principales fuentes de emisiones de contaminantes en la RM, en un a\u00f1o normal, son el Transporte (39%) (que se divide en maquinaria 20% y autom\u00f3viles 19%), Le\u00f1a (38%) e Industria (15%), por ello el PPDA considera medidas estructurales y de largo plazo para estas fuentes, y de corto plazo a trav\u00e9s de la GEC para prevenir la exposici\u00f3n innecesaria de la poblaci\u00f3n a altos niveles de Material Particulado Fino durante los 4 meses en que las condiciones de ventilaci\u00f3n son las m\u00e1s adversas en la cuenca de Santiago.<\/p>\n<p>Las medidas del Plan de Descontaminaci\u00f3n han ayudado a reducir los altos niveles de contaminaci\u00f3n especialmente durante la \u00faltima d\u00e9cada. En este sentido, el 2020 fue el a\u00f1o con la mejor Calidad del Aire desde que se tiene registro en la RM, no solo por la disminuci\u00f3n de la cantidad de episodios por MP2.5 y MP10, sino adem\u00e1s porque hubo menos concentraci\u00f3n de contaminantes y menor cantidad de horas en episodio.<\/p>\n<p>As\u00ed lo destac\u00f3 el Intendente <strong>Felipe Guevara<\/strong>, quien expres\u00f3 que los buenos niveles alcanzados durante el a\u00f1o pasado, en parte fue gracias a las restricciones de desplazamiento producto de las cuarentenas, lo que signific\u00f3 que entre el 1\u00b0 de mayo y el 31 de agosto de 2020 se registraron reducciones promedio (durante todo el periodo) de un 57% de las concentraciones de NOx, 12% de reducci\u00f3n de las concentraciones de MP2,5 y 23% de reducci\u00f3n de concentraciones de MP10.<\/p>\n<p>\u201cEste esfuerzo gigantesco no es suficiente si no contamos con el apoyo de los vecinos de la RM. El uso de la le\u00f1a est\u00e1 absolutamente prohibido en la Provincia de Santiago, Puente Alto y San Bernardo durante el a\u00f1o, y en todo el resto de las comunas cuando hay episodios cr\u00edticos\u2026 No basta con que el Estado ponga los medios para fiscalizar el buen uso o la buena calidad del aire, sino que necesitamos de la colaboraci\u00f3n de las personas y de la industria\u201d, agreg\u00f3 Guevara.<\/p>\n<p>Tambi\u00e9n destac\u00f3 la importancia del Programa de Lavado y Aspirado de calles que lleva a cabo la Intendencia RM. Con una inversi\u00f3n de m\u00e1s de $2.700 millones y que abarca 29 comunas de la Regi\u00f3n, dividas en cuatro zonas de Barrido, y con tres servicios: Servicio de lavado y aspirado de calles; Servicio de fiscalizaci\u00f3n; y Servicios de supervisi\u00f3n t\u00e9cnica.<\/p>\n<p>El Seremi (s) del Medio Ambiente, <strong>Juan Fern\u00e1ndez<\/strong>, junto con destacar la importancia del trabajo conjunto que vienen realizando con las dem\u00e1s instituciones, expres\u00f3 que \u201cel a\u00f1o pasado fue el de mejor Calidad del aire desde que se tiene registro en la Regi\u00f3n Metropolitana, por lo que esperamos mantener la tendencia este 2021. Para ello, queremos pedirles a los habitantes de la RM tres cosas: primero, que se sigan cuidando; segundo, que quienes no tienen que salir de la casa por un tema de movilidad, que no lo hagan, y tercero, en el \u00e1mbito de la educaci\u00f3n, que bajen la APP Aire Santiago a sus tel\u00e9fonos, para estar informados de todas las restricciones que se aplican diariamente en esta GEC\u201d, dijo.<\/p>\n<p><strong>Crist\u00f3bal De La Maza, Superintendente del Medio Ambiente<\/strong>, indic\u00f3 que \u201cac\u00e1 lo importante es la reducci\u00f3n de emisiones. Como pa\u00eds hemos implementado diversas medidas que nos permiten reducir la contaminaci\u00f3n en el tiempo, pero si queremos tener beneficios ambientales concretos, requerimos fortalecer la vigilancia y supervisi\u00f3n de estas medidas. Como SMA hemos reforzado dos componentes: la coordinaci\u00f3n con otros servicios, como las actividades que realiza la Seremi de Salud en materia de paralizaci\u00f3n de fuentes fijas, o Conaf y Minagri con respecto a quemas agr\u00edcolas y comercio de la le\u00f1a; y como SMA con respecto a vigilar el l\u00edmite de emisi\u00f3n m\u00e1ximo que debe cumplir la industria y el m\u00e1ximo nivel de humedad en el comercio de la le\u00f1a\u201d.<\/p>\n<p>El Seremi <strong>Eddy Rold\u00e1n<\/strong>, de MTT, record\u00f3 por su parte que les corresponde la implementaci\u00f3n y fiscalizaci\u00f3n de la restricci\u00f3n vehicular. Y que, \u201ca partir de este lunes 3 de mayo iniciamos el GEC con los d\u00edgitos 8 y 9, continuando el martes con el 0 y 1, correlativos, y as\u00ed sucesivamente. Son dos d\u00edgitos diarios para veh\u00edculos con sello verde que hayan sido inscritos antes del 1 de septiembre del a\u00f1o 2011, quienes tienen la prohibici\u00f3n de ingresar al anillo Am\u00e9rico Vespucio. Recordar que en per\u00edodo de preemergencia se mantienen los mismos d\u00edgitos, pero se agregan los veh\u00edculos de carga, como camiones y camionetas\u201d.<\/p>\n<p>El Seremi<strong> Jos\u00e9 Pedro Guilisasti<\/strong>, de Agricultura, detall\u00f3 que \u201cdurante 2019 se realizaron 104 quemas ilegales, y el a\u00f1o 2020, 60 quemas ilegales. Esto es una considerable mejor\u00eda y un cambio de actitud de los agricultores. A partir del a\u00f1o 2026 esta restricci\u00f3n va a regir durante todo el a\u00f1o (\u2026) Por lo que estamos realizando distintas capacitaciones -en conjunto con el Gobierno Regional- para que los agricultores sepan que alternativas tomar antes de quemar sus rastrojos o cultivos despu\u00e9s de cosechados\u201d.<br \/>\nFinalmente, el Seremi de Salud (s) Omar C\u00e1ceres, record\u00f3 que existe prohibici\u00f3n durante todo el a\u00f1o del uso de calefactores a le\u00f1a en toda la Provincia de Santiago, y las comunas de Puente Alto y San Bernardo. \u201cHacemos un llamado a toda la ciudadan\u00eda a que no use calefactores a le\u00f1a; que los medios de calefacci\u00f3n que usen est\u00e9n con las mantenciones que correspondan, y a hacer las ventilaciones en los domicilios por lo menos 15 a 30 minutos\u201d.<\/p>\n<p>&nbsp;<\/p>\n<p><strong>Calidad del Aire y Covid19<\/strong><\/p>\n<p>De acuerdo con el an\u00e1lisis realizado por la Seremi del Medio Ambiente RM, el transporte, que es la principal fuente de contaminaci\u00f3n en Santiago, es la que m\u00e1s se vio impactada el a\u00f1o 2020 por las restricciones al desplazamiento de las personas, registr\u00e1ndose reducciones promedios de un 57% de las concentraciones de NOx, 12% de reducci\u00f3n de las concentraciones de MP2,5 y 23% de reducci\u00f3n de concentraciones de MP10, entre el 1 de mayo y el 31 de agosto.<\/p>\n<p>A pesar de esta considerable mejora, igualmente se constataron 15 alertas ambientales y 2 preemergencias, mejor que las 23 alertas y 9 preemergencias registradas en el a\u00f1o 2019. Esto debido a que siempre en este periodo, a causa de las condiciones meteorol\u00f3gicas, se suceden periodos de malas condiciones de ventilaci\u00f3n, sumado al uso de la calefacci\u00f3n a le\u00f1a.<\/p>\n<p>En consecuencia, y as\u00ed qued\u00f3 demostrado, mantener las medidas establecidas en el Plan de Prevenci\u00f3n y Descontaminaci\u00f3n para este periodo, resulta fundamental para reducir los episodios de contaminaci\u00f3n, entendiendo que una mejor calidad del aire aportar\u00e1 en la lucha contra el Covid y todas las enfermedades respiratorias que son comunes en este periodo.<\/p>\n<p>Actualmente, y comparando los \u00edndices de calidad del Aire del 2021 contra los del 2019, la tendencia se mantiene. Por ejemplo, si comparamos los meses de abril 2019 y 2021, la reducci\u00f3n de las concentraciones de NOx se mantiene en el 57% (entiendo que el NOx proviene principalmente del sector transporte), y la reducci\u00f3n del MP2,5 fue cerca de un 13%. De mantenerse esta tendencia, es posible esperar este 2021 un escenario similar a la cantidad de episodios sucedidos el a\u00f1o pasado.<\/p>\n","protected":false},"excerpt":{"rendered":"<p>El tradicional per\u00edodo GEC -que rige entre 1 de mayo y 31 de agosto de cada a\u00f1o- busca mejorar los niveles de Calidad del Aire en la regi\u00f3n. El a\u00f1o 2020 fue el mejor en la historia de esta medici\u00f3n. Santiago, 26 de abril de 2021.- Con la presencia del Intendente de la Regi\u00f3n Metropolitana de <a href=\"https:\/\/portal.sma.gob.cl\/index.php\/lanzan-periodo-de-gestion-de-episodios-criticos-gec-2021-en-la-region-metropolitana\/\">Leer m\u00e1s<\/a><\/p>\n","protected":false},"author":3,"featured_media":22527,"comment_status":"open","ping_status":"open","sticky":false,"template":"","format":"standard","meta":{"footnotes":""},"categories":[90,107],"tags":[],"class_list":["post-22529","post","type-post","status-publish","format-standard","has-post-thumbnail","hentry","category-comunicados-noticias","category-destacado"],"_links":{"self":[{"href":"https:\/\/portal.sma.gob.cl\/index.php\/wp-json\/wp\/v2\/posts\/22529","targetHints":{"allow":["GET"]}}],"collection":[{"href":"https:\/\/portal.sma.gob.cl\/index.php\/wp-json\/wp\/v2\/posts"}],"about":[{"href":"https:\/\/portal.sma.gob.cl\/index.php\/wp-json\/wp\/v2\/types\/post"}],"author":[{"embeddable":true,"href":"https:\/\/portal.sma.gob.cl\/index.php\/wp-json\/wp\/v2\/users\/3"}],"replies":[{"embeddable":true,"href":"https:\/\/portal.sma.gob.cl\/index.php\/wp-json\/wp\/v2\/comments?post=22529"}],"version-history":[{"count":3,"href":"https:\/\/portal.sma.gob.cl\/index.php\/wp-json\/wp\/v2\/posts\/22529\/revisions"}],"predecessor-version":[{"id":22532,"href":"https:\/\/portal.sma.gob.cl\/index.php\/wp-json\/wp\/v2\/posts\/22529\/revisions\/22532"}],"wp:featuredmedia":[{"embeddable":true,"href":"https:\/\/portal.sma.gob.cl\/index.php\/wp-json\/wp\/v2\/media\/22527"}],"wp:attachment":[{"href":"https:\/\/portal.sma.gob.cl\/index.php\/wp-json\/wp\/v2\/media?parent=22529"}],"wp:term":[{"taxonomy":"category","embeddable":true,"href":"https:\/\/portal.sma.gob.cl\/index.php\/wp-json\/wp\/v2\/categories?post=22529"},{"taxonomy":"post_tag","embeddable":true,"href":"https:\/\/portal.sma.gob.cl\/index.php\/wp-json\/wp\/v2\/tags?post=22529"}],"curies":[{"name":"wp","href":"https:\/\/api.w.org\/{rel}","templated":true}]}}