{"id":22665,"date":"2021-06-09T14:13:33","date_gmt":"2021-06-09T18:13:33","guid":{"rendered":"https:\/\/portal.sma.gob.cl\/?p=22665"},"modified":"2021-06-09T14:13:33","modified_gmt":"2021-06-09T18:13:33","slug":"cristobal-de-la-maza-afirmo-la-sma-esta-revirtiendo-una-tendencia-historica-en-la-gestion-de-denuncias","status":"publish","type":"post","link":"https:\/\/portal.sma.gob.cl\/index.php\/cristobal-de-la-maza-afirmo-la-sma-esta-revirtiendo-una-tendencia-historica-en-la-gestion-de-denuncias\/","title":{"rendered":"Crist\u00f3bal De La Maza afirm\u00f3: \u201cLa SMA est\u00e1 Revirtiendo una Tendencia Hist\u00f3rica en la Gesti\u00f3n de Denuncias\u201d"},"content":{"rendered":"<p><strong>La autoridad ambiental -ante la Comisi\u00f3n de Medio Ambiente y Bienes Nacionales del Senado- sostuvo que la implementaci\u00f3n del Programa de Gesti\u00f3n por este concepto ha sido clave para reducir los tiempos de respuesta a la ciudadan\u00eda. Esto gracias a una mejora de datos, enfoque territorial, optimizaci\u00f3n de procesos, acceso a la informaci\u00f3n, priorizaci\u00f3n, seguimiento y control, entre otros.<\/strong><\/p>\n<p><strong>Santiago, 09 de junio de 2021.-<\/strong> El Superintendente del Medio Ambiente, Crist\u00f3bal De La Maza, destac\u00f3 en su presentaci\u00f3n ante el Senado que el a\u00f1o 2020 marc\u00f3 un hito importante en la Gesti\u00f3n de Denuncias de la SMA, ya que fue el primero en que el n\u00famero de denuncias gestionadas super\u00f3 las pendientes. \u201cDesde que iniciamos el programa especial para mejor nuestro nivel servicio, hemos aumentado en un 60% las denuncias gestionadas por a\u00f1o\u201d, se\u00f1al\u00f3.<\/p>\n<p>Lo anterior -prosigui\u00f3 De La Maza-, se enmarca en el <strong>Plan de Acci\u00f3n 2019-2022<\/strong> que incluye una mejora de todos los procesos de la SMA, como robustecer la fiscalizaci\u00f3n territorial y remota, fortalecer la potestad sancionatoria y el incentivo al cumplimiento; adem\u00e1s de potenciar el seguimiento ambiental y facilitar el acceso a la informaci\u00f3n.<\/p>\n<p>Es as\u00ed como en el a\u00f1o 2020, las inspecciones ambientales evidenciaron un avance sustantivo con un volumen que duplic\u00f3 el promedio de los \u00faltimos 5 a\u00f1os. Esto se explica principalmente por el incremento de fiscalizaciones mediante ex\u00e1menes de informaci\u00f3n, triplicando lo realizado durante 2019.<\/p>\n<p>Cabe destacar que el fortalecimiento a la <strong>Fiscalizaci\u00f3n Remota<\/strong>, que se trabaj\u00f3 de manera permanente durante el 2020, estableci\u00f3 obligaciones de reporte en l\u00ednea en distintos sectores como energ\u00eda, salmonicultura, industria, sitios de disposici\u00f3n final de residuos y miner\u00eda, entre otros.<\/p>\n<p>\u201cCon ello esperamos avanzar de 10 instalaciones que monitore\u00e1bamos continuamente el 2019, a m\u00e1s de 1.300, el 2021. De esta forma, la SMA est\u00e1 realizando un despliegue tecnol\u00f3gico intensivo, con mecanismos de monitoreo continuo, que permitan la detecci\u00f3n temprana de desviaciones\u201d, se\u00f1al\u00f3.<\/p>\n<p>Se definieron tambi\u00e9n <strong>28 Territorios Prioritarios<\/strong> a nivel nacional y se inauguraron Delegaciones Especiales en Quintero, Puchuncav\u00ed, Huasco, Coronel, Calama y Chilo\u00e9, cuyo objetivo es fiscalizar el 100% de las instalaciones relevantes en estas zonas el 2021.<\/p>\n<p>En el \u00e1rea de <strong>Sanci\u00f3n y Cumplimiento<\/strong> es importante se\u00f1alar avances importantes respecto del ejercicio 2018, logr\u00e1ndose al 2020 un incremento del 70% en Formulaciones de Cargos, 90% en Dict\u00e1menes, 24% en Programas de Cumplimento, 100% en Medidas Provisionales y 270% en requerimientos de ingreso al Sistema de Evaluaci\u00f3n de Impacto Ambiental (SEIA).<\/p>\n<p>En cuanto a la automatizaci\u00f3n de los <strong>Procedimientos Sancionatorios<\/strong>, sostuvo que se han procesado a la fecha cerca del 70% de los expedientes que se encontraban pendientes de tr\u00e1mite. \u201cEsto se tradujo en un dr\u00e1stico aumento en el cumplimiento de normativas como las que regulan descargas a r\u00edos y lagos donde focalizamos nuestro trabajo, lo que signific\u00f3 un incremento de un 20% del cumplimiento normativo de D.S. N\u00b090 en el \u00faltimo a\u00f1o\u201d, precis\u00f3 el Superintendente.<\/p>\n<p>Resalt\u00f3, por cierto, la creaci\u00f3n del <strong>Portal Ciudadano de Denuncias<\/strong>, el avance del 90% en la Digitalizaci\u00f3n de Tr\u00e1mites y la priorizaci\u00f3n de \u00e9stas debido a su gravedad.<\/p>\n<p><strong>Cuentas Pendientes<\/strong><\/p>\n<p>\u201cCuando asum\u00ed a cargo de la instituci\u00f3n \u20132019-, contabilizamos que del total de denuncias ingresadas hasta el 2018, s\u00f3lo un 38% de ellas presentaba avances y con tiempos de tramitaci\u00f3n de 300 d\u00edas en promedio. El 2020 y tras todas las acciones que realizamos para agilizarlas y darles curso, actualmente hemos avanzado y tenemos un 56% de ellas gestionadas. A su vez, del total de fiscalizaciones con hallazgos realizadas, un 62% se encontraba con sancionatorios pendientes y sus tiempos de tramitaci\u00f3n se traduc\u00edan en promedio en 400 d\u00edas. Actualmente s\u00f3lo un 13% de estos expedientes est\u00e1 pendiente de tramitaci\u00f3n\u201d, se\u00f1al\u00f3 De La Maza.<\/p>\n<p>Indic\u00f3 que, pese a ser una instituci\u00f3n relativamente nueva ya que entr\u00f3 en funcionamiento en 2013, a la fecha cuenta con 252 funcionarios nivel nacional y con un promedio de 3 fiscalizadores por regi\u00f3n. Actualmente fiscaliza, m\u00e1s de 17.000 instalaciones y conforme avanza el pa\u00eds -sumando nuevas regulaciones ambientales-, tambi\u00e9n aument\u00f3 exponencialmente la responsabilidad de la SMA y las expectativas de la ciudadan\u00eda.<\/p>\n<p>En esta l\u00ednea, la autoridad a\u00f1adi\u00f3 que \u201csu gesti\u00f3n apunta a que el reforzamiento de la institucionalidad ambiental no s\u00f3lo se traduzca en una fiscalizaci\u00f3n m\u00e1s eficiente y eficaz, sino tambi\u00e9n que incorpore mayores acciones preventivas mediante la detecci\u00f3n temprana de incumplimientos con herramientas de inteligencia ambiental\u201d.<\/p>\n<p><strong>Excelencia Jur\u00eddica<\/strong><\/p>\n<p>El trabajo realizado por la Instituci\u00f3n se ha caracterizado por la excelencia jur\u00eddica e independencia dando importantes se\u00f1ales a trav\u00e9s de casos de relevancia en sectores productivos como: acu\u00edcola, minero, energ\u00e9tico, inmobiliario, agroindustrias, rellenos sanitarios y vertederos, y tambi\u00e9n con respecto a infracciones detectadas en empresas del Estado y otras entidades p\u00fablicas.<br \/>\nDe La Maza sostuvo que a pesar de que estas mejoras en gesti\u00f3n han permitido acelerar el funcionamiento del Servicio, se requiere reforzar significativamente las capacidades de la SMA para responder oportuna y eficazmente al volumen de denuncias pendientes de tramitaci\u00f3n y a la mayor demanda por la protecci\u00f3n ambiental que se espera en los siguientes a\u00f1os.<\/p>\n<p>En este sentido, la autoridad puso especial \u00e9nfasis en \u201cla asignaci\u00f3n de recursos en fiscalizaci\u00f3n y sanci\u00f3n ambiental del pa\u00eds, la que dista de ser suficiente para cubrir oportunamente las denuncias que recibimos. Esto se agrava cuando se reconoce que el presupuesto de los servicios sectoriales que apoyan a la SMA se ha visto tambi\u00e9n reducido en la \u00faltima d\u00e9cada, en un 75% en este \u00edtem.<\/p>\n<p>Acceda a la sesi\u00f3n especial a trav\u00e9s del siguiente link:<\/p>\n<div class=\"video-shortcode\"><iframe title=\"Comisi\u00f3n de Medio Ambiente y Bienes Nacionales - 07 de Junio 2021\" width=\"1100\" height=\"619\" src=\"https:\/\/www.youtube.com\/embed\/Zd-Jxq8uCl0?feature=oembed\" frameborder=\"0\" allow=\"accelerometer; autoplay; clipboard-write; encrypted-media; gyroscope; picture-in-picture\" allowfullscreen><\/iframe><\/div>\n<p>&nbsp;<\/p>\n<p>&nbsp;<\/p>\n","protected":false},"excerpt":{"rendered":"<p>La autoridad ambiental -ante la Comisi\u00f3n de Medio Ambiente y Bienes Nacionales del Senado- sostuvo que la implementaci\u00f3n del Programa de Gesti\u00f3n por este concepto ha sido clave para reducir los tiempos de respuesta a la ciudadan\u00eda. Esto gracias a una mejora de datos, enfoque territorial, optimizaci\u00f3n de procesos, acceso a la informaci\u00f3n, priorizaci\u00f3n, seguimiento y <a href=\"https:\/\/portal.sma.gob.cl\/index.php\/cristobal-de-la-maza-afirmo-la-sma-esta-revirtiendo-una-tendencia-historica-en-la-gestion-de-denuncias\/\">Leer m\u00e1s<\/a><\/p>\n","protected":false},"author":3,"featured_media":22664,"comment_status":"open","ping_status":"open","sticky":false,"template":"","format":"standard","meta":{"footnotes":""},"categories":[90,107],"tags":[],"class_list":["post-22665","post","type-post","status-publish","format-standard","has-post-thumbnail","hentry","category-comunicados-noticias","category-destacado"],"_links":{"self":[{"href":"https:\/\/portal.sma.gob.cl\/index.php\/wp-json\/wp\/v2\/posts\/22665","targetHints":{"allow":["GET"]}}],"collection":[{"href":"https:\/\/portal.sma.gob.cl\/index.php\/wp-json\/wp\/v2\/posts"}],"about":[{"href":"https:\/\/portal.sma.gob.cl\/index.php\/wp-json\/wp\/v2\/types\/post"}],"author":[{"embeddable":true,"href":"https:\/\/portal.sma.gob.cl\/index.php\/wp-json\/wp\/v2\/users\/3"}],"replies":[{"embeddable":true,"href":"https:\/\/portal.sma.gob.cl\/index.php\/wp-json\/wp\/v2\/comments?post=22665"}],"version-history":[{"count":1,"href":"https:\/\/portal.sma.gob.cl\/index.php\/wp-json\/wp\/v2\/posts\/22665\/revisions"}],"predecessor-version":[{"id":22666,"href":"https:\/\/portal.sma.gob.cl\/index.php\/wp-json\/wp\/v2\/posts\/22665\/revisions\/22666"}],"wp:featuredmedia":[{"embeddable":true,"href":"https:\/\/portal.sma.gob.cl\/index.php\/wp-json\/wp\/v2\/media\/22664"}],"wp:attachment":[{"href":"https:\/\/portal.sma.gob.cl\/index.php\/wp-json\/wp\/v2\/media?parent=22665"}],"wp:term":[{"taxonomy":"category","embeddable":true,"href":"https:\/\/portal.sma.gob.cl\/index.php\/wp-json\/wp\/v2\/categories?post=22665"},{"taxonomy":"post_tag","embeddable":true,"href":"https:\/\/portal.sma.gob.cl\/index.php\/wp-json\/wp\/v2\/tags?post=22665"}],"curies":[{"name":"wp","href":"https:\/\/api.w.org\/{rel}","templated":true}]}}