{"id":22669,"date":"2021-06-14T13:09:04","date_gmt":"2021-06-14T17:09:04","guid":{"rendered":"https:\/\/portal.sma.gob.cl\/?p=22669"},"modified":"2021-06-14T13:09:04","modified_gmt":"2021-06-14T17:09:04","slug":"en-catemu-vregion-superintendencia-del-medio-ambiente-notifica-a-sociedad-de-exploracion-y-desarrollo-minero-por-10-cargos","status":"publish","type":"post","link":"https:\/\/portal.sma.gob.cl\/index.php\/en-catemu-vregion-superintendencia-del-medio-ambiente-notifica-a-sociedad-de-exploracion-y-desarrollo-minero-por-10-cargos\/","title":{"rendered":"En Catemu, V\u00b0Regi\u00f3n: Superintendencia del Medio Ambiente Notifica a Sociedad de Exploraci\u00f3n y Desarrollo Minero por 10 Cargos"},"content":{"rendered":"<p><strong>El titular del proyecto corresponde a Mina Uva, localizado en la comuna de Catemu, zona declarada recientemente como \u201clatente por di\u00f3xido de azufre\u201d y que desarrolla sus actividades al interior del Sitio Prioritario de Conservaci\u00f3n Cordillera El Mel\u00f3n, establecido como tal en la Estrategia Nacional de Biodiversidad (2003).<\/strong><\/p>\n<p><strong>Valpara\u00edso, 14 de mayo de 2021.-<\/strong> La Superintendencia del Medio Ambiente (SMA) formul\u00f3 10 cargos a &#8220;<strong>Sociedad de Exploraci\u00f3n y Desarrollo Minero&#8221; (Explodesa)<\/strong>, titular del proyecto <strong>\u201cMina Uva\u201d<\/strong>, localizada en la comuna de Catemu- zona declarada latente por di\u00f3xido de azufre-, al interior del <strong>Sitio Prioritario de Conservaci\u00f3n Cordillera El Mel\u00f3n, establecido as\u00ed en la Estrategia Nacional de Biodiversidad (2003).<\/strong><\/p>\n<p>Crist\u00f3bal De La Maza, Superintendente del Medio Ambiente indic\u00f3 que \u201cse trata de 5 infracciones Graves y 5 Leves, en materias relacionadas con faltas al deber de informar contingencias ambientales, realizaci\u00f3n de tronaduras fuera de los m\u00e1rgenes autorizados por su Resoluci\u00f3n de Calificaci\u00f3n Ambiental (RCA), construir obras hidr\u00e1ulicas y falta de monitoreo de aguas subterr\u00e1neas\u201d.<\/p>\n<p>A su vez- continu\u00f3 De La Maza, se detectaron obras en zonas no autorizadas en su permiso ambiental, con afectaci\u00f3n al bosque nativo y, espec\u00edficamente, ejemplares en estado de protecci\u00f3n. Es importante recordar que esta zona fue declarada como saturada por material particulado y de latencia por di\u00f3xido de azufre, precis\u00f3.<\/p>\n<p>Cabe destacar que este proceso sancionatorio se realiz\u00f3 en virtud de una serie de denuncias recibidas por la Superintendencia del Medio Ambiente entre el 2017 y 2018, las que dieron origen a diversas actividades de inspecci\u00f3n ambiental en conjunto con otros organismos del Estado como SERNAGEOMIN y CONAF, entre otros, constat\u00e1ndose la situaci\u00f3n de riesgo generada y mantenida en las faenas de Mina Uva al momento de aquellas fiscalizaciones. Producto de lo anterior, en agosto de 2018, se ordenaron Medidas Provisionales para el titular por 15 d\u00edas h\u00e1biles, las que fueron fiscalizadas posteriormente, a trav\u00e9s de un examen de informaci\u00f3n realizado por la Superintendencia.<\/p>\n<p>La <strong>Mina Uva<\/strong> corresponde a un yacimiento de cobre soluble de baja ley, con reservas de cobre de aproximadamente 990.000 toneladas, que cuenta con seis Resoluciones de Calificaci\u00f3n Ambiental, sin embargo y despu\u00e9s de analizar todos los antecedentes de la investigaci\u00f3n, se pudo constatar hallazgos ambientales de relevancia que est\u00e1n descritos en los Informes de Fiscalizaci\u00f3n (IFA) de cada una de las inspecciones.<\/p>\n<p>Respecto de las infracciones las infracciones <strong>Graves<\/strong>, la Ley Org\u00e1nica de la SMA (LOSMA) se\u00f1ala que el titular podr\u00e1 ser objeto de Revocaci\u00f3n de la RCA, Clausura o Multa de hasta 5 mil Unidades Tributarias Anuales (UTA). Asimismo, en el caso de las infracciones <strong>Leves<\/strong>, la empresa arriesga una Amonestaci\u00f3n por Escrito o Multa de una hasta 1.000 UTA.<\/p>\n<p>Por \u00faltimo, <strong>\u201cSociedad de Exploraci\u00f3n y Desarrollo Minero\u201d<\/strong> cuenta con un plazo de 10 d\u00edas h\u00e1biles para presentar un <strong>Programa de Cumplimiento<\/strong> y de 15 d\u00edas h\u00e1biles para formular sus <strong>Descargos<\/strong>, ambos plazos contados desde la notificaci\u00f3n.<\/p>\n<p>Para mayor detalle, acceder a la informaci\u00f3n de la formulaci\u00f3n de cargos en el Sistema Nacional de Informaci\u00f3n de Fiscalizaci\u00f3n Ambiental (SNIFA):<\/p>\n<p>https:\/\/snifa.sma.gob.cl\/Sancionatorio\/Ficha\/2606<\/p>\n","protected":false},"excerpt":{"rendered":"<p>El titular del proyecto corresponde a Mina Uva, localizado en la comuna de Catemu, zona declarada recientemente como \u201clatente por di\u00f3xido de azufre\u201d y que desarrolla sus actividades al interior del Sitio Prioritario de Conservaci\u00f3n Cordillera El Mel\u00f3n, establecido como tal en la Estrategia Nacional de Biodiversidad (2003). Valpara\u00edso, 14 de mayo de 2021.- La Superintendencia <a href=\"https:\/\/portal.sma.gob.cl\/index.php\/en-catemu-vregion-superintendencia-del-medio-ambiente-notifica-a-sociedad-de-exploracion-y-desarrollo-minero-por-10-cargos\/\">Leer m\u00e1s<\/a><\/p>\n","protected":false},"author":3,"featured_media":22667,"comment_status":"open","ping_status":"open","sticky":false,"template":"","format":"standard","meta":{"footnotes":""},"categories":[90,107],"tags":[],"class_list":["post-22669","post","type-post","status-publish","format-standard","has-post-thumbnail","hentry","category-comunicados-noticias","category-destacado"],"_links":{"self":[{"href":"https:\/\/portal.sma.gob.cl\/index.php\/wp-json\/wp\/v2\/posts\/22669","targetHints":{"allow":["GET"]}}],"collection":[{"href":"https:\/\/portal.sma.gob.cl\/index.php\/wp-json\/wp\/v2\/posts"}],"about":[{"href":"https:\/\/portal.sma.gob.cl\/index.php\/wp-json\/wp\/v2\/types\/post"}],"author":[{"embeddable":true,"href":"https:\/\/portal.sma.gob.cl\/index.php\/wp-json\/wp\/v2\/users\/3"}],"replies":[{"embeddable":true,"href":"https:\/\/portal.sma.gob.cl\/index.php\/wp-json\/wp\/v2\/comments?post=22669"}],"version-history":[{"count":1,"href":"https:\/\/portal.sma.gob.cl\/index.php\/wp-json\/wp\/v2\/posts\/22669\/revisions"}],"predecessor-version":[{"id":22670,"href":"https:\/\/portal.sma.gob.cl\/index.php\/wp-json\/wp\/v2\/posts\/22669\/revisions\/22670"}],"wp:featuredmedia":[{"embeddable":true,"href":"https:\/\/portal.sma.gob.cl\/index.php\/wp-json\/wp\/v2\/media\/22667"}],"wp:attachment":[{"href":"https:\/\/portal.sma.gob.cl\/index.php\/wp-json\/wp\/v2\/media?parent=22669"}],"wp:term":[{"taxonomy":"category","embeddable":true,"href":"https:\/\/portal.sma.gob.cl\/index.php\/wp-json\/wp\/v2\/categories?post=22669"},{"taxonomy":"post_tag","embeddable":true,"href":"https:\/\/portal.sma.gob.cl\/index.php\/wp-json\/wp\/v2\/tags?post=22669"}],"curies":[{"name":"wp","href":"https:\/\/api.w.org\/{rel}","templated":true}]}}