{"id":22678,"date":"2021-06-23T13:01:42","date_gmt":"2021-06-23T17:01:42","guid":{"rendered":"https:\/\/portal.sma.gob.cl\/?p=22678"},"modified":"2021-06-23T15:19:09","modified_gmt":"2021-06-23T19:19:09","slug":"sma-ordeno-medidas-provisionales-pre-procedimentales-a-relleno-sanitario-la-laja","status":"publish","type":"post","link":"https:\/\/portal.sma.gob.cl\/index.php\/sma-ordeno-medidas-provisionales-pre-procedimentales-a-relleno-sanitario-la-laja\/","title":{"rendered":"SMA Orden\u00f3 Medidas Provisionales Pre Procedimentales a Relleno Sanitario La Laja"},"content":{"rendered":"<p><strong>Tras un importante n\u00famero de denuncias ciudadanas por malos olores, la Superintendencia del Medio Ambiente fiscaliz\u00f3 la instalaci\u00f3n y ejecut\u00f3 patrullajes en las cercan\u00edas, que dieron paso a la instalaci\u00f3n de un dispositivo de monitoreo continuo de olores.<\/strong><\/p>\n<p><strong>Puerto Varas, 23 de junio de 2021.-<\/strong> La Superintendencia del Medio Ambiente (SMA) orden\u00f3 <strong>Medidas Provisionales Pre Procedimentales<\/strong> -por 15 d\u00edas h\u00e1biles- a la<strong> Ilustre Municipalidad de Puerto Varas<\/strong>, titular del <strong>\u201cRelleno Sanitario La Laja\u201d<\/strong>, ubicado en Sector La Laja, Km 1012, Ruta 5 Sur de la misma comuna, luego de constatar una serie de episodios de malos olores en las cercan\u00edas al relleno y que estar\u00edan afectando a los habitantes de esa zona.<\/p>\n<p>En las fiscalizaciones realizadas tras las denuncias, se constat\u00f3 las deficientes condiciones de operaci\u00f3n del sitio de disposici\u00f3n final de residuos s\u00f3lidos domiciliarios, pues cuenta con 39 chimeneas, de las cuales s\u00f3lo 21 son las que queman el biog\u00e1s que se encuentra generando el alv\u00e9olo o sector 1.<\/p>\n<p>Asimismo, debido a los patrullajes e inspecciones ambientales realizadas en el sector y como una manera de mantener una vigilancia permanente del relleno, la Oficina Regional de la SMA Los Lagos, instal\u00f3 un equipo de medici\u00f3n de gases, en una de las casas de los denunciantes. A esta acci\u00f3n se sumar\u00e1n otros equipos, los cuales ser\u00e1n instalados progresivamente.<\/p>\n<p>Al respecto, el Superintendente del Medio Ambiente, Crist\u00f3bal De La Maza se\u00f1al\u00f3 que \u201che ordenado medidas provisionales a la Municipalidad de Puerto Varas, respecto de su Relleno Sanitario, a ra\u00edz de la gran cantidad de denuncias ciudadanas recibidas en el \u00faltimo tiempo, lo que permiti\u00f3 que a trav\u00e9s de fiscalizaciones y coordinaciones con la SEREMI de Salud, el venteo y quema del biog\u00e1s, estar\u00edan generando emisiones atmosf\u00e9ricas que podr\u00edan ser riesgosas para la salud de la poblaci\u00f3n\u201d, enfatiz\u00f3 la autoridad.<\/p>\n<p>En relaci\u00f3n con estos episodios, la Superintendencia orden\u00f3 medidas provisionales de car\u00e1cter pre procedimental para que la Municipalidad de Puerto Varas las ejecute en un plazo de 15 d\u00edas h\u00e1biles. \u00c9stas dicen relaci\u00f3n con: <strong>ejecutar un monitoreo de olores en los puntos indicados por la Seremi de Salud Los Lagos<\/strong> tras informe elaborado el 01 de junio de 2021 y reportar sus resultados. Estas mediciones deber\u00e1n ser realizadas en condiciones desfavorables de ventilaci\u00f3n, incluyendo inversi\u00f3n t\u00e9rmica.<\/p>\n<p>Como segunda medida, el titular debe <strong>desarrollar un estudio y an\u00e1lisis para determinar la caracterizaci\u00f3n de los residuos y del biog\u00e1s que se produce en el relleno sanitario<\/strong>, que incorpore pruebas de bombeo en las chimeneas existentes y eficiencia de \u00e9stas, adem\u00e1s de incluir evaluaci\u00f3n de costos y recomendaciones.<\/p>\n<p>Por \u00faltimo, el estudio antes mencionado debe considerar un Plan de Monitoreo de Biog\u00e1s dos veces al a\u00f1o, incorporando la ubicaci\u00f3n de los puntos y la frecuencia de monitoreo como lo indica la Resoluci\u00f3n Sanitaria N\u00b0380, de fecha 11 de febrero de 2016, as\u00ed como tambi\u00e9n, la implementaci\u00f3n del manejo y quema del biog\u00e1s en antorcha principal y biofiltro, adem\u00e1s de las mantenciones peri\u00f3dicas de \u00e9stos.<\/p>\n<p>Para mayor detalle, acceder a la informaci\u00f3n de este caso en el Sistema Nacional de Informaci\u00f3n de Fiscalizaci\u00f3n Ambiental (SNIFA):<\/p>\n<p>https:\/\/snifa.sma.gob.cl\/MedidaProvisional\/Ficha\/281<\/p>\n","protected":false},"excerpt":{"rendered":"<p>Tras un importante n\u00famero de denuncias ciudadanas por malos olores, la Superintendencia del Medio Ambiente fiscaliz\u00f3 la instalaci\u00f3n y ejecut\u00f3 patrullajes en las cercan\u00edas, que dieron paso a la instalaci\u00f3n de un dispositivo de monitoreo continuo de olores. Puerto Varas, 23 de junio de 2021.- La Superintendencia del Medio Ambiente (SMA) orden\u00f3 Medidas Provisionales Pre Procedimentales <a href=\"https:\/\/portal.sma.gob.cl\/index.php\/sma-ordeno-medidas-provisionales-pre-procedimentales-a-relleno-sanitario-la-laja\/\">Leer m\u00e1s<\/a><\/p>\n","protected":false},"author":3,"featured_media":22681,"comment_status":"open","ping_status":"open","sticky":false,"template":"","format":"standard","meta":{"footnotes":""},"categories":[90,107],"tags":[],"class_list":["post-22678","post","type-post","status-publish","format-standard","has-post-thumbnail","hentry","category-comunicados-noticias","category-destacado"],"_links":{"self":[{"href":"https:\/\/portal.sma.gob.cl\/index.php\/wp-json\/wp\/v2\/posts\/22678","targetHints":{"allow":["GET"]}}],"collection":[{"href":"https:\/\/portal.sma.gob.cl\/index.php\/wp-json\/wp\/v2\/posts"}],"about":[{"href":"https:\/\/portal.sma.gob.cl\/index.php\/wp-json\/wp\/v2\/types\/post"}],"author":[{"embeddable":true,"href":"https:\/\/portal.sma.gob.cl\/index.php\/wp-json\/wp\/v2\/users\/3"}],"replies":[{"embeddable":true,"href":"https:\/\/portal.sma.gob.cl\/index.php\/wp-json\/wp\/v2\/comments?post=22678"}],"version-history":[{"count":7,"href":"https:\/\/portal.sma.gob.cl\/index.php\/wp-json\/wp\/v2\/posts\/22678\/revisions"}],"predecessor-version":[{"id":22687,"href":"https:\/\/portal.sma.gob.cl\/index.php\/wp-json\/wp\/v2\/posts\/22678\/revisions\/22687"}],"wp:featuredmedia":[{"embeddable":true,"href":"https:\/\/portal.sma.gob.cl\/index.php\/wp-json\/wp\/v2\/media\/22681"}],"wp:attachment":[{"href":"https:\/\/portal.sma.gob.cl\/index.php\/wp-json\/wp\/v2\/media?parent=22678"}],"wp:term":[{"taxonomy":"category","embeddable":true,"href":"https:\/\/portal.sma.gob.cl\/index.php\/wp-json\/wp\/v2\/categories?post=22678"},{"taxonomy":"post_tag","embeddable":true,"href":"https:\/\/portal.sma.gob.cl\/index.php\/wp-json\/wp\/v2\/tags?post=22678"}],"curies":[{"name":"wp","href":"https:\/\/api.w.org\/{rel}","templated":true}]}}