{"id":22700,"date":"2021-07-01T12:09:38","date_gmt":"2021-07-01T16:09:38","guid":{"rendered":"https:\/\/portal.sma.gob.cl\/?p=22700"},"modified":"2021-07-01T12:09:38","modified_gmt":"2021-07-01T16:09:38","slug":"superintendencia-del-medio-ambiente-notifico-por-cargos-graves-a-aconser-mocopulli","status":"publish","type":"post","link":"https:\/\/portal.sma.gob.cl\/index.php\/superintendencia-del-medio-ambiente-notifico-por-cargos-graves-a-aconser-mocopulli\/","title":{"rendered":"Superintendencia del Medio Ambiente Notific\u00f3 por Cargos Graves a ACONSER \u201cMocopulli\u201d"},"content":{"rendered":"<p><strong>Se trata de cargos Graves por operar las instalaciones del vertedero sin contar con una Resoluci\u00f3n de Calificaci\u00f3n Ambiental (RCA) que lo autorice, realizando consideraciones al proyecto original, y por no cumplir el Requerimiento de Ingreso al SEIA, ordenado por la SMA, en marzo de 2020.<\/strong><\/p>\n<p><strong>Los Lagos, 01 de julio de 2021.-<\/strong> La Superintendencia del Medio Ambiente (SMA) formul\u00f3 2 cargos Graves a <strong>\u201cACONSER Residuos SpA\u201d<\/strong>, titular del proyecto <strong>\u201cACONSER Mocopulli Ex Najar\u201d<\/strong>, vertedero industrial emplazado en comuna de Dalcahue, Provincia de Chilo\u00e9, por operar sus instalaciones sin contar con RCA, realizando modificaciones al proyecto original y por no cumplir el Requerimiento de Ingreso al SEIA por parte de la SMA.<\/p>\n<p>El primer cargo imputado es por <strong>mantener la operaci\u00f3n del vertedero cuyas modificaciones constituyen sistemas de disposici\u00f3n de residuos industriales s\u00f3lidos con una capacidad igual o mayor a treinta toneladas d\u00eda (30 t\/d\u00eda) de tratamiento o igual o superior a cincuenta toneladas (50 t) de disposici\u00f3n sin contar con RCA.<\/strong><\/p>\n<p>Respecto del segundo cargo, se trata de <strong>incumplimiento al Requerimiento de Ingreso al SEIA realizado por la Superintendencia, en marzo de 2020.<\/strong><\/p>\n<p>Seg\u00fan explic\u00f3 el Superintendente del Medio Ambiente, Crist\u00f3bal De La Maza, \u201cesta formulaci\u00f3n de cargos se enmarca en la <strong>Estrategia Territorial de la SMA<\/strong>, la cual contempla entre otros territorios a <strong>Chilo\u00e9,<\/strong> priorizando fiscalizaciones y acciones correctivas tanto a instalaciones industriales y domiciliarias, que cuentan con Resoluci\u00f3n de Calificaci\u00f3n Ambiental, as\u00ed como aquellas que no\u201d, se\u00f1al\u00f3.<\/p>\n<p>La Superintendencia del Medio Ambiente \u2013continu\u00f3 De La Maza-, identific\u00f3 14 <strong>Sitios de Disposici\u00f3n Final de Residuos<\/strong> en la zona de Chilo\u00e9 considerados relevantes \u2013 cuatro de ellos industriales- los que desde finales de 2020, hemos fiscalizado la totalidad de \u00e9stos, iniciando procedimientos sancionatorios a sitios como \u201cVertedero Industrial Dicham\u201d, \u201cVertedero Municipal de Castro\u201d, \u201cRelleno Sanitario Puntra\u201d, \u201cRelleno Industrial Corcovado\u201d, entre otros.<\/p>\n<p>Tambi\u00e9n, como SMA hemos requerido el ingreso al SEIA de otras unidades fiscalizables como el \u201cVertedero Industrial Resiter\u201d, \u201cRelleno Puntra\u201d, al \u201cVertedero Municipal de Quell\u00f3n\u201d y al mismo \u201cACONSER\u201d en su momento. Asimismo, la mayor\u00eda de estos procesos se han complementado una serie de Medidas Provisionales ordenadas por esta Superintendencia para controlar el riesgo ambiental asociado a la operaci\u00f3n de estos sitios, como las recientemente actualizadas al \u201cRelleno Puntra\u201d, se\u00f1al\u00f3 la autoridad.<\/p>\n<p>Ac\u00e1 informaci\u00f3n m\u00e1s detallada: (https:\/\/snifa.sma.gob.cl\/MedidaProvisional\/Ficha\/284)<\/p>\n<p><strong>Antecedentes Generales<\/strong><\/p>\n<p>Es importante precisar que el proyecto original \u201cSociedad Najar\u201d, fue modificado al actualmente \u201cVertedero ACONSER Mocopulli\u201d y tras una inspecci\u00f3n realizada por funcionarios de la SEREMI de Salud Los Lagos, \u00e9sta prohibi\u00f3 el funcionamiento a la totalidad del vertedero, en junio de 2019, por existir un riesgo inminente al medio ambiente y salud de las personas.<\/p>\n<p>Lo anterior, fundado en la existencia de un nuevo pozo sin contar con autorizaci\u00f3n de construcci\u00f3n ni tampoco haber dado cumplimiento a la Res. N\u00b0 840\/2017 que indicaba un <strong>Plan de Adecuaci\u00f3n<\/strong> del vertedero por parte del titular; existir un pozo en proceso de cierre sin sellos con material de cobertura acopiado a un costado, cierre perimetral roto y\/o discontinuo.<\/p>\n<p>Asimismo, se verific\u00f3 otro pozo con capacidad ocupada al m\u00e1ximo y sin canales perimetrales de aguas lluvias, ni control de plagas ni autorizaciones de funcionamiento, seg\u00fan indic\u00f3 la autoridad sanitaria, y desconociendo las caracter\u00edsticas de los residuos dispuestos en ellos.<\/p>\n<p>A ra\u00edz de la denuncia ingresada por la Seremi de Salud Los Lagos, funcionarios de la SMA realizaron una fiscalizaci\u00f3n en junio de 2019, con el objeto de verificar una eventual hip\u00f3tesis de elusi\u00f3n.<br \/>\nEn el momento de la inspecci\u00f3n, se verific\u00f3 que la unidad fiscalizable no se encontraba operando debido a la prohibici\u00f3n de funcionamiento emitida por la SEREMI de Salud, anteriormente referenciada. Tras dicha fiscalizaci\u00f3n se pudieron constatar los hallazgos de relevancia ambiental que fundamentan esta formulaci\u00f3n de cargos.<\/p>\n<p>Los dos cargos fueron clasificados como <strong>Graves<\/strong>, por lo que la empresa podr\u00eda ser objeto de una Multa de hasta 5.000 Unidades Tributarias (UTA) por cada infracci\u00f3n o Clausura del Proyecto.<\/p>\n<p>Cabe destacar que <strong>\u201cACONSER Residuos SpA\u201d<\/strong> tendr\u00e1 un plazo de 10 d\u00edas h\u00e1biles para presentar un<strong> Programa de Cumplimiento<\/strong> y de 15 d\u00edas h\u00e1biles para formular sus <strong>Descargos<\/strong>.<\/p>\n<p>Para m\u00e1s detalles, puede acceder a informaci\u00f3n completa de este caso en el Sistema Nacional de Informaci\u00f3n de Fiscalizaci\u00f3n Ambiental (SNIFA):<\/p>\n<p>https:\/\/snifa.sma.gob.cl\/Sancionatorio\/Ficha\/2620<\/p>\n","protected":false},"excerpt":{"rendered":"<p>Se trata de cargos Graves por operar las instalaciones del vertedero sin contar con una Resoluci\u00f3n de Calificaci\u00f3n Ambiental (RCA) que lo autorice, realizando consideraciones al proyecto original, y por no cumplir el Requerimiento de Ingreso al SEIA, ordenado por la SMA, en marzo de 2020. Los Lagos, 01 de julio de 2021.- La Superintendencia del <a href=\"https:\/\/portal.sma.gob.cl\/index.php\/superintendencia-del-medio-ambiente-notifico-por-cargos-graves-a-aconser-mocopulli\/\">Leer m\u00e1s<\/a><\/p>\n","protected":false},"author":3,"featured_media":22698,"comment_status":"open","ping_status":"open","sticky":false,"template":"","format":"standard","meta":{"footnotes":""},"categories":[90,107],"tags":[],"class_list":["post-22700","post","type-post","status-publish","format-standard","has-post-thumbnail","hentry","category-comunicados-noticias","category-destacado"],"_links":{"self":[{"href":"https:\/\/portal.sma.gob.cl\/index.php\/wp-json\/wp\/v2\/posts\/22700","targetHints":{"allow":["GET"]}}],"collection":[{"href":"https:\/\/portal.sma.gob.cl\/index.php\/wp-json\/wp\/v2\/posts"}],"about":[{"href":"https:\/\/portal.sma.gob.cl\/index.php\/wp-json\/wp\/v2\/types\/post"}],"author":[{"embeddable":true,"href":"https:\/\/portal.sma.gob.cl\/index.php\/wp-json\/wp\/v2\/users\/3"}],"replies":[{"embeddable":true,"href":"https:\/\/portal.sma.gob.cl\/index.php\/wp-json\/wp\/v2\/comments?post=22700"}],"version-history":[{"count":1,"href":"https:\/\/portal.sma.gob.cl\/index.php\/wp-json\/wp\/v2\/posts\/22700\/revisions"}],"predecessor-version":[{"id":22701,"href":"https:\/\/portal.sma.gob.cl\/index.php\/wp-json\/wp\/v2\/posts\/22700\/revisions\/22701"}],"wp:featuredmedia":[{"embeddable":true,"href":"https:\/\/portal.sma.gob.cl\/index.php\/wp-json\/wp\/v2\/media\/22698"}],"wp:attachment":[{"href":"https:\/\/portal.sma.gob.cl\/index.php\/wp-json\/wp\/v2\/media?parent=22700"}],"wp:term":[{"taxonomy":"category","embeddable":true,"href":"https:\/\/portal.sma.gob.cl\/index.php\/wp-json\/wp\/v2\/categories?post=22700"},{"taxonomy":"post_tag","embeddable":true,"href":"https:\/\/portal.sma.gob.cl\/index.php\/wp-json\/wp\/v2\/tags?post=22700"}],"curies":[{"name":"wp","href":"https:\/\/api.w.org\/{rel}","templated":true}]}}