{"id":22775,"date":"2021-08-13T10:04:52","date_gmt":"2021-08-13T14:04:52","guid":{"rendered":"https:\/\/portal.sma.gob.cl\/?p=22775"},"modified":"2021-08-13T10:04:52","modified_gmt":"2021-08-13T14:04:52","slug":"sma-ordeno-medidas-provisionales-pre-procedimentales-a-eletrans-ii-s-a-2","status":"publish","type":"post","link":"https:\/\/portal.sma.gob.cl\/index.php\/sma-ordeno-medidas-provisionales-pre-procedimentales-a-eletrans-ii-s-a-2\/","title":{"rendered":"SMA Orden\u00f3 Medidas Provisionales Pre-Procedimentales a Eletrans II S.A."},"content":{"rendered":"<p><strong>Tras una serie de denuncias recibidas a trav\u00e9s del Portal Ciudadano de Denuncias de la SMA<\/strong><strong>, <\/strong><a href=\"https:\/\/denuncia.sma.gob.cl\/\"><strong>https:\/\/denuncia.sma.gob.cl\/<\/strong><\/a><strong> por parte de vecinos del sector de Culipr\u00e1n<\/strong><strong> -comuna de Melipilla- respecto a <\/strong><strong>vuelos con helic\u00f3pteros, los que contin\u00faan<\/strong><strong> realiz\u00e1ndose con mayor frecuencia, por generaci\u00f3n de residuos en \u00e1reas de emplazamiento de estructuras met\u00e1licas, entre otros incumplimientos ambiental en que ha incurrido el titular.<\/strong><\/p>\n<p><strong>Santiago, 13 de agosto de 2021.- <\/strong>El Superintendente del Medio Ambiente, Crist\u00f3bal De La Maza orden\u00f3 Medidas Provisionales de car\u00e1cter Pre Procedimental (MPP) -por 15 d\u00edas h\u00e1biles-, a <strong>Eletrans II S.A<\/strong>., respecto de la unidad fiscalizable (UF) <strong>\u201cL\u00ednea de Transmisi\u00f3n Lo Aguirre &#8211; Alto Melipilla y Alto Melipilla &#8211; Rapel&#8221;, <\/strong>por el permanente uso de helic\u00f3pteros durante la etapa de construcci\u00f3n del proyecto, en el sector de Agua Santa, Culipr\u00e1n, y generaci\u00f3n de residuos en \u00e1reas de emplazamiento de estructuras met\u00e1licas, lo que estar\u00eda generando riesgo a la salud y calidad de vida de los habitantes del sector.<\/p>\n<p>El proyecto, que se emplaza en la Regi\u00f3n Metropolitana (comunas de Pudahuel, Curacav\u00ed, Melipilla y San Pedro) y en la Regi\u00f3n del Libertador Bernardo O\u2019Higgins (comuna de Litueche), consiste en la construcci\u00f3n y explotaci\u00f3n de una l\u00ednea de transmisi\u00f3n el\u00e9ctrica de alta tensi\u00f3n (LAT) que considera la construcci\u00f3n de 365 estructuras para los tramos norte y sur (169 para el norte y 196 para el sur), adem\u00e1s de 7 nuevas estructuras que corresponden al Tap Off, (conexi\u00f3n simple desde una l\u00ednea el\u00e9ctrica para retiro o suministro de energ\u00eda) por lo que en total se contabilizan 372 estructuras, de las cuales 201 se emplazar\u00e1n en la comuna de Melipilla.<\/p>\n<p>Seg\u00fan explic\u00f3 De La Maza, \u201ctras las denuncias recibidas en nuestro <strong>Portal de Denuncias Ciudadanas Online<\/strong> y conforme a todos los antecedentes obtenidos en la investigaci\u00f3n, podr\u00edamos se\u00f1alar que nos enfrentamos a una posible afectaci\u00f3n a la salud de quienes residen en el sector de Culipr\u00e1n como pudieran ser nerviosismo, estr\u00e9s y ansiedad, as\u00ed como todas las problem\u00e1ticas de salud asociadas al ruido\u201d.<\/p>\n<p>A\u00f1adi\u00f3 que -incluso- los vecinos del sector denuncian tambi\u00e9n la percepci\u00f3n respecto a la posibilidad de que ocurra alg\u00fan accidente asociado a la ca\u00edda de materiales sobre sus viviendas y la dificultad del desarrollo de clases online para los escolares, indic\u00f3 De La Maza.<\/p>\n<p>Otro antecedente para considerar en la exigencia de estas acciones que debe comprometer el titular dice relaci\u00f3n con la acumulaci\u00f3n de residuos compuestos principalmente por botellas pl\u00e1sticas, restos de envases de plumavit y de maderas quemadas, las que podr\u00edan generar focos de incendios en la zona.<\/p>\n<p>En tanto, las medidas ordenadas por la SMA dicen relaci\u00f3n con <strong>suspender los vuelos en el marco de la construcci\u00f3n de torres en la zona Agua Santa del sector de Culipr\u00e1n<\/strong>, considerando que existe un riesgo de afectaci\u00f3n a la salud a la poblaci\u00f3n y a que la zona es de valor ambiental.<\/p>\n<p>El medio de verificaci\u00f3n que debe presentar el titular es un Reporte Semanal de registro de suspensi\u00f3n de vuelos en el sector, correspondiente a un documento interno de la empresa que deber\u00e1 incluir planes de vuelo, instrucciones a contratista u otro id\u00f3neo.<\/p>\n<p>Asimismo, deber\u00e1 <strong>enviar Registro Semanal de acciones de limpieza<\/strong> del sector de cada una de las torres habilitadas en el sector mencionado, en particular de las torres 163 a la 145 del tramo sur del proyecto.<\/p>\n<p>El plazo de ejecuci\u00f3n para realizar estas acciones es de 15 d\u00edas h\u00e1biles contados desde la notificaci\u00f3n a la empresa. Y los medios de verificaci\u00f3n que deber\u00e1 adjuntar son fotograf\u00edas fechadas y georreferenciadas, adem\u00e1s de descripci\u00f3n de acciones de limpieza efectuadas.<\/p>\n<p>Por \u00faltimo, el titular deber\u00e1 presentar un <strong>Reporte Consolidado de Cumplimiento<\/strong> de las medidas, dentro de los 05 d\u00edas h\u00e1biles siguientes contados desde el vencimiento del plazo de \u00e9stas.<\/p>\n<p>Para mayor detalle, acceder a la formulaci\u00f3n de cargos en el Sistema Nacional de Informaci\u00f3n de Fiscalizaci\u00f3n Ambiental (SNIFA):<\/p>\n<p><a href=\"https:\/\/snifa.sma.gob.cl\/MedidaProvisional\/Ficha\/293\">https:\/\/snifa.sma.gob.cl\/MedidaProvisional\/Ficha\/293<\/a><\/p>\n","protected":false},"excerpt":{"rendered":"<p>Tras una serie de denuncias recibidas a trav\u00e9s del Portal Ciudadano de Denuncias de la SMA, https:\/\/denuncia.sma.gob.cl\/ por parte de vecinos del sector de Culipr\u00e1n -comuna de Melipilla- respecto a vuelos con helic\u00f3pteros, los que contin\u00faan realiz\u00e1ndose con mayor frecuencia, por generaci\u00f3n de residuos en \u00e1reas de emplazamiento de estructuras met\u00e1licas, entre otros incumplimientos ambiental en <a href=\"https:\/\/portal.sma.gob.cl\/index.php\/sma-ordeno-medidas-provisionales-pre-procedimentales-a-eletrans-ii-s-a-2\/\">Leer m\u00e1s<\/a><\/p>\n","protected":false},"author":3,"featured_media":22773,"comment_status":"open","ping_status":"open","sticky":false,"template":"","format":"standard","meta":{"footnotes":""},"categories":[90,107],"tags":[],"class_list":["post-22775","post","type-post","status-publish","format-standard","has-post-thumbnail","hentry","category-comunicados-noticias","category-destacado"],"_links":{"self":[{"href":"https:\/\/portal.sma.gob.cl\/index.php\/wp-json\/wp\/v2\/posts\/22775","targetHints":{"allow":["GET"]}}],"collection":[{"href":"https:\/\/portal.sma.gob.cl\/index.php\/wp-json\/wp\/v2\/posts"}],"about":[{"href":"https:\/\/portal.sma.gob.cl\/index.php\/wp-json\/wp\/v2\/types\/post"}],"author":[{"embeddable":true,"href":"https:\/\/portal.sma.gob.cl\/index.php\/wp-json\/wp\/v2\/users\/3"}],"replies":[{"embeddable":true,"href":"https:\/\/portal.sma.gob.cl\/index.php\/wp-json\/wp\/v2\/comments?post=22775"}],"version-history":[{"count":1,"href":"https:\/\/portal.sma.gob.cl\/index.php\/wp-json\/wp\/v2\/posts\/22775\/revisions"}],"predecessor-version":[{"id":22776,"href":"https:\/\/portal.sma.gob.cl\/index.php\/wp-json\/wp\/v2\/posts\/22775\/revisions\/22776"}],"wp:featuredmedia":[{"embeddable":true,"href":"https:\/\/portal.sma.gob.cl\/index.php\/wp-json\/wp\/v2\/media\/22773"}],"wp:attachment":[{"href":"https:\/\/portal.sma.gob.cl\/index.php\/wp-json\/wp\/v2\/media?parent=22775"}],"wp:term":[{"taxonomy":"category","embeddable":true,"href":"https:\/\/portal.sma.gob.cl\/index.php\/wp-json\/wp\/v2\/categories?post=22775"},{"taxonomy":"post_tag","embeddable":true,"href":"https:\/\/portal.sma.gob.cl\/index.php\/wp-json\/wp\/v2\/tags?post=22775"}],"curies":[{"name":"wp","href":"https:\/\/api.w.org\/{rel}","templated":true}]}}